{"id":11241,"date":"2024-07-05T23:44:59","date_gmt":"2024-07-06T02:44:59","guid":{"rendered":"https:\/\/www.sportchaco.com.ar\/?p=11241"},"modified":"2024-07-05T23:47:21","modified_gmt":"2024-07-06T02:47:21","slug":"11241","status":"publish","type":"post","link":"https:\/\/www.sportchaco.com.ar\/?p=11241","title":{"rendered":"Francia se meti\u00f3 en la semi por los penales"},"content":{"rendered":"<p>&nbsp;<\/p>\n<p><span style=\"color: #000000;\"><strong>En un partido que estuvo para cualquiera, en el que\u00a0<a style=\"color: #000000;\" href=\"https:\/\/www.espn.com.ar\/futbol\/jugador\/_\/id\/231388\/kylian-mbappe\" target=\"_blank\" rel=\"noopener\">Kylian Mbapp\u00e9<\/a>\u00a0y\u00a0<a style=\"color: #000000;\" href=\"https:\/\/www.espn.com.ar\/futbol\/jugador\/_\/id\/22774\/cristiano-ronaldo\" target=\"_blank\" rel=\"noopener\">Cristiano Ronaldo<\/a>\u00a0brillaron por su ausencia,\u00a0<a style=\"color: #000000;\" href=\"https:\/\/www.espn.com.ar\/futbol\/euro\/nota\/_\/id\/13745299\/francia-eurocopa-2024-formacion-grupo-tabla-mbappe-deschamps-fixture-hora-y-tv-en-vivo\" target=\"_blank\" rel=\"noopener\">Francia<\/a>\u00a0elimin\u00f3 por penales a\u00a0<a style=\"color: #000000;\" href=\"https:\/\/www.espn.com.ar\/futbol\/euro\/nota\/_\/id\/13745932\/portugal-eurocopa-2024-formacion-grupo-tabla-ronaldo-martinez-fixture-hora-y-tv-en-vivo\" target=\"_blank\" rel=\"noopener\">Portugal<\/a>\u00a0de la\u00a0<a style=\"color: #000000;\" href=\"https:\/\/www.espn.com.ar\/futbol\/euro\/nota\/_\/id\/13753071\/eurocopa-2024-guia-con-toda-la-informacion\" target=\"_blank\" rel=\"noopener\">Eurocopa 2024<\/a>\u00a0en Hamburgo y clasific\u00f3 a la semifinal, donde enfrentar\u00e1 a\u00a0<a style=\"color: #000000;\" href=\"https:\/\/www.espn.com.ar\/futbol\/euro\/nota\/_\/id\/13851677\/espana-mas-ambiciosa-le-gano-alemania-la-elimino-de-su-eurocopa\" target=\"_blank\" rel=\"noopener\">Espa\u00f1a<\/a><a style=\"color: #000000;\" href=\"https:\/\/www.espn.com.ar\/futbol\/euro\/nota\/_\/id\/13851677\/espana-mas-ambiciosa-le-gano-alemania-la-elimino-de-su-eurocopa\" target=\"_blank\" rel=\"noopener\">, que m\u00e1s temprano baj\u00f3 ag\u00f3nicamente al local Alemania<\/a>. Fuente ESPN<\/strong><\/span><\/p>\n<aside class=\"inline inline-photo full\">\n<figure><picture><source srcset=\"https:\/\/a3.espncdn.com\/combiner\/i?img=%2Fphoto%2F2024%2F0705%2Fr1355013_1296x729_16%2D9.jpg&amp;w=570&amp;format=jpg, https:\/\/a3.espncdn.com\/combiner\/i?img=%2Fphoto%2F2024%2F0705%2Fr1355013_1296x729_16%2D9.jpg&amp;w=1140&amp;cquality=40&amp;format=jpg 2x\" media=\"(min-width: 376px)\" data-srcset=\"https:\/\/a3.espncdn.com\/combiner\/i?img=%2Fphoto%2F2024%2F0705%2Fr1355013_1296x729_16%2D9.jpg&amp;w=570&amp;format=jpg, https:\/\/a3.espncdn.com\/combiner\/i?img=%2Fphoto%2F2024%2F0705%2Fr1355013_1296x729_16%2D9.jpg&amp;w=1140&amp;cquality=40&amp;format=jpg 2x\" \/><source srcset=\"https:\/\/a3.espncdn.com\/combiner\/i?img=%2Fphoto%2F2024%2F0705%2Fr1355013_1296x729_16%2D9.jpg&amp;w=375, https:\/\/a3.espncdn.com\/combiner\/i?img=%2Fphoto%2F2024%2F0705%2Fr1355013_1296x729_16%2D9.jpg&amp;w=750&amp;cquality=40&amp;format=jpg 2x\" media=\"(max-width: 375px)\" data-srcset=\"https:\/\/a3.espncdn.com\/combiner\/i?img=%2Fphoto%2F2024%2F0705%2Fr1355013_1296x729_16%2D9.jpg&amp;w=375, https:\/\/a3.espncdn.com\/combiner\/i?img=%2Fphoto%2F2024%2F0705%2Fr1355013_1296x729_16%2D9.jpg&amp;w=750&amp;cquality=40&amp;format=jpg 2x\" \/><img class=\"lazyloaded imageLoaded\" width=\"570\" height=\"320\" data-image-container=\".inline-photo\" \/><\/picture><figcaption class=\"photoCaption\">Francia redonde\u00f3 una tanda de penales excelente.\u00a0<cite>EPA<\/cite><\/figcaption><\/figure>\n<\/aside>\n<p><span style=\"color: #000000;\">Los penales, eterna loter\u00eda del f\u00fatbol,\u00a0<a style=\"color: #000000;\" href=\"https:\/\/www.espn.com.ar\/futbol\/euro\/nota\/_\/id\/13851253\/portugal-gano-a-eslovenia-definicion-por-penales-y-avanzo-cuartos-de-final-en-la-eurocopa\" target=\"_blank\" rel=\"noopener\">hab\u00edan depositado a los lusos en cuartos de final, con su arquero Diogo Costa atajando los tres lanzamientos de Eslvoenia luego del 0-0<\/a>. Previamente, el equipo de CR7 hab\u00eda vencido a Rep\u00fablica Checa (2-0) y Turqu\u00eda (3-0) y perdido frente a Georgia (0-2).<\/span><\/p>\n<p><span style=\"color: #000000;\">Los galos, por su parte, ven\u00edan por debajo de las expectativas, pero llegaban a este partido invictos, producto del triunfo en el debut ante Austria (1-0) y los empates contra Pa\u00edses Bajos (0-0) y Polonia (1-1). En octavos, su equipo se dirig\u00eda al alargue, pero un\u00a0<a style=\"color: #000000;\" href=\"https:\/\/www.espn.com.ar\/futbol\/euro\/nota\/_\/id\/13834910\/francia-belgica-gol-kolo-muani-clasificacion-cuartos\" target=\"_blank\" rel=\"noopener\">gol en contra de Jan Vertonghen<\/a>\u00a0en los \u00faltimos minutos sentenci\u00f3 a B\u00e9lgica.<\/span><\/p>\n<p>El encuentro, a su manera, estuvo a la altura de las expectativas, entre dos de los candidatos al t\u00edtulo, los mismos que se hab\u00edan enfrentado en la final de la edici\u00f3n de 2016, donde el elenco ib\u00e9rico se qued\u00f3 con el t\u00edtulo gracias al recordado gol de \u00c9der. Hoy, claro, hubo venganza de los campeones del mundo en 2018, tambi\u00e9n finalistas en 2022.<\/p>\n<aside class=\"inline float-r inline-track\"><\/aside>\n<aside class=\"inline editorial float-r\" data-behavior=\"article_related\">\u00a0<\/aside>\n<p>Los 90 minutos se dividieron en varios partidos distintos.\u00a0Por un lado, la etapa inicial, que pr\u00e1cticamente no cont\u00f3 con ocasiones de gol, en el marco de un partido parejo, con ambos equipos estudi\u00e1ndose. Apenas un remate de Theo Hern\u00e1ndez, para los galos, y una aproximaci\u00f3n de Rafael Le\u00e3o, para los lusos, le pusieron cierto color a esos 45 minutos.<\/p>\n<p>Pero esa din\u00e1mica cambi\u00f3 completamente en el complemento, donde los dos seleccionados estuvieron muy cerca de abrir el marcador en el Volksparkstadion. En el conjunto de Roberto Mart\u00ednez, Bruno Fernandes y Vitinha forzaron grandes atajadas de Mike Maignan, en tanto para los pupilos de Didier Deschamps se lo perdieron Randal Kolo Muani, cuyo remate fue interceptado por R\u00faben Dias, y Eduardo Camavinga, quien pate\u00f3 apenas afuera.<\/p>\n<p>Esas cuatro situaciones de gol fueron solo parte de la emoci\u00f3n constante del segundo tiempo, donde el partido pareci\u00f3 estar abierto constantemente. Aunque Francia se acerc\u00f3 m\u00e1s a Diogo Costa, el encuentro fue muy re\u00f1ido, para cualquiera.<\/p>\n<aside class=\"inline inline-photo full\">\n<figure><picture><source srcset=\"https:\/\/a4.espncdn.com\/combiner\/i?img=%2Fphoto%2F2024%2F0705%2Fr1354948_1296x729_16%2D9.jpg&amp;w=570&amp;format=jpg, https:\/\/a4.espncdn.com\/combiner\/i?img=%2Fphoto%2F2024%2F0705%2Fr1354948_1296x729_16%2D9.jpg&amp;w=1140&amp;cquality=40&amp;format=jpg 2x\" media=\"(min-width: 376px)\" data-srcset=\"https:\/\/a4.espncdn.com\/combiner\/i?img=%2Fphoto%2F2024%2F0705%2Fr1354948_1296x729_16%2D9.jpg&amp;w=570&amp;format=jpg, https:\/\/a4.espncdn.com\/combiner\/i?img=%2Fphoto%2F2024%2F0705%2Fr1354948_1296x729_16%2D9.jpg&amp;w=1140&amp;cquality=40&amp;format=jpg 2x\" \/><source srcset=\"https:\/\/a4.espncdn.com\/combiner\/i?img=%2Fphoto%2F2024%2F0705%2Fr1354948_1296x729_16%2D9.jpg&amp;w=375, https:\/\/a4.espncdn.com\/combiner\/i?img=%2Fphoto%2F2024%2F0705%2Fr1354948_1296x729_16%2D9.jpg&amp;w=750&amp;cquality=40&amp;format=jpg 2x\" media=\"(max-width: 375px)\" data-srcset=\"https:\/\/a4.espncdn.com\/combiner\/i?img=%2Fphoto%2F2024%2F0705%2Fr1354948_1296x729_16%2D9.jpg&amp;w=375, https:\/\/a4.espncdn.com\/combiner\/i?img=%2Fphoto%2F2024%2F0705%2Fr1354948_1296x729_16%2D9.jpg&amp;w=750&amp;cquality=40&amp;format=jpg 2x\" \/><img class=\" imageLoaded lazyloaded\" width=\"570\" height=\"320\" data-image-container=\".inline-photo\" \/><\/picture><figcaption class=\"photoCaption\">Francia y Portugal, cara a cara en Hamburgo.\u00a0<cite>AP<\/cite><\/figcaption><\/figure>\n<\/aside>\n<p>Y al contrario, fue Portugal el que tom\u00f3 las riendas del juego en el alargue, donde Cristiano Ronaldo pifi\u00f3 en la definici\u00f3n en una de las m\u00e1s claras.\u00a0CR7, como Mbapp\u00e9, no luci\u00f3 c\u00f3modo en ning\u00fan momento del partido, como a los dos astros les pas\u00f3 desde el comienzo de la Eurocopa.<\/p>\n<p>De hecho,\u00a0<a href=\"https:\/\/www.espn.com.ar\/futbol\/euro\/nota\/_\/id\/13873963\/kylian-mbappe-no-aguanto-mas-y-debio-salir-en-el-tiempo-extra-entre-francia-y-portugal\" target=\"_blank\" rel=\"noopener\">Kiki fue reemplazado de cara al segundo tiempo suplementario<\/a>, a partir de un golpe (un pelotazo) en la cara que hab\u00eda sufrido m\u00e1s temprano y que evidentemente lo molest\u00f3 en su recuperaci\u00f3n de la fractura de nariz. Sobre el final, ambos pudieron ganarlo, pero el partido no tuvo goles, mas s\u00ed emociones, y se resolvi\u00f3 en la tanda de penales.<\/p>\n<p>Y all\u00ed predominaron los franceses, que no fallaron ninguna de sus cinco ejecuciones. Dembel\u00e9, Fofana, Kound\u00e9, Barcola y Hern\u00e1ndez, que defini\u00f3 la tanda, patearon a la perfecci\u00f3n. Del otro lado, metieron Ronaldo, Silva y Mendes, pero\u00a0fall\u00f3 Jo\u00e3o F\u00e9lix, al palo, y eso hizo la diferencia. De esta manera, el Bicho se despidi\u00f3 de la Eurocopa<\/p>\n<p>En semifinales, el pr\u00f3ximo martes 9 de julio, Francia enfrentar\u00e1 a Espa\u00f1a en M\u00fanich. La otra semifinal se resolver\u00e1 este s\u00e1bado, con los restantes partidos de cuartos de final: Inglaterra-Suiza y Pa\u00edses Bajos-Turqu\u00eda.<\/p>\n<p>&nbsp;<\/p>\n<div class=\"contentItem__content contentItem__content--media-card contentItem__content--fullWidth contentItem__content--inline\" data-behavior=\"video_scroll\">\n<figure class=\"media-wrapper_image video\" data-video=\"watch,640,360,13874184,whitelist-HN|SV|PA|CR|DO|PY|BO|PE|CL|GT|NI|VE|CO|EC|AR|UY|\" data-cerebro-id=\"66886abd37ede460af5ac62e\" data-title=\"La decepci\u00f3n de Cristiano luego del pase de Francia a semis de la Eurocopa\" data-source=\"deportes\"><picture class=\"media-wrapper_image\"><source srcset=\"https:\/\/a4.espncdn.com\/combiner\/i?img=%2Fmedia%2Fmotion%2Ffastclipper%2F2024%2F0705%2Fevc_FUTBOL_20240705_no_event_name_43835d9c_8888_48e4_8567_21e862f2046f_18241%2Fevc_FUTBOL_20240705_no_event_name_43835d9c_8888_48e4_8567_21e862f2046f_18241.jpg&amp;w=640&amp;h=360&amp;cquality=80&amp;format=jpg\" media=\"(min-width: 376px)\" data-srcset=\"https:\/\/a4.espncdn.com\/combiner\/i?img=%2Fmedia%2Fmotion%2Ffastclipper%2F2024%2F0705%2Fevc_FUTBOL_20240705_no_event_name_43835d9c_8888_48e4_8567_21e862f2046f_18241%2Fevc_FUTBOL_20240705_no_event_name_43835d9c_8888_48e4_8567_21e862f2046f_18241.jpg&amp;w=640&amp;h=360&amp;cquality=80&amp;format=jpg\" \/><source srcset=\"https:\/\/a4.espncdn.com\/combiner\/i?img=%2Fmedia%2Fmotion%2Ffastclipper%2F2024%2F0705%2Fevc_FUTBOL_20240705_no_event_name_43835d9c_8888_48e4_8567_21e862f2046f_18241%2Fevc_FUTBOL_20240705_no_event_name_43835d9c_8888_48e4_8567_21e862f2046f_18241.jpg&amp;w=335&amp;cquality=80, https:\/\/a4.espncdn.com\/combiner\/i?img=%2Fmedia%2Fmotion%2Ffastclipper%2F2024%2F0705%2Fevc_FUTBOL_20240705_no_event_name_43835d9c_8888_48e4_8567_21e862f2046f_18241%2Fevc_FUTBOL_20240705_no_event_name_43835d9c_8888_48e4_8567_21e862f2046f_18241.jpg&amp;w=670&amp;cquality=40&amp;format=jpg 2x\" media=\"(max-width: 375px)\" data-srcset=\"https:\/\/a4.espncdn.com\/combiner\/i?img=%2Fmedia%2Fmotion%2Ffastclipper%2F2024%2F0705%2Fevc_FUTBOL_20240705_no_event_name_43835d9c_8888_48e4_8567_21e862f2046f_18241%2Fevc_FUTBOL_20240705_no_event_name_43835d9c_8888_48e4_8567_21e862f2046f_18241.jpg&amp;w=335&amp;cquality=80, https:\/\/a4.espncdn.com\/combiner\/i?img=%2Fmedia%2Fmotion%2Ffastclipper%2F2024%2F0705%2Fevc_FUTBOL_20240705_no_event_name_43835d9c_8888_48e4_8567_21e862f2046f_18241%2Fevc_FUTBOL_20240705_no_event_name_43835d9c_8888_48e4_8567_21e862f2046f_18241.jpg&amp;w=670&amp;cquality=40&amp;format=jpg 2x\" \/><img class=\"imageLoaded lazyloaded\" \/><\/picture><\/figure>\n<div class=\"contentItem__contentWrapper\">\n<div class=\"contentItem__title contentItem__title--media\">La decepci\u00f3n de Cristiano luego del pase de Francia a semis de la Eurocopa<\/div>\n<p class=\"contentItem__subhead\">La reacci\u00f3n de CR7 luego del penal de Hern\u00e1ndez, que le dio el triunfo al equipo de Mbapp\u00e9 en el choque ante Portugal.<\/p>\n<\/div>\n<\/div>\n<aside class=\"module-iframe-wrapper \"><\/aside>\n<div id=\"fixturein\">\n<table cellspacing=\"0\">\n<tbody>\n<tr class=\"tituloin\">\n<td colspan=\"6\"><a href=\"https:\/\/www.promiedos.com.ar\/eurocopa\">EUROCOPA\u00a0<img decoding=\"async\" src=\"https:\/\/www.promiedos.com.ar\/images\/paises\/mu.png\" \/><\/a><\/td>\n<\/tr>\n<tr id=\"71_45\">\n<td id=\"ti_71_45\" class=\"game-fin\">Final<\/td>\n<td class=\"game-t1\"><img decoding=\"async\" src=\"https:\/\/www.promiedos.com.ar\/images\/ps\/espana.gif\" \/><br \/>\n<span id=\"t1_71_45\" class=\"datoequipo\">Espa\u00f1a<\/span><\/td>\n<td id=\"resu1_71_45\" class=\"game-r1\">\n<div id=\"roj1_71_45\" class=\"rojas1\">\n<div class=\"roja\"><\/div>\n<\/div>\n<p><span id=\"r1_71_45\">2<\/span><\/td>\n<td id=\"resu2_71_45\" class=\"game-r2\"><span id=\"r2_71_45\">1<\/span><\/p>\n<div id=\"roj2_71_45\" class=\"rojas2\"><\/div>\n<\/td>\n<td class=\"game-t1\"><img decoding=\"async\" src=\"https:\/\/www.promiedos.com.ar\/images\/ps\/alemania.gif\" \/><br \/>\n<span id=\"t2_71_45\" class=\"datoequipo\">Alemania<\/span><\/td>\n<td id=\"for_71_45\" class=\"game-info\"><\/td>\n<\/tr>\n<tr id=\"gole_71_45\" class=\"goles\">\n<td id=\"g1_71_45\" colspan=\"3\"><i>51&#8242;<\/i>\u00a0D. Olmo;\u00a0<i>120&#8242;<\/i>\u00a0M. Merino;<\/td>\n<td id=\"g2_71_45\" colspan=\"3\"><i>89&#8242;<\/i>\u00a0F. Wirtz;<\/td>\n<\/tr>\n<tr id=\"71_46\">\n<td id=\"ti_71_46\" class=\"game-fin\">Final<\/td>\n<td class=\"game-t1\"><img decoding=\"async\" src=\"https:\/\/www.promiedos.com.ar\/images\/ps\/portugal.gif\" \/><br \/>\n<span id=\"t1_71_46\" class=\"datoequipo\">Portugal<\/span><\/td>\n<td id=\"resu1_71_46\" class=\"game-r1\">\n<div id=\"roj1_71_46\" class=\"rojas1\"><\/div>\n<p><span id=\"r1_71_46\"><span class=\"pin\">0<\/span><span class=\"pen\">\u00a03<\/span><\/span><\/td>\n<td id=\"resu2_71_46\" class=\"game-r2\">\n<div id=\"roj2_71_46\" class=\"rojas2\"><\/div>\n<p><span id=\"r2_71_46\"><span class=\"pin\">0<\/span><span class=\"pen\">\u00a05<\/span><\/span><\/td>\n<td class=\"game-t1\"><img decoding=\"async\" src=\"https:\/\/www.promiedos.com.ar\/images\/ps\/francia.gif\" \/><br \/>\n<span id=\"t2_71_46\" class=\"datoequipo\">Francia<\/span><\/td>\n<td id=\"for_71_46\" class=\"game-info\"><\/td>\n<\/tr>\n<\/tbody>\n<\/table>\n<\/div>\n<div id=\"abajo\">\n<div id=\"botongral1\"><\/div>\n<\/div>\n","protected":false},"excerpt":{"rendered":"<p>&nbsp; En un partido que estuvo para cualquiera, en el que\u00a0Kylian Mbapp\u00e9\u00a0y\u00a0Cristiano Ronaldo\u00a0brillaron por su ausencia,\u00a0Francia\u00a0elimin\u00f3 por penales a\u00a0Portugal\u00a0de la\u00a0Eurocopa 2024\u00a0en Hamburgo y clasific\u00f3 a la semifinal, donde enfrentar\u00e1 a\u00a0Espa\u00f1a, que m\u00e1s temprano baj\u00f3 ag\u00f3nicamente al local Alemania. Fuente ESPN Francia redonde\u00f3 una tanda de penales excelente.\u00a0EPA Los penales, eterna loter\u00eda del f\u00fatbol,\u00a0hab\u00edan depositado a &hellip;<\/p>\n","protected":false},"author":2,"featured_media":11242,"comment_status":"open","ping_status":"open","sticky":false,"template":"","format":"standard","meta":{"footnotes":""},"categories":[6],"tags":[],"class_list":["post-11241","post","type-post","status-publish","format-standard","has-post-thumbnail","hentry","category-internacionales"],"_links":{"self":[{"href":"https:\/\/www.sportchaco.com.ar\/index.php?rest_route=\/wp\/v2\/posts\/11241","targetHints":{"allow":["GET"]}}],"collection":[{"href":"https:\/\/www.sportchaco.com.ar\/index.php?rest_route=\/wp\/v2\/posts"}],"about":[{"href":"https:\/\/www.sportchaco.com.ar\/index.php?rest_route=\/wp\/v2\/types\/post"}],"author":[{"embeddable":true,"href":"https:\/\/www.sportchaco.com.ar\/index.php?rest_route=\/wp\/v2\/users\/2"}],"replies":[{"embeddable":true,"href":"https:\/\/www.sportchaco.com.ar\/index.php?rest_route=%2Fwp%2Fv2%2Fcomments&post=11241"}],"version-history":[{"count":2,"href":"https:\/\/www.sportchaco.com.ar\/index.php?rest_route=\/wp\/v2\/posts\/11241\/revisions"}],"predecessor-version":[{"id":11244,"href":"https:\/\/www.sportchaco.com.ar\/index.php?rest_route=\/wp\/v2\/posts\/11241\/revisions\/11244"}],"wp:featuredmedia":[{"embeddable":true,"href":"https:\/\/www.sportchaco.com.ar\/index.php?rest_route=\/wp\/v2\/media\/11242"}],"wp:attachment":[{"href":"https:\/\/www.sportchaco.com.ar\/index.php?rest_route=%2Fwp%2Fv2%2Fmedia&parent=11241"}],"wp:term":[{"taxonomy":"category","embeddable":true,"href":"https:\/\/www.sportchaco.com.ar\/index.php?rest_route=%2Fwp%2Fv2%2Fcategories&post=11241"},{"taxonomy":"post_tag","embeddable":true,"href":"https:\/\/www.sportchaco.com.ar\/index.php?rest_route=%2Fwp%2Fv2%2Ftags&post=11241"}],"curies":[{"name":"wp","href":"https:\/\/api.w.org\/{rel}","templated":true}]}}