{"id":11339,"date":"2024-07-08T14:56:57","date_gmt":"2024-07-08T17:56:57","guid":{"rendered":"https:\/\/www.sportchaco.com.ar\/?p=11339"},"modified":"2024-07-08T19:33:09","modified_gmt":"2024-07-08T22:33:09","slug":"la-seleccion-masculina-confirmo-su-lista-de-convocados-para-la-gira-europea","status":"publish","type":"post","link":"https:\/\/www.sportchaco.com.ar\/?p=11339","title":{"rendered":"La Selecci\u00f3n masculina confirm\u00f3 su lista de convocados para la gira europea"},"content":{"rendered":"<div class=\"support_panel\">\n<div class=\"support-close-inner\"><\/div>\n<\/div>\n<div id=\"page_wrapper\" class=\"zn_res_menu_visible\">\n<header id=\"header\" class=\"site-header cta_button\" data-header-style=\"1\">\n<div class=\"site-header-wrapper\">\n<div class=\"site-header-main-wrapper d-flex\">\n<div class=\"siteheader-container container align-self-center\">\n<div class=\"site-header-row site-header-main d-flex flex-row justify-content-between\">\n<div class=\"site-header-main-left d-flex justify-content-start align-items-center\">\n<div class=\"logo-container hasInfoCard logosize--yes\">\n<h1 id=\"logo\" class=\"site-logo logo\"><a title=\"\" href=\"https:\/\/www.argentina.basketball\/ar\"><img decoding=\"async\" class=\"logo-img\" title=\"Confederaci\u00f3n Argentina de B\u00e1squetbol\" src=\"https:\/\/i.ibb.co\/r3YDpkH\/cab-logo.png\" alt=\"CAB\" \/><\/a><\/h1>\n<\/div>\n<div class=\"separator visible-xxs\"><\/div>\n<\/div>\n<\/div>\n<\/div>\n<\/div>\n<\/div>\n<\/header>\n<div class=\"kl-slideshow static-content__slideshow static-simpletext nobg\">\n<div class=\"kl-slideshow-inner static-content__wrapper sc--has-fade-mask\">\n<div class=\"static-content__inner container\">\n<div class=\"kl-slideshow-safepadding sc__container mt-45 mb-45\">\n<div class=\"static-content static-content--simple scs--theme-light\">\n<div class=\"row\">\n<div class=\"col-sm-12\">\n<h2 class=\"fs-xxxl\">La Selecci\u00f3n masculina confirm\u00f3 su lista de convocados para la gira europea<\/h2>\n<div class=\"sc__simpleaction\" style=\"padding-left: 40px;\"><\/div>\n<\/div>\n<\/div>\n<\/div>\n<\/div>\n<\/div>\n<\/div>\n<\/div>\n<section class=\"hg_section pt-50 pb-100\">\n<div class=\"container\">\n<div class=\"row\">\n<div class=\"col-sm-12 col-md-12 col-lg-9\">\n<div id=\"th-content-post\">\n<div class=\"itemView eBlog\">\n<div class=\"itemBody\">\n<p><a class=\"hoverBorder float-left\" href=\"https:\/\/www.argentina.basketball\/themes\/ee\/site\/default\/asset\/img\/blog\/WEB_%2832%29.jpg\" data-lightbox=\"image\"><span class=\"hoverBorderWrapper\"><img decoding=\"async\" class=\"aligncenter\" title=\"La Selecci\u00f3n masculina confirm\u00f3 su lista de convocados para la gira europea\" src=\"https:\/\/www.argentina.basketball\/themes\/ee\/site\/default\/asset\/img\/blog\/WEB_%2832%29.jpg\" alt=\"Post Image\" width=\"420\" \/><\/span><\/a><\/p>\n<p>Finalizada la gira de la Selecci\u00f3n de j\u00f3venes talentos por M\u00e9xico, el Head Coach Pablo Prigioni defini\u00f3 que Gonzalo Corbal\u00e1n, Lee Aaliya, Lucas Giovannetti, Santiago Trouet, Juan Bocca, Gonzalo Bressan y Tom\u00e1s Chapero se sumen a 11 nombres previamente informados y, de esta manera, quede completo el equipo nacional para los entrenamientos y partidos en Europa a partir del 3 de julio.<\/p>\n<p>Estos jugadores, acompa\u00f1ados por Juan Ignacio Marcos y Juan Fern\u00e1ndez tambi\u00e9n convocados, fueron parte de los tres amistosos ante el equipo mayor M\u00e9xico en tierras aztecas. En los partidos disputados en Ciudad Ju\u00e1rez y Chihuahua, Argentina cay\u00f3 por 81 a 77 y 78 a 71 respectivamente. Sin embargo, el viaje finaliz\u00f3 con un positivo triunfo 91 a 86 que permiti\u00f3 cerrar esta experiencia de la mejor manera.<\/p>\n<p>Facundo Campazzo, Nicol\u00e1s Laprovittola, Luca Vildoza, Gabriel Deck, Nicol\u00e1s Brussino, Juan Pablo Vaulet, Francisco Caffaro, Patricio Garino y Lucio Redivo completan la n\u00f3mina de convocados<\/p>\n<p>La Ciudad Deportiva Camilo Cano de La Nuc\u00eda ser\u00e1 el epicentro de la puesta a punto para el equipo argentino. La concentraci\u00f3n comenzar\u00e1 el mi\u00e9rcoles 3 de julio. Los primeros amistosos se disputar\u00e1n el viernes 12 y s\u00e1bado 13 en Portugal, enfrentando a la Selecci\u00f3n local y a Inglaterra. De regreso en Alicante se disputar\u00e1n otros dos partidos: mi\u00e9rcoles 17 ante Portugal y viernes 19 ante Cabo Verde. Todos los partidos ser\u00e1n transmitidos por B\u00e1squet Pass.<\/p>\n<p><strong>Los convocados<br \/>\n<\/strong><strong>1<\/strong>\u00a0&#8211; Luca Vildoza<br \/>\n<strong>2<\/strong>\u00a0\u2013 Lee Aaliya<br \/>\n<strong>6<\/strong>\u00a0&#8211; Juan Ignacio Marcos<br \/>\n<strong>7<\/strong>\u00a0&#8211; Facundo Campazzo<br \/>\n<strong>8<\/strong>\u00a0&#8211; Nicol\u00e1s Laprovittola<br \/>\n<strong>9<\/strong>\u00a0&#8211; Nicol\u00e1s Brussino<br \/>\n<strong>11<\/strong>\u00a0\u2013 Francisco Caffaro<br \/>\n<strong>14<\/strong>\u00a0&#8211; Gabriel Deck<br \/>\n<strong>15<\/strong>\u00a0&#8211; Gonzalo Corbal\u00e1n<br \/>\n<strong>18<\/strong>\u00a0&#8211; Gonzalo Bressan<br \/>\n<strong>20<\/strong>\u00a0&#8211; Juan Bocca<br \/>\n<strong>21<\/strong>\u00a0&#8211; Juan Fern\u00e1ndez<br \/>\n<strong>22<\/strong>\u00a0&#8211; Juan Pablo Vaulet<br \/>\n<strong>23<\/strong>\u00a0&#8211; Santiago Trouet<br \/>\n<strong>25<\/strong>\u00a0&#8211; Tom\u00e1s Chapero<br \/>\n<strong>29<\/strong>\u00a0&#8211; Patricio Garino<br \/>\n<strong>30<\/strong>\u00a0&#8211; Lucio Redivo<br \/>\n<strong>32<\/strong> &#8211; Lucas Giovannetti<\/p>\n<\/div>\n<\/div>\n<\/div>\n<\/div>\n<\/div>\n<\/div>\n<\/section>\n<\/div>\n","protected":false},"excerpt":{"rendered":"<p>La Selecci\u00f3n masculina confirm\u00f3 su lista de convocados para la gira europea Finalizada la gira de la Selecci\u00f3n de j\u00f3venes talentos por M\u00e9xico, el Head Coach Pablo Prigioni defini\u00f3 que Gonzalo Corbal\u00e1n, Lee Aaliya, Lucas Giovannetti, Santiago Trouet, Juan Bocca, Gonzalo Bressan y Tom\u00e1s Chapero se sumen a 11 nombres previamente informados y, de esta &hellip;<\/p>\n","protected":false},"author":2,"featured_media":11350,"comment_status":"open","ping_status":"open","sticky":false,"template":"","format":"standard","meta":{"footnotes":""},"categories":[3],"tags":[],"class_list":["post-11339","post","type-post","status-publish","format-standard","has-post-thumbnail","hentry","category-basquetbol"],"_links":{"self":[{"href":"https:\/\/www.sportchaco.com.ar\/index.php?rest_route=\/wp\/v2\/posts\/11339","targetHints":{"allow":["GET"]}}],"collection":[{"href":"https:\/\/www.sportchaco.com.ar\/index.php?rest_route=\/wp\/v2\/posts"}],"about":[{"href":"https:\/\/www.sportchaco.com.ar\/index.php?rest_route=\/wp\/v2\/types\/post"}],"author":[{"embeddable":true,"href":"https:\/\/www.sportchaco.com.ar\/index.php?rest_route=\/wp\/v2\/users\/2"}],"replies":[{"embeddable":true,"href":"https:\/\/www.sportchaco.com.ar\/index.php?rest_route=%2Fwp%2Fv2%2Fcomments&post=11339"}],"version-history":[{"count":4,"href":"https:\/\/www.sportchaco.com.ar\/index.php?rest_route=\/wp\/v2\/posts\/11339\/revisions"}],"predecessor-version":[{"id":11351,"href":"https:\/\/www.sportchaco.com.ar\/index.php?rest_route=\/wp\/v2\/posts\/11339\/revisions\/11351"}],"wp:featuredmedia":[{"embeddable":true,"href":"https:\/\/www.sportchaco.com.ar\/index.php?rest_route=\/wp\/v2\/media\/11350"}],"wp:attachment":[{"href":"https:\/\/www.sportchaco.com.ar\/index.php?rest_route=%2Fwp%2Fv2%2Fmedia&parent=11339"}],"wp:term":[{"taxonomy":"category","embeddable":true,"href":"https:\/\/www.sportchaco.com.ar\/index.php?rest_route=%2Fwp%2Fv2%2Fcategories&post=11339"},{"taxonomy":"post_tag","embeddable":true,"href":"https:\/\/www.sportchaco.com.ar\/index.php?rest_route=%2Fwp%2Fv2%2Ftags&post=11339"}],"curies":[{"name":"wp","href":"https:\/\/api.w.org\/{rel}","templated":true}]}}