{"id":11366,"date":"2024-07-09T15:21:43","date_gmt":"2024-07-09T18:21:43","guid":{"rendered":"https:\/\/www.sportchaco.com.ar\/?p=11366"},"modified":"2024-07-09T15:21:43","modified_gmt":"2024-07-09T18:21:43","slug":"raul-valdez-fue-ratificado-por-la-dirigencia-de-for-ever","status":"publish","type":"post","link":"https:\/\/www.sportchaco.com.ar\/?p=11366","title":{"rendered":"Ra\u00fal Valdez fue ratificado por la dirigencia de For Ever"},"content":{"rendered":"<p><strong>09-07-2024<\/strong><\/p>\n<p><img loading=\"lazy\" decoding=\"async\" class=\" wp-image-6631 aligncenter\" src=\"https:\/\/www.sportchaco.com.ar\/wp-content\/uploads\/2024\/03\/aviso-Impulsamos-turismo-300x31.jpg\" alt=\"\" width=\"358\" height=\"37\" srcset=\"https:\/\/www.sportchaco.com.ar\/wp-content\/uploads\/2024\/03\/aviso-Impulsamos-turismo-300x31.jpg 300w, https:\/\/www.sportchaco.com.ar\/wp-content\/uploads\/2024\/03\/aviso-Impulsamos-turismo-1024x106.jpg 1024w, https:\/\/www.sportchaco.com.ar\/wp-content\/uploads\/2024\/03\/aviso-Impulsamos-turismo-768x79.jpg 768w, https:\/\/www.sportchaco.com.ar\/wp-content\/uploads\/2024\/03\/aviso-Impulsamos-turismo.jpg 1366w\" sizes=\"auto, (max-width: 358px) 100vw, 358px\" \/><\/p>\n<p>La dirigencia de For Ever confirm\u00f3 la continuidad de Ra\u00fal Valdez al frente del plantel que participa en el torneo de la Primera Nacional de f\u00fatbol.<\/p>\n<div class=\" large m_image\">\n<figure><picture><source srcset=\"https:\/\/www.diarionorte.com\/content\/bucket\/3\/371163w790h536c.jpg.webp\" type=\"image\/webp\" media=\"(min-width: 640px)\" \/><source srcset=\"https:\/\/www.diarionorte.com\/content\/bucket\/3\/371163w440h299c.jpg.webp\" type=\"image\/webp\" media=\"(min-width: 300px)\" \/><source srcset=\"https:\/\/www.diarionorte.com\/content\/bucket\/3\/371163w790h536c.jpg\" media=\"(min-width: 300px)\" \/><\/picture><\/figure>\n<p>M\u00e1s all\u00e1 de que el DT puso la renuncia a disposici\u00f3n, los dirigentes le remarcaron al entrenador que est\u00e1n conformes con su trabajo, a pesar de que los \u00faltimos resultados no acompa\u00f1aron.<\/p>\n<p>As\u00ed, Valdez conducir\u00e1 la pr\u00e1ctica que se llevar\u00e1 a cabo hoy por la ma\u00f1ana en el club tras el descanso de la jornada de ayer.<\/p>\n<p>El \u00abNegro\u00bb perdi\u00f3 el domingo por 1 a 0 como local ante Nueva Chicago y sum\u00f3 su tercera derrota consecutiva en el certamen: 0-1 de local ante Gimnasia y Tiro y 0-1 de visitante ante Gimnasia de Mendoza. Desde que lleg\u00f3 Valdez al club el equipo jug\u00f3 12 partidos, con tres triunfos, tres empates y seis derrotas. Es decir que cosech\u00f3 hasta aqu\u00ed el 33.3% de los puntos en juego.<\/p>\n<h2>BALANCE<\/h2>\n<p>En los primeros ocho partidos de Valdez en l\u00edneas generales el equipo fue de menor a mayor. En ese lapso For Ever venci\u00f3 a Rafaela, Defensores Unidos de Z\u00e1rate y Estudiantes de R\u00edo Cuarto (a todos en el \u00abGigante\u00bb) y hubo buenos rendimientos aqu\u00ed en Resistencia ante Almirante Brown (0-0) y ante Deportivo Madryn en el sur (0-1), ante Col\u00f3n en Santa Fe (0-1) y ante Aldosivi en Mar del Plata (se le escap\u00f3 el triunfo sobre la hora y termin\u00f3 1-1). Quiz\u00e1 lo m\u00e1s flojo del arranque del DT en esos ocho encuentros haya sido la derrota ante Atlanta en Buenos Aires (0-1). Pero en tres de los \u00faltimos cuatro partidos del torneo al equipo le cost\u00f3 y mucho tener buenos lapsos de f\u00fatbol. El \u00fanico juego en el que fue superior a su rival fue en la derrota en casa por 1 a 0 ante Gimnasia y Tiro; pero despu\u00e9s no jug\u00f3 bien ante Mitre (1-1), contra Gimnasia en Mendoza (0-1) ni el domingo ante Chicago (0-1) donde s\u00f3lo manej\u00f3 los hilos durante un tercio del partido, pero en l\u00edneas generales el \u00abTorito\u00bb fue m\u00e1s.<\/p>\n<p>Ante este baj\u00f3n pronunciado en las \u00faltimas fechas, Valdez decidi\u00f3 poner la renuncia a disposici\u00f3n: \u00abMi renuncia est\u00e1 a disposici\u00f3n. Creo que esto se puede revertir, pero yo no soy due\u00f1o del destino de For Ever. Yo puedo ayudar, pero decide la dirigencia. Ya son tres derrotas seguidas\u00bb.<\/p>\n<h2>LO QUE VIENE<\/h2>\n<p>Valdez estar\u00e1 hoy al frente del plantel y tratar\u00e1 de dar vuelta la p\u00e1gina de la manera m\u00e1s r\u00e1pida posible de cara al juego del s\u00e1bado, a las 12, ante Deportivo Mor\u00f3n en Buenos Aires. El partido se iba a jugar a las 15, pero por pedido de la \u00abtv\u00bb se adelant\u00f3 tres horas.<\/p>\n<p>El DT no podr\u00e1 contar con Gast\u00f3n Canuto, que se lesion\u00f3 ante Chicago (en principio tiene una distensi\u00f3n en el isquiotibial izquierdo) y adem\u00e1s lleg\u00f3 a la quinta tarjeta amarilla. Su lugar ser\u00e1 ocupado por Leandro Ledesma.<\/p>\n<p>Los que ya estar\u00e1n a disposici\u00f3n de Valdez ser\u00e1n el zaguero Milton Leyendeker (super\u00f3 una molestia en el isquiotibial) y el extremo derecho Gonzalo Ca\u00f1ete (cumpli\u00f3 su sanci\u00f3n). Al que llevar\u00e1n de a poco y es dif\u00edcil que est\u00e9 en condiciones para el s\u00e1bado es al extremo Gast\u00f3n Novero (fuerte sobrecarga muscular).<\/p>\n<p><em><strong>Fuente: Diario NORTE<\/strong><\/em><\/p>\n<\/div>\n<p><img loading=\"lazy\" decoding=\"async\" class=\"size-medium wp-image-11325 aligncenter\" src=\"https:\/\/www.sportchaco.com.ar\/wp-content\/uploads\/2024\/07\/Mosquitos-300x300.jpg\" alt=\"\" width=\"300\" height=\"300\" srcset=\"https:\/\/www.sportchaco.com.ar\/wp-content\/uploads\/2024\/07\/Mosquitos-300x300.jpg 300w, https:\/\/www.sportchaco.com.ar\/wp-content\/uploads\/2024\/07\/Mosquitos-1024x1024.jpg 1024w, https:\/\/www.sportchaco.com.ar\/wp-content\/uploads\/2024\/07\/Mosquitos-150x150.jpg 150w, https:\/\/www.sportchaco.com.ar\/wp-content\/uploads\/2024\/07\/Mosquitos-768x768.jpg 768w, https:\/\/www.sportchaco.com.ar\/wp-content\/uploads\/2024\/07\/Mosquitos.jpg 1440w\" sizes=\"auto, (max-width: 300px) 100vw, 300px\" \/><\/p>\n","protected":false},"excerpt":{"rendered":"<p>09-07-2024 La dirigencia de For Ever confirm\u00f3 la continuidad de Ra\u00fal Valdez al frente del plantel que participa en el torneo de la Primera Nacional de f\u00fatbol. M\u00e1s all\u00e1 de que el DT puso la renuncia a disposici\u00f3n, los dirigentes le remarcaron al entrenador que est\u00e1n conformes con su trabajo, a pesar de que los &hellip;<\/p>\n","protected":false},"author":3,"featured_media":10747,"comment_status":"open","ping_status":"open","sticky":false,"template":"","format":"standard","meta":{"footnotes":""},"categories":[5],"tags":[],"class_list":["post-11366","post","type-post","status-publish","format-standard","has-post-thumbnail","hentry","category-futbol"],"_links":{"self":[{"href":"https:\/\/www.sportchaco.com.ar\/index.php?rest_route=\/wp\/v2\/posts\/11366","targetHints":{"allow":["GET"]}}],"collection":[{"href":"https:\/\/www.sportchaco.com.ar\/index.php?rest_route=\/wp\/v2\/posts"}],"about":[{"href":"https:\/\/www.sportchaco.com.ar\/index.php?rest_route=\/wp\/v2\/types\/post"}],"author":[{"embeddable":true,"href":"https:\/\/www.sportchaco.com.ar\/index.php?rest_route=\/wp\/v2\/users\/3"}],"replies":[{"embeddable":true,"href":"https:\/\/www.sportchaco.com.ar\/index.php?rest_route=%2Fwp%2Fv2%2Fcomments&post=11366"}],"version-history":[{"count":1,"href":"https:\/\/www.sportchaco.com.ar\/index.php?rest_route=\/wp\/v2\/posts\/11366\/revisions"}],"predecessor-version":[{"id":11367,"href":"https:\/\/www.sportchaco.com.ar\/index.php?rest_route=\/wp\/v2\/posts\/11366\/revisions\/11367"}],"wp:featuredmedia":[{"embeddable":true,"href":"https:\/\/www.sportchaco.com.ar\/index.php?rest_route=\/wp\/v2\/media\/10747"}],"wp:attachment":[{"href":"https:\/\/www.sportchaco.com.ar\/index.php?rest_route=%2Fwp%2Fv2%2Fmedia&parent=11366"}],"wp:term":[{"taxonomy":"category","embeddable":true,"href":"https:\/\/www.sportchaco.com.ar\/index.php?rest_route=%2Fwp%2Fv2%2Fcategories&post=11366"},{"taxonomy":"post_tag","embeddable":true,"href":"https:\/\/www.sportchaco.com.ar\/index.php?rest_route=%2Fwp%2Fv2%2Ftags&post=11366"}],"curies":[{"name":"wp","href":"https:\/\/api.w.org\/{rel}","templated":true}]}}