{"id":11368,"date":"2024-07-09T15:28:09","date_gmt":"2024-07-09T18:28:09","guid":{"rendered":"https:\/\/www.sportchaco.com.ar\/?p=11368"},"modified":"2024-07-09T15:28:09","modified_gmt":"2024-07-09T18:28:09","slug":"el-chaqueno-walter-benitez-en-el-radar-del-atletico-de-madrid","status":"publish","type":"post","link":"https:\/\/www.sportchaco.com.ar\/?p=11368","title":{"rendered":"El chaque\u00f1o Walter Ben\u00edtez en el radar del Atl\u00e9tico de Madrid"},"content":{"rendered":"<p><strong>09-07-2024<\/strong><\/p>\n<p><img loading=\"lazy\" decoding=\"async\" class=\" wp-image-9468 aligncenter\" src=\"https:\/\/www.sportchaco.com.ar\/wp-content\/uploads\/2024\/05\/Nachec-728x90-2-300x37.gif\" alt=\"\" width=\"389\" height=\"48\" \/><\/p>\n<p>El Atl\u00e9tico de Madrid abri\u00f3 di\u00e1logo con el PSV Eindhoven de Pa\u00edses Bajos para iniciar negociaciones por el chaque\u00f1o Walter Ben\u00edtez y ya hizo una oferta formal por \u00e9l, aunque todav\u00eda no trascendieron las cifras de la misma.<\/p>\n<p>El arquero argentino de 31 a\u00f1os, nacido en la localidad chaque\u00f1a de General San Mart\u00edn, podr\u00eda ser una apuesta a largo plazo para el conjunto de la capital espa\u00f1ola para cubrir el lugar de Jan Oblak.<\/p>\n<p>Ben\u00edtez, con pasado reciente en el seleccionado argentino, lleg\u00f3 a Europa en junio de 2016 procedente de Quilmes, y despu\u00e9s de seis temporadas en Niza de Francia, arrib\u00f3 a PSV de los Pa\u00edses Bajos en 2022.<\/p>\n<p>El chaque\u00f1o tiene un pasado reciente en el seleccionado argentino, ya que debut\u00f3 en el arco de la selecci\u00f3n en la \u00faltima gira por los EEUU en el amistoso que gan\u00f3 la \u00abAlbiceleste\u00bb por 3-1 a Costa Rica.<\/p>\n<p>Lleg\u00f3 a Europa en junio de 2016 procedente de Quilmes, y despu\u00e9s de seis temporadas en Niza de Francia, arrib\u00f3 a PSV de los Pa\u00edses Bajos en 2022.<\/p>\n<p>En la \u00faltima temporada el equipo se coron\u00f3 campe\u00f3n dos fechas antes y el arquero fue una de las figuras del plantel. Adem\u00e1s, marc\u00f3 el r\u00e9cord de tener 18 vallas invictas durante el torneo.<\/p>\n<h2>LOS INCRE\u00cdBLES N\u00daMEROS DE BEN\u00cdTEZ<\/h2>\n<p>El arquero chaque\u00f1o solo recibi\u00f3 19 goles en 32 partidos disputados y, como se mencion\u00f3, mantuvo su arco en cero en 18 oportunidades. Este fue el cuarto t\u00edtulo que obtuvo Ben\u00edtez desde que lleg\u00f3 a Pa\u00edses Bajos despu\u00e9s de las Supercopas de 2022 y 2023, y la Copa neerlandesa de 2023.<\/p>\n<p><em><strong>Fuente: Diario NORTE<\/strong><\/em><\/p>\n<div class=\" large m_image\">\n<figure><picture><source srcset=\"https:\/\/www.diarionorte.com\/content\/bucket\/9\/371139w790h457c.jpg.webp\" type=\"image\/webp\" media=\"(min-width: 640px)\" \/><source srcset=\"https:\/\/www.diarionorte.com\/content\/bucket\/9\/371139w440h255c.jpg.webp\" type=\"image\/webp\" media=\"(min-width: 300px)\" \/><source srcset=\"https:\/\/www.diarionorte.com\/content\/bucket\/9\/371139w790h457c.jpg\" media=\"(min-width: 300px)\" \/><\/picture><\/figure>\n<\/div>\n<p><img loading=\"lazy\" decoding=\"async\" class=\" wp-image-11289 aligncenter\" src=\"https:\/\/www.sportchaco.com.ar\/wp-content\/uploads\/2024\/07\/Gobierno-paisaje-1-300x116.png\" alt=\"\" width=\"357\" height=\"138\" srcset=\"https:\/\/www.sportchaco.com.ar\/wp-content\/uploads\/2024\/07\/Gobierno-paisaje-1-300x116.png 300w, https:\/\/www.sportchaco.com.ar\/wp-content\/uploads\/2024\/07\/Gobierno-paisaje-1-768x297.png 768w, https:\/\/www.sportchaco.com.ar\/wp-content\/uploads\/2024\/07\/Gobierno-paisaje-1.png 800w\" sizes=\"auto, (max-width: 357px) 100vw, 357px\" \/><\/p>\n","protected":false},"excerpt":{"rendered":"<p>09-07-2024 El Atl\u00e9tico de Madrid abri\u00f3 di\u00e1logo con el PSV Eindhoven de Pa\u00edses Bajos para iniciar negociaciones por el chaque\u00f1o Walter Ben\u00edtez y ya hizo una oferta formal por \u00e9l, aunque todav\u00eda no trascendieron las cifras de la misma. El arquero argentino de 31 a\u00f1os, nacido en la localidad chaque\u00f1a de General San Mart\u00edn, podr\u00eda &hellip;<\/p>\n","protected":false},"author":3,"featured_media":7322,"comment_status":"open","ping_status":"open","sticky":false,"template":"","format":"standard","meta":{"footnotes":""},"categories":[5],"tags":[],"class_list":["post-11368","post","type-post","status-publish","format-standard","has-post-thumbnail","hentry","category-futbol"],"_links":{"self":[{"href":"https:\/\/www.sportchaco.com.ar\/index.php?rest_route=\/wp\/v2\/posts\/11368","targetHints":{"allow":["GET"]}}],"collection":[{"href":"https:\/\/www.sportchaco.com.ar\/index.php?rest_route=\/wp\/v2\/posts"}],"about":[{"href":"https:\/\/www.sportchaco.com.ar\/index.php?rest_route=\/wp\/v2\/types\/post"}],"author":[{"embeddable":true,"href":"https:\/\/www.sportchaco.com.ar\/index.php?rest_route=\/wp\/v2\/users\/3"}],"replies":[{"embeddable":true,"href":"https:\/\/www.sportchaco.com.ar\/index.php?rest_route=%2Fwp%2Fv2%2Fcomments&post=11368"}],"version-history":[{"count":1,"href":"https:\/\/www.sportchaco.com.ar\/index.php?rest_route=\/wp\/v2\/posts\/11368\/revisions"}],"predecessor-version":[{"id":11369,"href":"https:\/\/www.sportchaco.com.ar\/index.php?rest_route=\/wp\/v2\/posts\/11368\/revisions\/11369"}],"wp:featuredmedia":[{"embeddable":true,"href":"https:\/\/www.sportchaco.com.ar\/index.php?rest_route=\/wp\/v2\/media\/7322"}],"wp:attachment":[{"href":"https:\/\/www.sportchaco.com.ar\/index.php?rest_route=%2Fwp%2Fv2%2Fmedia&parent=11368"}],"wp:term":[{"taxonomy":"category","embeddable":true,"href":"https:\/\/www.sportchaco.com.ar\/index.php?rest_route=%2Fwp%2Fv2%2Fcategories&post=11368"},{"taxonomy":"post_tag","embeddable":true,"href":"https:\/\/www.sportchaco.com.ar\/index.php?rest_route=%2Fwp%2Fv2%2Ftags&post=11368"}],"curies":[{"name":"wp","href":"https:\/\/api.w.org\/{rel}","templated":true}]}}