{"id":11438,"date":"2024-07-11T12:44:57","date_gmt":"2024-07-11T15:44:57","guid":{"rendered":"https:\/\/www.sportchaco.com.ar\/?p=11438"},"modified":"2024-07-11T12:44:57","modified_gmt":"2024-07-11T15:44:57","slug":"adam-bareiro-finalmente-jugara-en-river","status":"publish","type":"post","link":"https:\/\/www.sportchaco.com.ar\/?p=11438","title":{"rendered":"Adam Bareiro finalmente jugar\u00e1 en River"},"content":{"rendered":"<div class=\"nota__heading\">\n<h1 class=\"nota__heading__title\"><\/h1>\n<p class=\"nota__heading__subtitle\">El mercado de pases del Millonario volvi\u00f3 a tomar impulso y en los pr\u00f3ximos d\u00edas podr\u00eda haber anuncios importantes. De palabra qued\u00f3 acordado el pase de Adam Bareiro<\/p>\n<div class=\"nota__heading__author\">\n<p>&nbsp;<\/p>\n<\/div>\n<\/div>\n<div class=\"nota__main-media\">\n<div class=\"nota__image\"><img decoding=\"async\" src=\"https:\/\/www.elgrafico.com.ar\/media\/cache\/pub_news_details_large\/media\/i\/6b\/c4\/6bc416b0c5fc587e543d8b62228ef365175f8415.jpg\" \/><\/div>\n<div class=\"nota__main-media__legend\"><\/div>\n<\/div>\n<div class=\"nota__body\">\n<div class=\"container\">\n<div class=\"row\">\n<div class=\"eg-grid eg-grid--content\">\n<div class=\"eg-cell__1-1\">\n<div class=\"col-xs-24 col-sm-4 eg-social eg-social--vert\">\n<div class=\"addthis_sharing_toolbox nota_body_social\"><\/div>\n<\/div>\n<\/div>\n<div class=\"eg-cell__2-1\">\n<p><span style=\"color: #000000;\"><strong><a style=\"color: #000000;\" href=\"https:\/\/www.elgrafico.com.ar\/etiqueta\/river\" target=\"_blank\" rel=\"noopener\">RIVER<\/a>\u00a0no se toma descanso\u00a0y buscar\u00e1 seguir incorporando\u00a0futbolistas de cara al segundo semestre del a\u00f1o,\u00a0con la mira puesta en la lllave de octavos de final de la Copa LIbertadores frente a Talleres.<\/strong><\/span><\/p>\n<div id=\"embi_elgrafico_30\"><\/div>\n<p>Tras los arribos de\u00a0<strong>Felipe Pe\u00f1a Biafore\u00a0<\/strong>(repescado de Lan\u00fas),\u00a0<strong>Federico Gattoni\u00a0<\/strong>(a pr\u00e9stamo desde Sevilla),\u00a0<strong>Jerem\u00edas Ledesma<\/strong>\u00a0(se lo compraron\u00a0a C\u00e1diz)\u00a0y\u00a0<strong>Franco Carboni<\/strong>\u00a0(a pr\u00e9stamo desde Inter, pese a que todav\u00eda no fue oficializado), ahora la b\u00fasqueda pasa por la delantera.<\/p>\n<p>Si bien no son nombres ajenos al inter\u00e9s del club de N\u00fa\u00f1ez, en las \u00faltimas horas se supo que<strong>\u00a0las negociaciones por Adam Bareiro<\/strong>\u00a0no s\u00f3lo se reflotaron, sino que\u00a0avanzaron a tal punto de haber un acuerdo de palabra con San Lorenzo.<\/p>\n<p>El Millonario abonar\u00e1 un monto de\u00a0<strong>2,5 millones de d\u00f3lares<\/strong>\u00a0al momento de la firma y lueg\u00f3 habr\u00e1 otro monto extra\u00a0traducido en una\u00a0<strong>serie de bonus (otros 2 millones)<\/strong>. Adem\u00e1s, le duplicar\u00eda el salario en relaci\u00f3n a lo que ganaba en San Lorenzo.<\/p>\n<div class=\"nota__main-media\">\n<div class=\"nota__main-media__container\">\n<div id=\"video_38\" class=\"jwplayer jw-reset jw-state-idle jw-stretch-uniform jw-flag-aspect-mode jw-skin-bekle jw-floating-dismissible jw-keep-thumbnail jw-breakpoint-2 jw-flag-user-inactive\" tabindex=\"0\" role=\"application\" aria-label=\"Reproductor de Video\" aria-describedby=\"jw-video_38-shortcuts-tooltip-explanation\">\n<div class=\"jw-wrapper jw-reset\">\n<div class=\"jw-controls jw-reset\">\n<div class=\"jw-nextup-container jw-reset\">\n<div class=\"jw-nextup jw-background-color jw-reset\">\n<p>&nbsp;<\/p>\n<\/div>\n<\/div>\n<\/div>\n<\/div>\n<div class=\"afs_ads ad-placement\"><\/div>\n<\/div>\n<\/div>\n<div class=\"nota__main-media__legend\"><strong>Adam Bareiro finalmente se convertir\u00e1 en jugador de River.<\/strong><\/div>\n<\/div>\n<p>El paraguayo de 27 a\u00f1os presion\u00f3 para salir del Cicl\u00f3n, no se present\u00f3 al entrenamiento del jueves y en las pr\u00f3ximas horas podria oficializarse su traspaso a River.<\/p>\n<p>Por otro lado,\u00a0River buscar\u00e1 llegar a un acuerdo por Luciano Rodr\u00edguez, otra de las debilidades de la dirigencia millonaria.<\/p>\n<p>El delantero uruguayo es seguido desde el verano y tras las negociaciones fallidas con Girona de Espa\u00f1a, el Millonario reactiv\u00f3 su inter\u00e9s y buscar\u00e1 cerrarlo en estos d\u00edas.<\/p>\n<p>River est\u00e1 dispuesto a desembolsar\u00a0una suma millonaria por el atacante\u00a0de 20 a\u00f1os\u00a0aunque antes deber\u00e1 solucionar otro asunto: el cupo de extranjeros.<\/p>\n<p>&nbsp;<\/p>\n<div class=\"nota__main-media\">\n<div class=\"nota__main-media__container\">\n<div id=\"video_58\" class=\"jwplayer jw-reset jw-state-idle jw-stretch-uniform jw-flag-aspect-mode jw-skin-bekle jw-floating-dismissible jw-keep-thumbnail jw-breakpoint-2 jw-flag-user-inactive\" tabindex=\"0\" role=\"application\" aria-label=\"Reproductor de Video\" aria-describedby=\"jw-video_58-shortcuts-tooltip-explanation\">\n<div class=\"jw-aspect jw-reset\"><\/div>\n<div class=\"jw-wrapper jw-reset\">\n<div>\n<div>\n<div><\/div>\n<\/div>\n<div class=\"jw-contract-trigger\"><\/div>\n<\/div>\n<div class=\"jw-controls jw-reset\">\n<div class=\"jw-nextup-container jw-reset\">\n<div class=\"jw-nextup jw-background-color jw-reset\">\n<div class=\"jw-nextup-tooltip jw-reset\">\n<div class=\"jw-nextup-body jw-reset\">\n<div class=\"jw-nextup-duration jw-reset\"><\/div>\n<\/div>\n<\/div>\n<p>&nbsp;<\/p>\n<\/div>\n<\/div>\n<\/div>\n<\/div>\n<div class=\"afs_ads ad-placement\"><\/div>\n<\/div>\n<\/div>\n<div class=\"nota__main-media__legend\"><strong>Luciano Rodr\u00edguez sue\u00f1a con llevar sus goles de Liverpool a River.<\/strong><\/div>\n<div><\/div>\n<\/div>\n<p><span style=\"color: #000000;\">Desde las oficinas del club de N\u00fa\u00f1ez conf\u00edan en que la ciudadan\u00eda de\u00a0Paulo D\u00edaz, quien renov\u00f3 ayer su contrato con River, se resolver\u00e1 en cuesti\u00f3n de d\u00edas, y eso abrir\u00e1 el cupo para Rodr\u00edguez.\u00a0<\/span><\/p>\n<p><span style=\"color: #000000;\">Cabe destacar que en River hay 5 extranjeros:\u00a0Sebasti\u00e1n Boselli, Agust\u00edn Sant&#8217;anna, Paulo D\u00edaz, Nicol\u00e1s Fonseca y Miguel Borja. Con Bareiro ser\u00edan 6 y con Rodr\u00edguez 7.<\/span><\/p>\n<p><span style=\"color: #000000;\">Si se resuelve lo de D\u00edaz para River ser\u00eda un alivio. Adem\u00e1s, Bareiro tambi\u00e9n est\u00e1 tramitando la suya. La AFA permite hasta 6 extranjeros y s\u00f3lo 5 pueden firmar\u00a0planilla.<\/span><\/p>\n<\/div>\n<\/div>\n<\/div>\n<\/div>\n<\/div>\n","protected":false},"excerpt":{"rendered":"<p>El mercado de pases del Millonario volvi\u00f3 a tomar impulso y en los pr\u00f3ximos d\u00edas podr\u00eda haber anuncios importantes. De palabra qued\u00f3 acordado el pase de Adam Bareiro &nbsp; RIVER\u00a0no se toma descanso\u00a0y buscar\u00e1 seguir incorporando\u00a0futbolistas de cara al segundo semestre del a\u00f1o,\u00a0con la mira puesta en la lllave de octavos de final de la &hellip;<\/p>\n","protected":false},"author":2,"featured_media":11442,"comment_status":"open","ping_status":"open","sticky":false,"template":"","format":"standard","meta":{"footnotes":""},"categories":[47],"tags":[],"class_list":["post-11438","post","type-post","status-publish","format-standard","has-post-thumbnail","hentry","category-nacionales"],"_links":{"self":[{"href":"https:\/\/www.sportchaco.com.ar\/index.php?rest_route=\/wp\/v2\/posts\/11438","targetHints":{"allow":["GET"]}}],"collection":[{"href":"https:\/\/www.sportchaco.com.ar\/index.php?rest_route=\/wp\/v2\/posts"}],"about":[{"href":"https:\/\/www.sportchaco.com.ar\/index.php?rest_route=\/wp\/v2\/types\/post"}],"author":[{"embeddable":true,"href":"https:\/\/www.sportchaco.com.ar\/index.php?rest_route=\/wp\/v2\/users\/2"}],"replies":[{"embeddable":true,"href":"https:\/\/www.sportchaco.com.ar\/index.php?rest_route=%2Fwp%2Fv2%2Fcomments&post=11438"}],"version-history":[{"count":2,"href":"https:\/\/www.sportchaco.com.ar\/index.php?rest_route=\/wp\/v2\/posts\/11438\/revisions"}],"predecessor-version":[{"id":11443,"href":"https:\/\/www.sportchaco.com.ar\/index.php?rest_route=\/wp\/v2\/posts\/11438\/revisions\/11443"}],"wp:featuredmedia":[{"embeddable":true,"href":"https:\/\/www.sportchaco.com.ar\/index.php?rest_route=\/wp\/v2\/media\/11442"}],"wp:attachment":[{"href":"https:\/\/www.sportchaco.com.ar\/index.php?rest_route=%2Fwp%2Fv2%2Fmedia&parent=11438"}],"wp:term":[{"taxonomy":"category","embeddable":true,"href":"https:\/\/www.sportchaco.com.ar\/index.php?rest_route=%2Fwp%2Fv2%2Fcategories&post=11438"},{"taxonomy":"post_tag","embeddable":true,"href":"https:\/\/www.sportchaco.com.ar\/index.php?rest_route=%2Fwp%2Fv2%2Ftags&post=11438"}],"curies":[{"name":"wp","href":"https:\/\/api.w.org\/{rel}","templated":true}]}}