{"id":11455,"date":"2024-07-11T23:11:44","date_gmt":"2024-07-12T02:11:44","guid":{"rendered":"https:\/\/www.sportchaco.com.ar\/?p=11455"},"modified":"2024-07-11T23:11:44","modified_gmt":"2024-07-12T02:11:44","slug":"efemerides-del-12-de-julio","status":"publish","type":"post","link":"https:\/\/www.sportchaco.com.ar\/?p=11455","title":{"rendered":"Efem\u00e9rides del 12 de julio"},"content":{"rendered":"<p><strong>Esta es la Efem\u00e9rides del Deporte en el Chaco de un 12 de julio periodista Luis Dar\u00edo Molodezky.<\/strong><\/p>\n<p>&nbsp;<\/p>\n<p><img loading=\"lazy\" decoding=\"async\" class=\"alignnone size-medium wp-image-11387\" src=\"https:\/\/www.sportchaco.com.ar\/wp-content\/uploads\/2024\/07\/Molodezky-Luis-11-05-24-1-300x225.jpg\" alt=\"\" width=\"300\" height=\"225\" srcset=\"https:\/\/www.sportchaco.com.ar\/wp-content\/uploads\/2024\/07\/Molodezky-Luis-11-05-24-1-300x225.jpg 300w, https:\/\/www.sportchaco.com.ar\/wp-content\/uploads\/2024\/07\/Molodezky-Luis-11-05-24-1-1024x768.jpg 1024w, https:\/\/www.sportchaco.com.ar\/wp-content\/uploads\/2024\/07\/Molodezky-Luis-11-05-24-1-768x576.jpg 768w, https:\/\/www.sportchaco.com.ar\/wp-content\/uploads\/2024\/07\/Molodezky-Luis-11-05-24-1-1536x1153.jpg 1536w, https:\/\/www.sportchaco.com.ar\/wp-content\/uploads\/2024\/07\/Molodezky-Luis-11-05-24-1.jpg 1599w\" sizes=\"auto, (max-width: 300px) 100vw, 300px\" \/><\/p>\n<p><strong><em>\u00a0<\/em><\/strong><\/p>\n<p><strong>1936 <\/strong>\/ Despu\u00e9s de arduas gestiones se enfrentan Asociaci\u00f3n Centro Chaque\u00f1o de Presidencia Roque S\u00e1enz Pe\u00f1a y la Federaci\u00f3n Chaque\u00f1a, en el marco de la Exposici\u00f3n Feria del Chaco. Se jug\u00f3 en la cancha de For Ever y empataron 1 a 1 con goles de Carballo para el local y Medina para la visita. Federaci\u00f3n form\u00f3 con Ferreyra; Li\u00e9bana y Vargas; Aguirreberry y Peloso; C. Romero, Ram\u00edrez, Carballo, Gonz\u00e1lez y Dur\u00e1n. La visita con L\u00f3pez, Meza y M\u00e9ndez; Montiveros, Paz y Sosa; Medina, Com\u00e1n, D\u00edaz, Casarella y Ferreyra.<\/p>\n<p><strong>1946 \/<\/strong> Nace Osvaldo \u201cBucky\u201d Carlen. Form\u00f3 parte de un hist\u00f3rico jugador de Villa San Mart\u00edn y la Selecci\u00f3n chaque\u00f1a. En el tricolor jug\u00f3 junto a Carlos Lutringer, Heriberto S\u00e1nchez, Oscar Valussi, Walter Dosso y H\u00e9ctor Corbal\u00e1n, integrando un equipo casi invencible que domin\u00f3 el b\u00e1squetbol de la ABR por m\u00e1s de una d\u00e9cada.<\/p>\n<p><strong>1954 <\/strong>\/ Se funda el Club Yap\u00fa Guaz\u00fa, que tiene su predio en Antequera y nuclea a pescadores de la provincia. Tiene una guarder\u00eda y amplio camping.<\/p>\n<p><strong>1970 <\/strong>\/ Central Norte debuta en el Torneo Regional empatando con Patria en Formosa en un gol. Igual resultado se da en la revancha. En los penales igualan 3 a 3 y define la moneda a favor de los ferroviarios. En la siguiente etapa queda eliminado luego de empatar de visitante (2-2) y caer de local ante Patronato de Paran\u00e1 2-1 en cancha de For Ever.<\/p>\n<p><strong>1979 <\/strong>\/ Arnaldo Primitivo Carro, se hace cargo como director t\u00e9cnico de General Belgrano de S\u00e1enz Pe\u00f1a. Anteriormente se desempe\u00f1\u00f3 como periodista deportivo en el Diario Norte.<\/p>\n<p><strong>1985 <\/strong>\/ La chaque\u00f1a Hilda Acu\u00f1a, es designada integrante del Seleccionado Argentino de Judo para el sudamericano de R\u00edo de Janeiro.<\/p>\n<p><strong>2007 <\/strong>\/ Ricardo Siri, presidente de la FCH de Basquetbol y vice segundo de la CABB, preside la delegaci\u00f3n de la selecci\u00f3n nacional que participa del Campeonato Mundial de B\u00e1squetbol de la categor\u00eda Sub 19, que se juega en Serbia.<\/p>\n<p>&nbsp;<\/p>\n<p>&nbsp;<\/p>\n<p><strong>Foto de Osvaldo Bucky Carlen, que hoy cumple 78 a\u00f1os<\/strong><\/p>\n<p style=\"text-align: center;\"><img loading=\"lazy\" decoding=\"async\" class=\"alignnone size-medium wp-image-11456\" src=\"https:\/\/www.sportchaco.com.ar\/wp-content\/uploads\/2024\/07\/mosqiotps-salud-15-5-24-300x300.jpg\" alt=\"\" width=\"300\" height=\"300\" srcset=\"https:\/\/www.sportchaco.com.ar\/wp-content\/uploads\/2024\/07\/mosqiotps-salud-15-5-24-300x300.jpg 300w, https:\/\/www.sportchaco.com.ar\/wp-content\/uploads\/2024\/07\/mosqiotps-salud-15-5-24-150x150.jpg 150w, https:\/\/www.sportchaco.com.ar\/wp-content\/uploads\/2024\/07\/mosqiotps-salud-15-5-24.jpg 600w\" sizes=\"auto, (max-width: 300px) 100vw, 300px\" \/><\/p>\n","protected":false},"excerpt":{"rendered":"<p>Esta es la Efem\u00e9rides del Deporte en el Chaco de un 12 de julio periodista Luis Dar\u00edo Molodezky. &nbsp; \u00a0 1936 \/ Despu\u00e9s de arduas gestiones se enfrentan Asociaci\u00f3n Centro Chaque\u00f1o de Presidencia Roque S\u00e1enz Pe\u00f1a y la Federaci\u00f3n Chaque\u00f1a, en el marco de la Exposici\u00f3n Feria del Chaco. Se jug\u00f3 en la cancha de &hellip;<\/p>\n","protected":false},"author":2,"featured_media":11457,"comment_status":"open","ping_status":"open","sticky":false,"template":"","format":"standard","meta":{"footnotes":""},"categories":[45,37],"tags":[],"class_list":["post-11455","post","type-post","status-publish","format-standard","has-post-thumbnail","hentry","category-efemerides-dia-por-dia","category-julio"],"_links":{"self":[{"href":"https:\/\/www.sportchaco.com.ar\/index.php?rest_route=\/wp\/v2\/posts\/11455","targetHints":{"allow":["GET"]}}],"collection":[{"href":"https:\/\/www.sportchaco.com.ar\/index.php?rest_route=\/wp\/v2\/posts"}],"about":[{"href":"https:\/\/www.sportchaco.com.ar\/index.php?rest_route=\/wp\/v2\/types\/post"}],"author":[{"embeddable":true,"href":"https:\/\/www.sportchaco.com.ar\/index.php?rest_route=\/wp\/v2\/users\/2"}],"replies":[{"embeddable":true,"href":"https:\/\/www.sportchaco.com.ar\/index.php?rest_route=%2Fwp%2Fv2%2Fcomments&post=11455"}],"version-history":[{"count":1,"href":"https:\/\/www.sportchaco.com.ar\/index.php?rest_route=\/wp\/v2\/posts\/11455\/revisions"}],"predecessor-version":[{"id":11458,"href":"https:\/\/www.sportchaco.com.ar\/index.php?rest_route=\/wp\/v2\/posts\/11455\/revisions\/11458"}],"wp:featuredmedia":[{"embeddable":true,"href":"https:\/\/www.sportchaco.com.ar\/index.php?rest_route=\/wp\/v2\/media\/11457"}],"wp:attachment":[{"href":"https:\/\/www.sportchaco.com.ar\/index.php?rest_route=%2Fwp%2Fv2%2Fmedia&parent=11455"}],"wp:term":[{"taxonomy":"category","embeddable":true,"href":"https:\/\/www.sportchaco.com.ar\/index.php?rest_route=%2Fwp%2Fv2%2Fcategories&post=11455"},{"taxonomy":"post_tag","embeddable":true,"href":"https:\/\/www.sportchaco.com.ar\/index.php?rest_route=%2Fwp%2Fv2%2Ftags&post=11455"}],"curies":[{"name":"wp","href":"https:\/\/api.w.org\/{rel}","templated":true}]}}