{"id":11462,"date":"2024-07-11T23:26:54","date_gmt":"2024-07-12T02:26:54","guid":{"rendered":"https:\/\/www.sportchaco.com.ar\/?p=11462"},"modified":"2024-07-11T23:26:54","modified_gmt":"2024-07-12T02:26:54","slug":"adam-bareiro-ya-es-jugador-de-river","status":"publish","type":"post","link":"https:\/\/www.sportchaco.com.ar\/?p=11462","title":{"rendered":"Adam Bareiro ya es jugador de River"},"content":{"rendered":"<div class=\"nota__heading\">\n<h1 class=\"nota__heading__title\"><span style=\"font-size: 16px; font-weight: 400;\">\u00a011 de julio de 2024<\/span><\/h1>\n<p class=\"nota__heading__subtitle\">El delantero paraguayo firm\u00f3 con el Millonario hasta diciembre de 2027.<\/p>\n<div class=\"nota__heading__author\">\n<p>&nbsp;<\/p>\n<\/div>\n<\/div>\n<div class=\"nota__main-media\">\n<div class=\"nota__image\"><\/div>\n<div class=\"nota__main-media__legend\"><\/div>\n<\/div>\n<div class=\"nota__body\">\n<div class=\"container\">\n<div class=\"row\">\n<div class=\"eg-grid eg-grid--content\">\n<div class=\"eg-cell__1-1\">\n<div class=\"col-xs-24 col-sm-4 eg-social eg-social--vert\">\n<div class=\"addthis_sharing_toolbox nota_body_social\"><\/div>\n<\/div>\n<\/div>\n<div class=\"eg-cell__2-1\">\n<p><span style=\"color: #000000;\"><strong><a style=\"color: #000000;\" href=\"https:\/\/www.elgrafico.com.ar\/etiqueta\/san%20lorenzo\" target=\"_blank\" rel=\"noopener\">SAN LORENZO<\/a>\u00a0Y\u00a0<a style=\"color: #000000;\" href=\"https:\/\/www.elgrafico.com.ar\/etiqueta\/river\" target=\"_blank\" rel=\"noopener\">RIVER<\/a>\u00a0oficializaron\u00a0la venta de\u00a0<a style=\"color: #000000;\" href=\"https:\/\/www.elgrafico.com.ar\/etiqueta\/adam%20bareiro\" target=\"_blank\" rel=\"noopener\">Adam Bareiro<\/a>\u00a0al club de N\u00fa\u00f1ez, a cambio de\u00a0<span class=\"css-1jxf684 r-bcqeeo r-1ttztb7 r-qvutc0 r-poiln3\">4.500.000 d\u00f3lares netos por el pase. Fuente El Gr\u00e1fico<\/span><\/strong><\/span><\/p>\n<div id=\"embi_elgrafico_30\"><\/div>\n<p>Primero fue el Cicl\u00f3n el que dio la noticia\u00a0de que la transferencia era un hecho\u00a0y despu\u00e9s el Millonario lo anunci\u00f3 en sus redes sociales\u00a0con im\u00e1genes del delantero ya en pose con su nueva camiseta.<\/p>\n<p>El goleador, que viene de representar a Paraguay en la Copa Am\u00e9rica, se realiz\u00f3 la revisi\u00f3n m\u00e9dica y\u00a0firm\u00f3 con el Millonario hasta diciembre de 2027.<\/p>\n<div class=\"twitter-tweet twitter-tweet-rendered\"><\/div>\n<p>&nbsp;<\/p>\n<p>La transferencia tuvo idas y vueltas por temas econ\u00f3micos y otros equipos en el medio que estaban interesados en contar con los goles del capit\u00e1n Azulgrana, pero finalmente lleg\u00f3 a buen puerto.<\/p>\n<p>Adam Bareiro se pondr\u00e1 a la brevedad a las \u00f3rdenes de Mart\u00edn Demichelis\u00a0en River, que el domingo 21 abrir\u00e1 el semestre en el Monumental frente a Lan\u00fas.<\/p>\n<p>&nbsp;<\/p>\n<p>El paraguayo puede llegar a tener minutos el s\u00e1bado en el amistoso con Olimpia, debido a que\u00a0Miguel Borja sigue afectado a la participaci\u00f3n de la Copa Am\u00e9rica con la Selecci\u00f3n de Colombia.<\/p>\n<p>Adam Bareiro se despidi\u00f3 de los hinchas de San Lorenzo\u00a0con un emotivo posteo en sus redes sociales.<iframe loading=\"lazy\" id=\"nsn-iframe-19556a8d-d08e-4eee-ba0f-6362376201db\" title=\"ia-container-iframe\" src=\"https:\/\/c.nsmedia-advertising.com\/betano-ar\/AR?l=19556a8d-d08e-4eee-ba0f-6362376201db&amp;token=91d61111-33e6-4f87-abda-ab4ae3200550&amp;country=AR&amp;region=H&amp;ref=aHR0cHM6Ly93d3cuZWxncmFmaWNvLmNvbS5hci8=&amp;path=aHR0cHM6Ly93d3cuZWxncmFmaWNvLmNvbS5hci9hcnRpY3Vsby9tZXJjYWRvLWRlLXBhc2VzLzc5MTgyL3NlLXRlcm1pbm8tbGEtbm92ZWxhLWJhcmVpcm8tbXVkby1zdXMtZ29sZXMtYS1yaXZlcg==&amp;url=aHR0cHM6Ly93d3cuYmV0YW5vLmJldC5hci8\/YnRhZz1hXzQ4MzkzYl8zMjcxY19bQ3VzdG9tTWVyZ2VGaWVsZHNdJnNpdGVpZD00ODM5Mw==\" width=\"1px\" height=\"1px\" frameborder=\"0\" data-mce-fragment=\"1\"><\/iframe><\/p>\n<p>&nbsp;<\/p>\n<div class=\"twitter-tweet twitter-tweet-rendered\"><\/div>\n<p>&nbsp;<\/p>\n<p>&nbsp;<\/p>\n<\/div>\n<\/div>\n<\/div>\n<\/div>\n<\/div>\n","protected":false},"excerpt":{"rendered":"<p>\u00a011 de julio de 2024 El delantero paraguayo firm\u00f3 con el Millonario hasta diciembre de 2027. &nbsp; SAN LORENZO\u00a0Y\u00a0RIVER\u00a0oficializaron\u00a0la venta de\u00a0Adam Bareiro\u00a0al club de N\u00fa\u00f1ez, a cambio de\u00a04.500.000 d\u00f3lares netos por el pase. Fuente El Gr\u00e1fico Primero fue el Cicl\u00f3n el que dio la noticia\u00a0de que la transferencia era un hecho\u00a0y despu\u00e9s el Millonario lo &hellip;<\/p>\n","protected":false},"author":2,"featured_media":11463,"comment_status":"open","ping_status":"open","sticky":false,"template":"","format":"standard","meta":{"footnotes":""},"categories":[47],"tags":[],"class_list":["post-11462","post","type-post","status-publish","format-standard","has-post-thumbnail","hentry","category-nacionales"],"_links":{"self":[{"href":"https:\/\/www.sportchaco.com.ar\/index.php?rest_route=\/wp\/v2\/posts\/11462","targetHints":{"allow":["GET"]}}],"collection":[{"href":"https:\/\/www.sportchaco.com.ar\/index.php?rest_route=\/wp\/v2\/posts"}],"about":[{"href":"https:\/\/www.sportchaco.com.ar\/index.php?rest_route=\/wp\/v2\/types\/post"}],"author":[{"embeddable":true,"href":"https:\/\/www.sportchaco.com.ar\/index.php?rest_route=\/wp\/v2\/users\/2"}],"replies":[{"embeddable":true,"href":"https:\/\/www.sportchaco.com.ar\/index.php?rest_route=%2Fwp%2Fv2%2Fcomments&post=11462"}],"version-history":[{"count":1,"href":"https:\/\/www.sportchaco.com.ar\/index.php?rest_route=\/wp\/v2\/posts\/11462\/revisions"}],"predecessor-version":[{"id":11464,"href":"https:\/\/www.sportchaco.com.ar\/index.php?rest_route=\/wp\/v2\/posts\/11462\/revisions\/11464"}],"wp:featuredmedia":[{"embeddable":true,"href":"https:\/\/www.sportchaco.com.ar\/index.php?rest_route=\/wp\/v2\/media\/11463"}],"wp:attachment":[{"href":"https:\/\/www.sportchaco.com.ar\/index.php?rest_route=%2Fwp%2Fv2%2Fmedia&parent=11462"}],"wp:term":[{"taxonomy":"category","embeddable":true,"href":"https:\/\/www.sportchaco.com.ar\/index.php?rest_route=%2Fwp%2Fv2%2Fcategories&post=11462"},{"taxonomy":"post_tag","embeddable":true,"href":"https:\/\/www.sportchaco.com.ar\/index.php?rest_route=%2Fwp%2Fv2%2Ftags&post=11462"}],"curies":[{"name":"wp","href":"https:\/\/api.w.org\/{rel}","templated":true}]}}