{"id":11492,"date":"2024-07-12T23:18:41","date_gmt":"2024-07-13T02:18:41","guid":{"rendered":"https:\/\/www.sportchaco.com.ar\/?p=11492"},"modified":"2024-07-12T23:18:41","modified_gmt":"2024-07-13T02:18:41","slug":"frases-explosivas-de-la-conferencia-de-marcelo-bielsa","status":"publish","type":"post","link":"https:\/\/www.sportchaco.com.ar\/?p=11492","title":{"rendered":"Frases  explosivas de la conferencia de Marcelo Bielsa"},"content":{"rendered":"<h1><\/h1>\n<p class=\"description\">El entrenador argentino habl\u00f3 en v\u00edsperas del partido del tercer puesto de la Copa Am\u00e9rica 2024 y no solo defendi\u00f3 a sus jugadores por su accionar sino que tambi\u00e9n apunt\u00f3 fuertemente contra la organizaci\u00f3n.<\/p>\n<div class=\"article-info\">\n<div class=\"article-info-left\">\n<div class=\"article-autor-info\"><\/div>\n<\/div>\n<\/div>\n<section class=\"fluidMedia\">\n<div id=\"video-genoa-741235\" class=\"player-nota-wrapper genoa-async lazycontainer\" data-contentid=\"1647376\" data-share=\"https:\/\/www.tycsports.com\/copa-america\/las-10-frases-mas-duras-de-la-conferencia-de-marcelo-bielsa-id595940.html\">\n<div class=\"player-nota-overlay\">\n<h3><\/h3>\n<\/div>\n<\/div>\n<\/section>\n<p class=\"capital\"><strong><span style=\"color: #000000;\">Marcelo Bielsa habl\u00f3 en la conferencia de prensa previa al juego de Uruguay con Canad\u00e1\u00a0por el tercer puesto de la Copa Am\u00e9rica 2024 y\u00a0<a style=\"color: #000000;\" href=\"https:\/\/www.tycsports.com\/copa-america\/bielsa-conferencia-de-prensa-caliente-uruguay-id595901.html\" target=\"_blank\" rel=\"noopener\">protagoniz\u00f3 una conferencia de prensa que r\u00e1pidamente dio la vuelta al mundo<\/a>\u00a0por su en\u00e9rgica defensa para con sus jugadores y su manera de apuntar duramente contra la organizaci\u00f3n del torneo.<\/span>\u00a0<\/strong><\/p>\n<div class=\"watchto-wrap\">\n<div class=\"watchto\"><\/div>\n<\/div>\n<ul>\n<li><b><i>\u00abLos jugadores reaccionaron como lo hubiera hecho cualquier ser humano. Est\u00e1n agrediendo a su mujer, a su madre, a un beb\u00e9, a su esposa, a su hermana, \u00bfQu\u00e9 hace usted? \u00bfPregunta si van a sancionar a los que fueron a defender? Esto todo un grado de complicidad\u00bb.<\/i><\/b><\/li>\n<\/ul>\n<p>El rosarino respald\u00f3 a sus jugadores por su accionar en el postpartido ante Colombia, al asegurar que la reacci\u00f3n de sus dirigidos era la l\u00f3gica consideran la compleja situaci\u00f3n en la que estaban vueltos sus seres queridos.<\/p>\n<ul>\n<li><b><i>\u00abLos organizadores estaban en condiciones de evitar que eso pasara\u00bb.<\/i><\/b><\/li>\n<\/ul>\n<p>Bielsa apunt\u00f3 con la organizaci\u00f3n del torneo por su manera de no lograr sofocar los incidentes. Al no solo contar con previsi\u00f3n ante una posible situaci\u00f3n de esa \u00edndole como tampoco utilizar la \u00abpuerta de escape\u00bb para asegurar el \u00e9xodo de los familiares de los jugadores uruguayos de esa lugar.<\/p>\n<ul>\n<li><i><b>\u00ab\u00bfPero no se dan cuenta que estos j\u00f3venes si no hac\u00edan eso hubieran sido condenados por todos nosotros? \u00bfC\u00f3mo vos no vas a defender a tu mam\u00e1, a tu hermana, a tu mujer, a un beb\u00e9?\u00bb<\/b><\/i>.<\/li>\n<\/ul>\n<p>El Loco defendi\u00f3 a sus jugadores y explic\u00f3 lo grave de la condena social que atrae consigo una actitud deshonrosa como permitir que ofenda o agreda a un familiar o ser querido, con el agregado de que cuestion\u00f3 a qui\u00e9n no actuase de esa misma manera en un escenario similar.<\/p>\n<ul>\n<li><i><b>\u00abLe tengo mucho miedo a las venganzas prometidas. Que son deportivas, siempre te amenazas deportivamente\u00bb<\/b><\/i>.<\/li>\n<\/ul>\n<p>El temor de Bielsa no corre por sanciones a sus jugadores, al considerar que no son meritorias de ellas, sino que su Uruguay sufra fallos arbitrables en su contra que le perjudiquen deportivamente.<\/p>\n<ul>\n<li><i>\u00ab<b>Los futbolistas fueron obligados a hacer esto. La sanci\u00f3n no es para los futbolistas. Sino para aquellos que los obligaron a actuar del modo en que actuaron. No ten\u00edan opci\u00f3n, los dejaron sin opci\u00f3n\u00bb<\/b><\/i>.<\/li>\n<\/ul>\n<p>Ante la chance de que sus diez jugadores a quienes se le abrieron un expediente por los incidentes, la mirada del Loco es que los castigos deber\u00edan ser para la propia organizaci\u00f3n, por lo su fallido operativo de seguridad que puso en peligro a las familias de los<\/p>\n<section class=\"fluidMedia\">\n<div id=\"video-genoa-741253\" class=\"player-nota-wrapper genoa-async lazycontainer\" data-contentid=\"1647404\" data-share=\"https:\/\/www.tycsports.com\/copa-america\/las-10-frases-mas-duras-de-la-conferencia-de-marcelo-bielsa-id595940.html\">\n<div class=\"player-nota-overlay\">\n<h3>Bielsa, enojad\u00edsimo por los campos de juego y los castigos en Copa Am\u00e9rica<\/h3>\n<\/div>\n<\/div>\n<\/section>\n<p>&nbsp;<\/p>\n<ul>\n<li><i><b>\u00abEstados Unidos cre\u00f3 el FIFA Gate con el FBI cuando sinti\u00f3 que sus inter\u00e9s estaban siendo atacados. Hicieron lo que hicieron, pero era por sus intereses\u00bb.<\/b><\/i><\/li>\n<\/ul>\n<p>&nbsp;<\/p>\n<p>El FIFA Gate fue el esc\u00e1ndalo de corrupci\u00f3n m\u00e1s importante en la historia del deporte, el cual estall\u00f3 en 2015 -justamente en el pa\u00eds norteamericano- y Bielsa lo utiliz\u00f3 como ejemplo para marcar el poder con el que cuenta la naci\u00f3n sede de la Copa Am\u00e9rica y de la pr\u00f3xima Copa del Mundo, incluso en el deporte y para evitar sobredimensionar esta situaci\u00f3n en particular.<\/p>\n<ul>\n<li><i><b>\u00ab<span style=\"color: #000000;\">Esto es una plaga de mentirosos. Ya dije todo lo que me promet\u00ed no decir. Scaloni se atrevi\u00f3 a decir una vez lo de las uniones (entre los panes de pasto) y le dijeron &#8216;ya hablaste una vez, no hables m\u00e1s&#8217;.\u00a0<a style=\"color: #000000;\" href=\"https:\/\/www.tycsports.com\/seleccion-argentina\/la-firme-postura-de-scaloni-ante-las-preguntas-por-el-campo-de-juego-a-molina-ya-esta-no-va-a-decir-mas-nada-id592312.html\" target=\"_blank\" rel=\"noopener\">\u00c9l mismo tuvo que decir que no dir\u00eda m\u00e1s nada<\/a>. Los jugadores no pueden hablar\u00bb<\/span><\/b><\/i><span style=\"color: #000000;\">.<\/span><\/li>\n<\/ul>\n<p><span style=\"color: #000000;\">El rosarino apunt\u00f3 fuertemente contra la organizaci\u00f3n del torneo por el gran problema que estuvo en todo el torneo: los campos de juegos. A su vez,<a style=\"color: #000000;\" href=\"https:\/\/www.tycsports.com\/seleccion-argentina\/seleccion-argentina-copa-america-dibu-martinez-cuti-romero-enojo-campo-de-juego-id591713.html\" target=\"_blank\" rel=\"noopener\">\u00a0asegur\u00f3 que el entrenador de la Selecci\u00f3n Argentina sufri\u00f3 amenazas debido a sus quejas por el estado del terreno en el partido inaugural<\/a>.<\/span><\/p>\n<ul>\n<li><span style=\"color: #000000;\"><b>\u00abLos norteamericanos no te dicen \u2018te doy una cancha perfecta\u2019, te dicen que te dan una instalada hace tres d\u00edas y que las uniones en el c\u00e9sped no cierran\u00bb<\/b>.<\/span><\/li>\n<\/ul>\n<p><span style=\"color: #000000;\">La queja de Bielsa reside en un gran problema recurrente en este torneo y es que los campos de juegos no recibieron el trabajo indicado. No solo por las dimensiones (algo a lo que apuntaron en Brasil) sino por los claros inconvenientes en la colocaci\u00f3n de los panes de c\u00e9sped; lo que afect\u00f3 el ritmo de juego en m\u00faltiples encuentros.<\/span><\/p>\n<ul>\n<li><span style=\"color: #000000;\"><i><b>\u201cConozco situaciones much\u00edsimo m\u00e1s graves que esta a la perfecci\u00f3n. Esto es de un beb\u00e9 de pecho\u201d<\/b><\/i>.<\/span><\/li>\n<\/ul>\n<p><span style=\"color: #000000;\">Pese a la gran pol\u00e9mica que se desat\u00f3 con la pelea despu\u00e9s de la semifinal ante Colombia, el Loco hizo uso de su experiencia de m\u00e1s de 40 a\u00f1os en el f\u00fatbol para asegurar que ya vivi\u00f3 escenarios m\u00e1s controversiales que este.\u00a0<\/span><\/p>\n<ul>\n<li><span style=\"color: #000000;\"><i><b>\u201cS\u00e9 qui\u00e9n es (la encargada de los estados) , la conozco, conozco perfectamente todo lo que hace y lo mal que lo hace.\u00a0<a style=\"color: #000000;\" href=\"https:\/\/www.tycsports.com\/copa-america\/conmebol-scaloni-campo-de-juego-cesped-criticas-id593583.html\" target=\"_blank\" rel=\"noopener\">Hace una conferencia para decir que es una cuesti\u00f3n visual<\/a>, que Vinicius no ve, que Scaloni no tiene que hablar, que los campos de entrenamiento est\u00e1n todos perfectos y tengo una colecci\u00f3n de fotos de los campos no ya unidos, emparchados\u00bb<\/b><\/i>.<\/span><\/li>\n<\/ul>\n<p><span style=\"color: #000000;\">Por \u00faltimo, pero no menos principal, el ex-Newell&#8217;s critic\u00f3 las respuestas por parte de la organizaci\u00f3n ante las cr\u00edticas por el campo de juego por parte de los protagonistas. <strong>Fuente TyC Sports<\/strong><\/span><\/p>\n<p>&nbsp;<\/p>\n<p style=\"text-align: center;\"><img loading=\"lazy\" decoding=\"async\" class=\"alignnone size-medium wp-image-11494\" src=\"https:\/\/www.sportchaco.com.ar\/wp-content\/uploads\/2024\/07\/Mosquitos-3-1-300x300.jpg\" alt=\"\" width=\"300\" height=\"300\" srcset=\"https:\/\/www.sportchaco.com.ar\/wp-content\/uploads\/2024\/07\/Mosquitos-3-1-300x300.jpg 300w, https:\/\/www.sportchaco.com.ar\/wp-content\/uploads\/2024\/07\/Mosquitos-3-1-1024x1024.jpg 1024w, https:\/\/www.sportchaco.com.ar\/wp-content\/uploads\/2024\/07\/Mosquitos-3-1-150x150.jpg 150w, https:\/\/www.sportchaco.com.ar\/wp-content\/uploads\/2024\/07\/Mosquitos-3-1-768x768.jpg 768w, https:\/\/www.sportchaco.com.ar\/wp-content\/uploads\/2024\/07\/Mosquitos-3-1.jpg 1440w\" sizes=\"auto, (max-width: 300px) 100vw, 300px\" \/><\/p>\n","protected":false},"excerpt":{"rendered":"<p>El entrenador argentino habl\u00f3 en v\u00edsperas del partido del tercer puesto de la Copa Am\u00e9rica 2024 y no solo defendi\u00f3 a sus jugadores por su accionar sino que tambi\u00e9n apunt\u00f3 fuertemente contra la organizaci\u00f3n. Marcelo Bielsa habl\u00f3 en la conferencia de prensa previa al juego de Uruguay con Canad\u00e1\u00a0por el tercer puesto de la Copa &hellip;<\/p>\n","protected":false},"author":2,"featured_media":11493,"comment_status":"open","ping_status":"open","sticky":false,"template":"","format":"standard","meta":{"footnotes":""},"categories":[6],"tags":[],"class_list":["post-11492","post","type-post","status-publish","format-standard","has-post-thumbnail","hentry","category-internacionales"],"_links":{"self":[{"href":"https:\/\/www.sportchaco.com.ar\/index.php?rest_route=\/wp\/v2\/posts\/11492","targetHints":{"allow":["GET"]}}],"collection":[{"href":"https:\/\/www.sportchaco.com.ar\/index.php?rest_route=\/wp\/v2\/posts"}],"about":[{"href":"https:\/\/www.sportchaco.com.ar\/index.php?rest_route=\/wp\/v2\/types\/post"}],"author":[{"embeddable":true,"href":"https:\/\/www.sportchaco.com.ar\/index.php?rest_route=\/wp\/v2\/users\/2"}],"replies":[{"embeddable":true,"href":"https:\/\/www.sportchaco.com.ar\/index.php?rest_route=%2Fwp%2Fv2%2Fcomments&post=11492"}],"version-history":[{"count":1,"href":"https:\/\/www.sportchaco.com.ar\/index.php?rest_route=\/wp\/v2\/posts\/11492\/revisions"}],"predecessor-version":[{"id":11495,"href":"https:\/\/www.sportchaco.com.ar\/index.php?rest_route=\/wp\/v2\/posts\/11492\/revisions\/11495"}],"wp:featuredmedia":[{"embeddable":true,"href":"https:\/\/www.sportchaco.com.ar\/index.php?rest_route=\/wp\/v2\/media\/11493"}],"wp:attachment":[{"href":"https:\/\/www.sportchaco.com.ar\/index.php?rest_route=%2Fwp%2Fv2%2Fmedia&parent=11492"}],"wp:term":[{"taxonomy":"category","embeddable":true,"href":"https:\/\/www.sportchaco.com.ar\/index.php?rest_route=%2Fwp%2Fv2%2Fcategories&post=11492"},{"taxonomy":"post_tag","embeddable":true,"href":"https:\/\/www.sportchaco.com.ar\/index.php?rest_route=%2Fwp%2Fv2%2Ftags&post=11492"}],"curies":[{"name":"wp","href":"https:\/\/api.w.org\/{rel}","templated":true}]}}