{"id":11526,"date":"2024-07-13T23:28:18","date_gmt":"2024-07-14T02:28:18","guid":{"rendered":"https:\/\/www.sportchaco.com.ar\/?p=11526"},"modified":"2024-07-13T23:28:18","modified_gmt":"2024-07-14T02:28:18","slug":"luis-suarez-rescato-en-la-hora-a-uruguay-que-gano-en-los-penales","status":"publish","type":"post","link":"https:\/\/www.sportchaco.com.ar\/?p=11526","title":{"rendered":"Luis Su\u00e1rez rescat\u00f3 en la hora a Uruguay que gan\u00f3 en los penales"},"content":{"rendered":"<div class=\"col-12 col-lg-12\">\n<article class=\"news-article news-article_header no-hide\">\n<div class=\"news-article_info-wrapper\">\n<p class=\"news-article_description\">13 de julio 2024<\/p>\n<p class=\"ignore-parser\"><strong>Luis Su\u00e1rez rescat\u00f3 en la hora a Uruguay en su peor versi\u00f3n de la Copa Am\u00e9rica 2024 y los penales le dieron el tercer lugar<\/strong><\/p>\n<p>&nbsp;<\/p>\n<\/div>\n<\/article>\n<div class=\"news-detail_date-and-share\">\n<div class=\"news-detail__share\"><\/div>\n<\/div>\n<div class=\"detail-gallery\">\n<div class=\"detail-gallery__slide-wrapper\">\n<div class=\"detail-gallery__slide\">\n<figure class=\"detail-gallery__figure\"><img loading=\"lazy\" decoding=\"async\" class=\"detail-gallery__figure-img img-fluid\" src=\"https:\/\/media.elobservador.com.uy\/p\/cc0156ca17337b7a5e8439b6f7d9246e\/adjuntos\/362\/imagenes\/100\/520\/0100520769\/1000x0\/smart\/charlotte-north-carolina-july-13-luis-suarez-of-uruguay-celebrates-after-scoring-the-teams-second-goal-during-the-conmebol-copa-america-2024-third-place-match-between-uruguay-and-canada-at-bank-of-america-stadium-on-july-13-2024-in-charlotte-north.jpg\" alt=\"Luis Su\u00e1rez de la selecci\u00f3n de Uruguay celebra el 2-2 ante Canad\u00e1 en la Copa Am\u00e9rica 2024\" width=\"5628\" height=\"4012\" \/><\/p>\n<div class=\"detail-gallery__nav\"><\/div>\n<\/figure>\n<\/div>\n<div class=\"detail-gallery__caption \">\n<p>Luis Su\u00e1rez de la selecci\u00f3n de Uruguay celebra el 2-2 ante Canad\u00e1 en la Copa Am\u00e9rica 2024<\/p>\n<\/div>\n<\/div>\n<\/div>\n<div class=\"news-article_author-note-\">\n<div class=\"news-article_author-note \">\n<div class=\"author-container\">\n<header class=\"caas-header\">\n<div class=\"caas-title-wrapper\"><\/div>\n<\/header>\n<div class=\"caas-content-byline-wrapper\">\n<div class=\"caas-attr\">\n<div class=\"caas-attr-meta\">\n<div class=\"caas-attr-time-style\"><\/div>\n<\/div>\n<\/div>\n<div class=\"caas-content-contain-share\">\n<div class=\"caas-share-section \">\n<div class=\"caas-share-buttons\"><\/div>\n<\/div>\n<\/div>\n<\/div>\n<figure class=\"caas-figure caas-cover\">\n<div class=\"caas-figure-with-pb\">\n<div>\n<div class=\"caas-img-container caas-img-lightbox\" data-lightbox-src=\"https:\/\/s.yimg.com\/ny\/api\/res\/1.2\/JdYqHD9SM1tD96u28mBljQ--\/YXBwaWQ9aGlnaGxhbmRlcjt3PTE1MzY7aD0xMDIyO2NmPXdlYnA-\/https:\/\/media.zenfs.com\/es\/lanacion.com.ar\/528e37d14749f288a1087001bc4738d1\"><span class=\"caas-img-wrapper\"><img decoding=\"async\" class=\"caas-img\" src=\"https:\/\/s.yimg.com\/ny\/api\/res\/1.2\/516E6NIfKb5BMMoO.HtSmg--\/YXBwaWQ9aGlnaGxhbmRlcjt3PTEyNDI7aD04MjY7Y2Y9d2VicA--\/https:\/\/media.zenfs.com\/es\/lanacion.com.ar\/528e37d14749f288a1087001bc4738d1\" alt=\"Prometedor en la primera rueda del torneo, en el centro de la escena por un hecho de violencia con espectadores, Uruguay termin\u00f3 la Copa Am\u00e9rica con este festejo moderado: super\u00f3 por penales a Canad\u00e1 en el choque por la tercera posici\u00f3n.\" data-src=\"https:\/\/s.yimg.com\/ny\/api\/res\/1.2\/516E6NIfKb5BMMoO.HtSmg--\/YXBwaWQ9aGlnaGxhbmRlcjt3PTEyNDI7aD04MjY7Y2Y9d2VicA--\/https:\/\/media.zenfs.com\/es\/lanacion.com.ar\/528e37d14749f288a1087001bc4738d1\" \/><button class=\"link caas-lightbox\" aria-label=\"Ver imagen ampliada\" data-ylk=\"sec:image-lightbox;slk:lightbox-open;elm:expand;itc:1\" data-rapid_p=\"8\" data-v9y=\"1\"><\/button><\/span><\/div>\n<\/div>\n<\/div>\n<div class=\"caption-wrapper caption-aligned-with-image\">\n<div class=\"caption-wrapper caption-aligned-with-image\"><\/div>\n<\/div><figcaption class=\"caption-collapse\" data-id=\"m-0\">Prometedor en la primera rueda del torneo, en el centro de la escena por un hecho de violencia con espectadores, Uruguay termin\u00f3 la Copa Am\u00e9rica con este festejo moderado: super\u00f3 por penales a Canad\u00e1 en el choque por la tercera posici\u00f3n.<\/figcaption><\/figure>\n<div class=\"caas-body\">\n<p><b>Uruguay<\/b>\u00a0consigui\u00f3 el\u00a0<b>tercer puesto<\/b>\u00a0en la\u00a0<b>Copa Am\u00e9rica<\/b>\u00a0de Estados Unidos con un\u00a0<b>4-3<\/b>\u00a0en la\u00a0<b>definici\u00f3n por penales<\/b>\u00a0contra\u00a0<b>Canad\u00e1<\/b>, luego de un\u00a0<b>2-2<\/b>\u00a0fren\u00e9tico en Charlotte. Lo logr\u00f3 tras un cierre electrizante de partido, en el que marc\u00f3 el gol del\u00a0<b>empate a los 48 minutos del segundo tiempo\u00a0<\/b>mediante un hist\u00f3rico,\u00a0<b>Luis Su\u00e1rez<\/b>.<\/p>\n<p>El espect\u00e1culo fue el\u00e9ctrico. Abri\u00f3 el marcador Rodrigo Bentancur (media vuelta y zurdazo), empat\u00f3 Ismael Kon\u00e9 con una pirueta, estir\u00f3 la diferencia Facundo Pellistri, r\u00e1pidamente anulada por una posici\u00f3n adelantada. De ida y vuelta, Canad\u00e1 siempre se mostr\u00f3 m\u00e1s punzante: dispuso de tres situaciones claras durante ese mismo cap\u00edtulo, pero no pudo. No supo. En la \u00faltima, N\u00e1ndez se jug\u00f3 la vida para evitar la ca\u00edda de su arco, tras un impacto de Osorio.<\/p>\n<figure class=\"caas-figure\">\n<div class=\"caas-figure-with-pb\">\n<div class=\"caas-img-container caas-img-lightbox\" data-lightbox-src=\"https:\/\/s.yimg.com\/ny\/api\/res\/1.2\/RQsWn8QYoDRh.NJpY176qA--\/YXBwaWQ9aGlnaGxhbmRlcjt3PTE1MzY7aD0xMDIyO2NmPXdlYnA-\/https:\/\/media.zenfs.com\/es\/lanacion.com.ar\/e9f382ae07acb052e5e81c39e124b55f\"><span class=\"caas-img-wrapper\"><br \/>\n<button class=\"link caas-lightbox\" aria-label=\"Ver imagen ampliada\" data-ylk=\"sec:image-lightbox;slk:lightbox-open;elm:expand;itc:1\" data-rapid_p=\"9\" data-v9y=\"1\"><\/button><\/span><\/div>\n<\/div>\n<div class=\"caption-wrapper caption-aligned-with-image\">\n<div class=\"caption-wrapper caption-aligned-with-image\"><\/div>\n<\/div><figcaption class=\"caption-collapse\" data-id=\"m-1\"><\/figcaption><\/figure>\n<p>Ahmed, Kon\u00e9, Oluwaseyi: Canad\u00e1 fue al frente con otros apellidos y el mismo esp\u00edritu solidario. Sin De la Cruz, suspendido y con los ingresos de Luis Su\u00e1rez (\u00bfhabr\u00e1 sido su \u00faltima vez en la selecci\u00f3n y con un gol decisivo?) y De Arrascaeta, gladiadores de otra era, el equipo celeste busc\u00f3 con alma y vida, pero en casi todo el espect\u00e1culo fue superado por una valiente, moderna Canad\u00e1.<\/p>\n<p>A 10 minutos del final, Jonathan David aprovech\u00f3 un rebote de Rochet y sell\u00f3 el 2-1, cuando el mejor tiempo del equipo norteamericano ya hab\u00eda pasado. Y Lucho Su\u00e1rez, siempre vigente a los 37, estableci\u00f3 el 2-2 definitivo. El 69\u00b0 en la era de la selecci\u00f3n.<\/p>\n<p>Uruguay choc\u00f3 con Canad\u00e1 y con sus propios contratiempos, 24 horas despu\u00e9s de la furia del Loco Bielsa, declarado en rebeld\u00eda ante eventuales sanciones a futbolistas de la Celeste por una trifulca en las tribunas en las semifinales frente a Colombia, que incluyeron supuestas agresiones a familiares de jugadores.<\/p>\n<p>\u201c\u00a1Yo me rebelo!\u201d, advirti\u00f3 el DT, que en una semana cumplir\u00e1 69 a\u00f1os, en\u00e9rgico y disgustado, en la conferencia de prensa previa al partido en el mismo Bank of America Stadium de Charlotte, Carolina del Norte.<\/p>\n<p>\u201cSi usted ve que hay un proceso para que eso que sucedi\u00f3 no suceda, si usted ve que hay un proceso para que se aten\u00fae, es decir, una puerta de escape, y las dos cosas no suceden y est\u00e1n agrediendo a su mujer, a su madre, a un beb\u00e9, a su esposa, a su hermana, \u00bfqu\u00e9 hacen? \u00bfvan a sancionar a los que los fueron a defender?\u201d, gritaba el Loco, al responsabilizar a la organizaci\u00f3n. La Conmebol anunci\u00f3 que abri\u00f3 un expediente disciplinario para establecer \u201cresponsabilidades\u201d. Son investigados una decena de jugadores de la Celeste, entre ellos Darwin N\u00fa\u00f1ez, Ronald Ara\u00fajo y Jos\u00e9 Mar\u00eda Gim\u00e9nez, con la posibilidad de sanciones severas con la mira en la reanudaci\u00f3n de las eliminatorias rumbo al Mundial de 2026 en septiembre; Uruguay recibir\u00e1 a Paraguay y visitar\u00e1 a Venezuela.<\/p>\n<p>Entrenado por Jesse Marsch, Canad\u00e1 dio la talla por los invitados de la Concacaf al torneo estrella de la Conmebol, en el que sus vecinos y coorganizadores de la pr\u00f3xima Copa del Mundo, Estados Unidos y M\u00e9xico, fueron eliminados en la primera rueda. Costa Rica y Jamaica tambi\u00e9n se despidieron en la fase de grupos y Panam\u00e1 se fue en cuartos de final.<\/p>\n<p>La selecci\u00f3n canadiense perdi\u00f3 2-0 ante la Argentina dos veces, pero en ambos casos (como anoche), demostr\u00f3 un crecimiento exponencial. \u201cTenemos un gran talento, buenos goleadores, y s\u00e9 que vamos a continuar este desarrollo\u201d, expres\u00f3 Marsch. \u201cHay que darle cr\u00e9dito a los muchachos por jugar como lo han hecho. Claramente estamos en buen camino\u201d, fue su mensaje. No s\u00f3lo tienen figuras estelares, como Alphonso Davies o Jonathan David, hay j\u00f3venes como Jacob Shaffelburg y un ej\u00e9rcito de entusiastas.<\/p>\n<p>El partido, sobre todo para Canad\u00e1, fue un ensayo a futuro. El arquero fue Dayne St. Clair y tuvieron su oportunidad el zaguero Luc de Fougerolles, los volantes Mathieu Choiniere y Ali Ahmed y el delantero Tani Oluwaseyi. Con lo mejor, la Celeste actu\u00f3 con Rodrigo Bentancur en el mediocampo, y Nahit\u00e1n N\u00e1ndez y Mat\u00edas Vi\u00f1a como laterales, como las principales novedades. Ninguno estuvo a la altura. S\u00f3lo el esp\u00edritu competitivo de Su\u00e1rez, interminable. Infalible, tambi\u00e9n, en los penales.<\/p>\n<\/div>\n<\/div>\n<\/div>\n<\/div>\n<\/div>\n<div class=\"col-12 col-lg-3\">\n<div class=\"timeline\" data-td-script-src=\"https:\/\/www.elobservador.com.uy\/vendor\/cms\/lbp-share-min-version-1720843790.js\">\n<div class=\"timeline-wrapper\">\n<div class=\"timeline-wrapper-title\">\n<h6>Foto portada: Luis Su\u00e1rez anota a los 48 minutos de la segunda etapa y el 2-2 deriva en la definici\u00f3n por penales, que Uruguay le ganar\u00e1 a Canad\u00e1 para conseguir el tercer lugar en la Copa Am\u00e9rica. Yahoo.com.ar<\/h6>\n<\/div>\n<ul class=\"timeline-wrapper-list\">\n<li data-anchor=\"CMSLiveBlogyeax2aq8uw\"><\/li>\n<\/ul>\n<\/div>\n<\/div>\n<\/div>\n<div class=\"col-12 col-lg-9\">\n<article class=\"content-protected-false body-content-lbp article-body article-body--second-paragraph\">\n<div id=\"CMSLiveBlogxnxjpxb9hbk\" class=\"embed_cont type_live\" contenteditable=\"false\">\n<div id=\"CMSLiveBlogxnxjpxb9hbk-liveblog-date\" class=\"liveblog-date\" hidden=\"\" data-date=\"2024-07-13T23:02\">13-07-2024 23:02<button class=\"liveblog-share\" role=\"button\" data-anchor=\"CMSLiveBlogxnxjpxb9hbk\" aria-label=\"Bot\u00f3n para copiar el link a esta noticia\"><\/button><\/div>\n<\/div>\n<div id=\"CMSLiveBlog00a6k91i3uij3\" class=\"embed_cont type_live\" contenteditable=\"false\">\n<div id=\"CMSLiveBlog00a6k91i3uij3-liveblog-date\" class=\"liveblog-date\" hidden=\"\" data-date=\"2024-07-13T23:01\">13-07-2024 23:01<button class=\"liveblog-share\" role=\"button\" data-anchor=\"CMSLiveBlog00a6k91i3uij3\" aria-label=\"Bot\u00f3n para copiar el link a esta noticia\"><\/button><\/div>\n<\/div>\n<div id=\"CMSLiveBlogiaodzmhcx5s\" class=\"embed_cont type_live\" contenteditable=\"false\">\n<div id=\"CMSLiveBlogiaodzmhcx5s-liveblog-date\" class=\"liveblog-date\" hidden=\"\" data-date=\"2024-07-13T23:00\">13-07-2024 23:00<button class=\"liveblog-share\" role=\"button\" data-anchor=\"CMSLiveBlogiaodzmhcx5s\" aria-label=\"Bot\u00f3n para copiar el link a esta noticia\"><\/button><\/div>\n<\/div>\n<div id=\"CMSLiveBlogpl4lbj1gmla\" class=\"embed_cont type_live\" contenteditable=\"false\">\n<div id=\"CMSLiveBlogpl4lbj1gmla-liveblog-date\" class=\"liveblog-date\" hidden=\"\" data-date=\"2024-07-13T22:59\">13-07-2024 22:59<button class=\"liveblog-share\" role=\"button\" data-anchor=\"CMSLiveBlogpl4lbj1gmla\" aria-label=\"Bot\u00f3n para copiar el link a esta noticia\"><\/button><\/div>\n<\/div>\n<div id=\"CMSLiveBlog4vka4rva4ei\" class=\"embed_cont type_live\" contenteditable=\"false\">\n<div id=\"CMSLiveBlog4vka4rva4ei-liveblog-date\" class=\"liveblog-date\" hidden=\"\" data-date=\"2024-07-13T22:58\">13-07-2024 22:58<button class=\"liveblog-share\" role=\"button\" data-anchor=\"CMSLiveBlog4vka4rva4ei\" aria-label=\"Bot\u00f3n para copiar el link a esta noticia\"><\/button><\/div>\n<\/div>\n<div id=\"CMSLiveBlogwnqrj95zi8d\" class=\"embed_cont type_live\" contenteditable=\"false\">\n<div id=\"CMSLiveBlogwnqrj95zi8d-liveblog-date\" class=\"liveblog-date\" hidden=\"\" data-date=\"2024-07-13T22:57\">13-07-2024 22:57<button class=\"liveblog-share\" role=\"button\" data-anchor=\"CMSLiveBlogwnqrj95zi8d\" aria-label=\"Bot\u00f3n para copiar el link a esta noticia\"><\/button><\/div>\n<\/div>\n<\/article>\n<\/div>\n","protected":false},"excerpt":{"rendered":"<p>13 de julio 2024 Luis Su\u00e1rez rescat\u00f3 en la hora a Uruguay en su peor versi\u00f3n de la Copa Am\u00e9rica 2024 y los penales le dieron el tercer lugar &nbsp; Luis Su\u00e1rez de la selecci\u00f3n de Uruguay celebra el 2-2 ante Canad\u00e1 en la Copa Am\u00e9rica 2024 Prometedor en la primera rueda del torneo, en &hellip;<\/p>\n","protected":false},"author":2,"featured_media":11527,"comment_status":"open","ping_status":"open","sticky":false,"template":"","format":"standard","meta":{"footnotes":""},"categories":[6],"tags":[],"class_list":["post-11526","post","type-post","status-publish","format-standard","has-post-thumbnail","hentry","category-internacionales"],"_links":{"self":[{"href":"https:\/\/www.sportchaco.com.ar\/index.php?rest_route=\/wp\/v2\/posts\/11526","targetHints":{"allow":["GET"]}}],"collection":[{"href":"https:\/\/www.sportchaco.com.ar\/index.php?rest_route=\/wp\/v2\/posts"}],"about":[{"href":"https:\/\/www.sportchaco.com.ar\/index.php?rest_route=\/wp\/v2\/types\/post"}],"author":[{"embeddable":true,"href":"https:\/\/www.sportchaco.com.ar\/index.php?rest_route=\/wp\/v2\/users\/2"}],"replies":[{"embeddable":true,"href":"https:\/\/www.sportchaco.com.ar\/index.php?rest_route=%2Fwp%2Fv2%2Fcomments&post=11526"}],"version-history":[{"count":1,"href":"https:\/\/www.sportchaco.com.ar\/index.php?rest_route=\/wp\/v2\/posts\/11526\/revisions"}],"predecessor-version":[{"id":11528,"href":"https:\/\/www.sportchaco.com.ar\/index.php?rest_route=\/wp\/v2\/posts\/11526\/revisions\/11528"}],"wp:featuredmedia":[{"embeddable":true,"href":"https:\/\/www.sportchaco.com.ar\/index.php?rest_route=\/wp\/v2\/media\/11527"}],"wp:attachment":[{"href":"https:\/\/www.sportchaco.com.ar\/index.php?rest_route=%2Fwp%2Fv2%2Fmedia&parent=11526"}],"wp:term":[{"taxonomy":"category","embeddable":true,"href":"https:\/\/www.sportchaco.com.ar\/index.php?rest_route=%2Fwp%2Fv2%2Fcategories&post=11526"},{"taxonomy":"post_tag","embeddable":true,"href":"https:\/\/www.sportchaco.com.ar\/index.php?rest_route=%2Fwp%2Fv2%2Ftags&post=11526"}],"curies":[{"name":"wp","href":"https:\/\/api.w.org\/{rel}","templated":true}]}}