{"id":11537,"date":"2024-07-14T18:44:20","date_gmt":"2024-07-14T21:44:20","guid":{"rendered":"https:\/\/www.sportchaco.com.ar\/?p=11537"},"modified":"2024-07-14T18:44:20","modified_gmt":"2024-07-14T21:44:20","slug":"ortiz-renuncio-como-dt-de-sarmiento","status":"publish","type":"post","link":"https:\/\/www.sportchaco.com.ar\/?p=11537","title":{"rendered":"Ortiz renunci\u00f3 como DT de Sarmiento"},"content":{"rendered":"<p><strong>14-07-2024<\/strong><\/p>\n<p><img loading=\"lazy\" decoding=\"async\" class=\" wp-image-9468 aligncenter\" src=\"https:\/\/www.sportchaco.com.ar\/wp-content\/uploads\/2024\/05\/Nachec-728x90-2-300x37.gif\" alt=\"\" width=\"357\" height=\"44\" \/><\/p>\n<p>Hern\u00e1n Dar\u00edo Ortiz dej\u00f3 de ser el entrenador del equipo de Sarmiento en el Federal \u00abA\u00bb. El propio DT se encarg\u00f3 de dar a conocer la noticia en una conferencia de prensa tras la suspensi\u00f3n del partido ante Uni\u00f3n de Sunchales.<\/p>\n<p>\u00abQuiero avisarles a todos que no seguir\u00e9 siendo el entrenador de Sarmiento, no tiene que ver con lo que ha ocurrido hoy con la suspensi\u00f3n del partido, era una decisi\u00f3n tomada\u00bb, dijo en los pasillos del Centenario.<\/p>\n<p>El \u00abindio\u00bb Ortiz hab\u00eda llegado al \u00abdecano\u00bb para la fecha 5 tras la salida de Ra\u00fal Valdez en la jornada 3. En su campa\u00f1a tan solo consigui\u00f3 un triunfo (ante Boca Unidos de local en la fecha 8) sobre 12 partidos y medio. Luego empat\u00f3 4 y perdi\u00f3 los restantes 7.<\/p>\n<p>Ahora la dirigencia del club deber\u00e1 encontrar un nuevo entrenador que se haga cargo del equipo en la fase Rev\u00e1lida donde Sarmiento se jugar\u00e1 la permanencia en la categor\u00eda.<\/p>\n<p><img loading=\"lazy\" decoding=\"async\" class=\"size-medium wp-image-11456 aligncenter\" src=\"https:\/\/www.sportchaco.com.ar\/wp-content\/uploads\/2024\/07\/mosqiotps-salud-15-5-24-300x300.jpg\" alt=\"\" width=\"300\" height=\"300\" srcset=\"https:\/\/www.sportchaco.com.ar\/wp-content\/uploads\/2024\/07\/mosqiotps-salud-15-5-24-300x300.jpg 300w, https:\/\/www.sportchaco.com.ar\/wp-content\/uploads\/2024\/07\/mosqiotps-salud-15-5-24-150x150.jpg 150w, https:\/\/www.sportchaco.com.ar\/wp-content\/uploads\/2024\/07\/mosqiotps-salud-15-5-24.jpg 600w\" sizes=\"auto, (max-width: 300px) 100vw, 300px\" \/><\/p>\n","protected":false},"excerpt":{"rendered":"<p>14-07-2024 Hern\u00e1n Dar\u00edo Ortiz dej\u00f3 de ser el entrenador del equipo de Sarmiento en el Federal \u00abA\u00bb. El propio DT se encarg\u00f3 de dar a conocer la noticia en una conferencia de prensa tras la suspensi\u00f3n del partido ante Uni\u00f3n de Sunchales. \u00abQuiero avisarles a todos que no seguir\u00e9 siendo el entrenador de Sarmiento, no &hellip;<\/p>\n","protected":false},"author":3,"featured_media":11541,"comment_status":"open","ping_status":"open","sticky":false,"template":"","format":"standard","meta":{"footnotes":""},"categories":[5],"tags":[],"class_list":["post-11537","post","type-post","status-publish","format-standard","has-post-thumbnail","hentry","category-futbol"],"_links":{"self":[{"href":"https:\/\/www.sportchaco.com.ar\/index.php?rest_route=\/wp\/v2\/posts\/11537","targetHints":{"allow":["GET"]}}],"collection":[{"href":"https:\/\/www.sportchaco.com.ar\/index.php?rest_route=\/wp\/v2\/posts"}],"about":[{"href":"https:\/\/www.sportchaco.com.ar\/index.php?rest_route=\/wp\/v2\/types\/post"}],"author":[{"embeddable":true,"href":"https:\/\/www.sportchaco.com.ar\/index.php?rest_route=\/wp\/v2\/users\/3"}],"replies":[{"embeddable":true,"href":"https:\/\/www.sportchaco.com.ar\/index.php?rest_route=%2Fwp%2Fv2%2Fcomments&post=11537"}],"version-history":[{"count":1,"href":"https:\/\/www.sportchaco.com.ar\/index.php?rest_route=\/wp\/v2\/posts\/11537\/revisions"}],"predecessor-version":[{"id":11539,"href":"https:\/\/www.sportchaco.com.ar\/index.php?rest_route=\/wp\/v2\/posts\/11537\/revisions\/11539"}],"wp:featuredmedia":[{"embeddable":true,"href":"https:\/\/www.sportchaco.com.ar\/index.php?rest_route=\/wp\/v2\/media\/11541"}],"wp:attachment":[{"href":"https:\/\/www.sportchaco.com.ar\/index.php?rest_route=%2Fwp%2Fv2%2Fmedia&parent=11537"}],"wp:term":[{"taxonomy":"category","embeddable":true,"href":"https:\/\/www.sportchaco.com.ar\/index.php?rest_route=%2Fwp%2Fv2%2Fcategories&post=11537"},{"taxonomy":"post_tag","embeddable":true,"href":"https:\/\/www.sportchaco.com.ar\/index.php?rest_route=%2Fwp%2Fv2%2Ftags&post=11537"}],"curies":[{"name":"wp","href":"https:\/\/api.w.org\/{rel}","templated":true}]}}