{"id":11618,"date":"2024-07-17T10:19:58","date_gmt":"2024-07-17T13:19:58","guid":{"rendered":"https:\/\/www.sportchaco.com.ar\/?p=11618"},"modified":"2024-07-17T10:19:58","modified_gmt":"2024-07-17T13:19:58","slug":"chelsea-inicio-un-expediente-disciplinario-interno-contra-enzo-fernandez","status":"publish","type":"post","link":"https:\/\/www.sportchaco.com.ar\/?p=11618","title":{"rendered":"Chelsea inici\u00f3 un expediente disciplinario interno contra Enzo Fern\u00e1ndez"},"content":{"rendered":"<p>17\/7\/2024<\/p>\n<p>Enzo Fern\u00e1ndez se encuentra en el centro de la pol\u00e9mica en Chelsea por la viralizaci\u00f3n de un video de los festejos de la Selecci\u00f3n Argentina con c\u00e1nticos hacia la Selecci\u00f3n de Francia. Esto gener\u00f3 una ola de cr\u00edticas y reacciones de sus compa\u00f1eros en el equipo londinense. Adem\u00e1s, tras el pedido de disculpas, la instituci\u00f3n anunci\u00f3 que abri\u00f3 un expediente disciplinario interno.<\/p>\n<p>\u201cEl Chelsea Football Club considera que cualquier forma de comportamiento discriminatorio es totalmente inaceptable. Estamos orgullosos de ser un club diverso e inclusivo en el que personas de todas las culturas, comunidades e identidades se sienten bienvenidas\u00bb, inici\u00f3 el comunicado el club.<\/p>\n<p>Luego, agreg\u00f3: \u00abReconocemos y agradecemos la disculpa p\u00fablica de nuestro jugador y utilizaremos esto como una oportunidad para educar. El club ha iniciado un procedimiento disciplinario interno\u00bb.<\/p>\n<p>&nbsp;<\/p>\n<p><strong>Las reacciones tras el video contra la Selecci\u00f3n francesa<\/strong><\/p>\n<p><strong><br \/>\n<\/strong>En los festejos del equipo argentino tras la obtenci\u00f3n de la Copa Am\u00e9rica 2024, se viraliz\u00f3 un clip de los jugadores cantando una canci\u00f3n contra los futbolistas de Francia.<\/p>\n<p>La Federaci\u00f3n Francesa anunci\u00f3 que acudir\u00eda a FIFA contra la Asociaci\u00f3n del F\u00fatbol Argentino (AFA), por \u00abcomentarios racistas y discriminatorios\u00bb.<\/p>\n<p>En tanto, compa\u00f1eros de Fern\u00e1ndez en Chelsea reaccionaron con historias y acciones en Instagram. El marcador Wesley Fofana public\u00f3 una historia: \u00abEl f\u00fatbol en 2024: racismo sin complejos\u00bb. Adem\u00e1s, Malo Gusto y Axel Disasi, tambi\u00e9n defensas de los azules, lo dejaron de seguir en la mencionada red social.<\/p>\n<p><img loading=\"lazy\" decoding=\"async\" class=\"size-medium wp-image-11604 aligncenter\" src=\"https:\/\/www.sportchaco.com.ar\/wp-content\/uploads\/2024\/07\/Mosquitos-3-2-300x300.jpg\" alt=\"\" width=\"300\" height=\"300\" srcset=\"https:\/\/www.sportchaco.com.ar\/wp-content\/uploads\/2024\/07\/Mosquitos-3-2-300x300.jpg 300w, https:\/\/www.sportchaco.com.ar\/wp-content\/uploads\/2024\/07\/Mosquitos-3-2-1024x1024.jpg 1024w, https:\/\/www.sportchaco.com.ar\/wp-content\/uploads\/2024\/07\/Mosquitos-3-2-150x150.jpg 150w, https:\/\/www.sportchaco.com.ar\/wp-content\/uploads\/2024\/07\/Mosquitos-3-2-768x768.jpg 768w, https:\/\/www.sportchaco.com.ar\/wp-content\/uploads\/2024\/07\/Mosquitos-3-2.jpg 1440w\" sizes=\"auto, (max-width: 300px) 100vw, 300px\" \/><\/p>\n","protected":false},"excerpt":{"rendered":"<p>17\/7\/2024 Enzo Fern\u00e1ndez se encuentra en el centro de la pol\u00e9mica en Chelsea por la viralizaci\u00f3n de un video de los festejos de la Selecci\u00f3n Argentina con c\u00e1nticos hacia la Selecci\u00f3n de Francia. Esto gener\u00f3 una ola de cr\u00edticas y reacciones de sus compa\u00f1eros en el equipo londinense. Adem\u00e1s, tras el pedido de disculpas, la &hellip;<\/p>\n","protected":false},"author":5,"featured_media":11619,"comment_status":"open","ping_status":"open","sticky":false,"template":"","format":"standard","meta":{"footnotes":""},"categories":[6],"tags":[],"class_list":["post-11618","post","type-post","status-publish","format-standard","has-post-thumbnail","hentry","category-internacionales"],"_links":{"self":[{"href":"https:\/\/www.sportchaco.com.ar\/index.php?rest_route=\/wp\/v2\/posts\/11618","targetHints":{"allow":["GET"]}}],"collection":[{"href":"https:\/\/www.sportchaco.com.ar\/index.php?rest_route=\/wp\/v2\/posts"}],"about":[{"href":"https:\/\/www.sportchaco.com.ar\/index.php?rest_route=\/wp\/v2\/types\/post"}],"author":[{"embeddable":true,"href":"https:\/\/www.sportchaco.com.ar\/index.php?rest_route=\/wp\/v2\/users\/5"}],"replies":[{"embeddable":true,"href":"https:\/\/www.sportchaco.com.ar\/index.php?rest_route=%2Fwp%2Fv2%2Fcomments&post=11618"}],"version-history":[{"count":1,"href":"https:\/\/www.sportchaco.com.ar\/index.php?rest_route=\/wp\/v2\/posts\/11618\/revisions"}],"predecessor-version":[{"id":11620,"href":"https:\/\/www.sportchaco.com.ar\/index.php?rest_route=\/wp\/v2\/posts\/11618\/revisions\/11620"}],"wp:featuredmedia":[{"embeddable":true,"href":"https:\/\/www.sportchaco.com.ar\/index.php?rest_route=\/wp\/v2\/media\/11619"}],"wp:attachment":[{"href":"https:\/\/www.sportchaco.com.ar\/index.php?rest_route=%2Fwp%2Fv2%2Fmedia&parent=11618"}],"wp:term":[{"taxonomy":"category","embeddable":true,"href":"https:\/\/www.sportchaco.com.ar\/index.php?rest_route=%2Fwp%2Fv2%2Fcategories&post=11618"},{"taxonomy":"post_tag","embeddable":true,"href":"https:\/\/www.sportchaco.com.ar\/index.php?rest_route=%2Fwp%2Fv2%2Ftags&post=11618"}],"curies":[{"name":"wp","href":"https:\/\/api.w.org\/{rel}","templated":true}]}}