{"id":1162,"date":"2023-10-03T17:27:06","date_gmt":"2023-10-03T20:27:06","guid":{"rendered":"https:\/\/nuevo.sportchaco.com.ar\/?p=1162"},"modified":"2023-10-03T17:27:49","modified_gmt":"2023-10-03T20:27:49","slug":"basquet-en-regatas","status":"publish","type":"post","link":"https:\/\/www.sportchaco.com.ar\/?p=1162","title":{"rendered":"B\u00e1squet en Regatas"},"content":{"rendered":"<p><img loading=\"lazy\" decoding=\"async\" class=\"alignnone wp-image-1163\" src=\"https:\/\/nuevo.sportchaco.com.ar\/wp-content\/uploads\/2023\/10\/Jorge-Cachito-Osuna-300x294.jpg\" alt=\"\" width=\"477\" height=\"468\" srcset=\"https:\/\/www.sportchaco.com.ar\/wp-content\/uploads\/2023\/10\/Jorge-Cachito-Osuna-300x294.jpg 300w, https:\/\/www.sportchaco.com.ar\/wp-content\/uploads\/2023\/10\/Jorge-Cachito-Osuna.jpg 600w\" sizes=\"auto, (max-width: 477px) 100vw, 477px\" \/><\/p>\n<p>B\u00e1squet: Con una gran infraestructura, Regatas apuesta a un trabajo social &#8211; deportivo posicion\u00e1ndose en los planos nacionales<\/p>\n<p>\u201cHoy estamos superando los 350 chicos en total, con 11 entrenadores y profesores que trabajan en el club para darles atenci\u00f3n a todos los chicos, sin olvidar que tambi\u00e9n contamos con el Departamento de Kinesiolog\u00eda\u201d, expres\u00f3 el coordinador del b\u00e1squet remero Jorge \u201cCachito\u201d Ozuna.<\/p>\n<p>No quedan dudas de todo el potencial y la propuesta deportiva &#8211; social que propone Regatas de Resistencia, no solo en el b\u00e1squet, sino que tambi\u00e9n en las distintas disciplinas con las que cuenta la instituci\u00f3n capitalina. En este marco, el coordinador deportivo del b\u00e1squet Jorge \u201cCachito\u201d Ozuna detall\u00f3 todo el trabajo que se realiza desde la Subcomisi\u00f3n de B\u00e1squet en las distintas categor\u00edas y edades, desde minib\u00e1squet a Primera.<\/p>\n<p>\u201cLa idea es darle contenci\u00f3n a todos los chicos, estamos trabajando en todas las categor\u00edas, donde en la segunda mitad del a\u00f1o pudimos presentar en el Torneo Asociativo a 11 equipos de manera oficial y sin contar la Primera divisi\u00f3n, adem\u00e1s de agregar a todo el minib\u00e1squet; hoy estamos superando los 350 chicos en total, con 11 entrenadores y profesores que trabajan en el club para darles atenci\u00f3n a todos los chicos, sin olvidar que tambi\u00e9n contamos con el Departamento de Kinesiolog\u00eda\u201d, expres\u00f3 el coordinador del b\u00e1squet remero.<\/p>\n<p>LOS RESULTADOS<\/p>\n<p>Siempre la cuesti\u00f3n de resultados en las categor\u00edas formativas es un tema de muchas visiones y opiniones. En este sentido, \u201cCachito\u201d Ozuna dej\u00f3 en claro la postura de Regatas sobre esta tem\u00e1tica. \u201cA nosotros desde la Subcomisi\u00f3n nos piden contenci\u00f3n, que todos los chicos jueguen, que mantengamos el respeto por las consigas establecidas en el esquema de trabajo\u201d, remarcando a su vez que \u201ctenemos equipos que tienen un gran nivel de competencia y actualmente est\u00e1n disputando cert\u00e1menes nacionales; y despu\u00e9s tenemos las otras categor\u00edas que compiten dignamente y dejan siempre bien parada a nuestra instituci\u00f3n\u201d.<\/p>\n<p>CHARLAS Y CAPACITACIONES<\/p>\n<p>Por otra parte, tambi\u00e9n se debe remarcar las charlas y capacitaciones que se realizan dentro del b\u00e1squet de Regatas, donde el continuo proceso de formaci\u00f3n y perfecccionamiento de jugadores y cuerpo t\u00e9cnico es otro lineamiento establecido. \u201cCuando me proponen quedarme en la coordinaci\u00f3n del b\u00e1squet, hab\u00eda que ser inteligentes y trabajar fuertemente en la formaci\u00f3n en conocimientos sobre trabajos de rehabilitaci\u00f3n, nutrici\u00f3n y descanso; en tanto que los entrenadores se capacitaron sobre Liderazgo Deportivo\u201d, puntualizando adem\u00e1s que \u201ctodos salgan con herramientas para la vida cotidiana\u201d, afirm\u00f3 Ozuna.<\/p>\n<p>EL PRE &#8211; FEDERAL<\/p>\n<p>En cuanto a la apuesta por la hipot\u00e9tica participaci\u00f3n de Regatas en una categor\u00eda superior, haciendo referencia a la Liga Federal de B\u00e1squet (LFB), Ozuna en primer lugar record\u00f3 que \u201cRegatas cuando tuvo la posibilidad este a\u00f1o de participar, se lo analiz\u00f3 y consider\u00f3 que era muy arriesgado el costo financiero y prefiri\u00f3 aguardar, ser cautos, no participar y apostar tener una Primera super competitiva con chicos justamente chicos; actualmente en la Primera tenemos un promedio de edad que no llega a 20 a\u00f1os, donde el mayor tiene solamente 23 a\u00f1os\u201d, resaltando adem\u00e1s que \u201cla prioridad son los chicos y lo m\u00e1s importante, es que son del club\u201d.<\/p>\n<p>OBJETIVOS<\/p>\n<p>\u201cMi objetivos no son resultadistas, sino que es la satisfaccion de los chicos de seguir en Regatas, que el a\u00f1o que viene vuelva a apostar por el club y que las familias sepan que hay una instituci\u00f3n completa que cuenta con todas las comodidades;estoy terminando el a\u00f1o con los procesos cum,plidos\u201d, finaliz\u00f3 Jorge \u201cCachito\u201d Ozuna.<\/p>\n","protected":false},"excerpt":{"rendered":"<p>B\u00e1squet: Con una gran infraestructura, Regatas apuesta a un trabajo social &#8211; deportivo posicion\u00e1ndose en los planos nacionales \u201cHoy estamos superando los 350 chicos en total, con 11 entrenadores y profesores que trabajan en el club para darles atenci\u00f3n a todos los chicos, sin olvidar que tambi\u00e9n contamos con el Departamento de Kinesiolog\u00eda\u201d, expres\u00f3 el &hellip;<\/p>\n","protected":false},"author":1,"featured_media":1163,"comment_status":"open","ping_status":"open","sticky":false,"template":"","format":"standard","meta":{"footnotes":""},"categories":[3],"tags":[],"class_list":["post-1162","post","type-post","status-publish","format-standard","has-post-thumbnail","hentry","category-basquetbol"],"_links":{"self":[{"href":"https:\/\/www.sportchaco.com.ar\/index.php?rest_route=\/wp\/v2\/posts\/1162","targetHints":{"allow":["GET"]}}],"collection":[{"href":"https:\/\/www.sportchaco.com.ar\/index.php?rest_route=\/wp\/v2\/posts"}],"about":[{"href":"https:\/\/www.sportchaco.com.ar\/index.php?rest_route=\/wp\/v2\/types\/post"}],"author":[{"embeddable":true,"href":"https:\/\/www.sportchaco.com.ar\/index.php?rest_route=\/wp\/v2\/users\/1"}],"replies":[{"embeddable":true,"href":"https:\/\/www.sportchaco.com.ar\/index.php?rest_route=%2Fwp%2Fv2%2Fcomments&post=1162"}],"version-history":[{"count":1,"href":"https:\/\/www.sportchaco.com.ar\/index.php?rest_route=\/wp\/v2\/posts\/1162\/revisions"}],"predecessor-version":[{"id":1164,"href":"https:\/\/www.sportchaco.com.ar\/index.php?rest_route=\/wp\/v2\/posts\/1162\/revisions\/1164"}],"wp:featuredmedia":[{"embeddable":true,"href":"https:\/\/www.sportchaco.com.ar\/index.php?rest_route=\/wp\/v2\/media\/1163"}],"wp:attachment":[{"href":"https:\/\/www.sportchaco.com.ar\/index.php?rest_route=%2Fwp%2Fv2%2Fmedia&parent=1162"}],"wp:term":[{"taxonomy":"category","embeddable":true,"href":"https:\/\/www.sportchaco.com.ar\/index.php?rest_route=%2Fwp%2Fv2%2Fcategories&post=1162"},{"taxonomy":"post_tag","embeddable":true,"href":"https:\/\/www.sportchaco.com.ar\/index.php?rest_route=%2Fwp%2Fv2%2Ftags&post=1162"}],"curies":[{"name":"wp","href":"https:\/\/api.w.org\/{rel}","templated":true}]}}