{"id":1165,"date":"2023-10-03T17:31:10","date_gmt":"2023-10-03T20:31:10","guid":{"rendered":"https:\/\/nuevo.sportchaco.com.ar\/?p=1165"},"modified":"2023-10-03T17:31:10","modified_gmt":"2023-10-03T20:31:10","slug":"finalmente-chaco-volvio-feliz-de-mardel-con-73-medallas","status":"publish","type":"post","link":"https:\/\/www.sportchaco.com.ar\/?p=1165","title":{"rendered":"Finalmente, Chaco volvio feliz de Mardel con 73 medallas"},"content":{"rendered":"<p>Juegos Nacionales Evita 2023 la delegaci\u00f3n chaque\u00f1a obtuvo 73 medallas y se coloc\u00f3 en el octavo puesto a nivel pa\u00eds<\/p>\n<p>Luego de una intensa semana de competencias los y las atletas convencionales y adaptados de la delegaci\u00f3n chaque\u00f1a arribaron este domingo a la capital chaque\u00f1a y fueron recibidos con alegr\u00eda por familiares amigos y colaborares del Instituto del Deporte Chaque\u00f1o. El medallero oficial de la competencia coloca a nuestros j\u00f3venes representantes en el octavo puesto general con 35 medallas de oro, 21 de plata y 17 de bronce. Discriminados de la siguiente manera: Convencional: 2 de oro, 5 de plata y 7 de bronce; adaptados 33 medallas de oro, 16 de plata y 10 de bronce.<\/p>\n<p>En el 75 aniversario de su creaci\u00f3n, se vivieron unas inolvidables Finales de Juveniles y Adaptados en Mar del Plata. \u201cLos juegos Evita son la pol\u00edtica deportiva m\u00e1s importante del pa\u00eds, nos sentimos orgullosos de ser parte de un Estado Provincial y Nacional que garantiza el derecho al deporte para todos los chaque\u00f1os y chaque\u00f1as, con felicidad podemos asegurar que fuimos parte del mega evento deportivo, social y cultural, del pa\u00eds\u201d, expresaron los coordinadores generales de la delegaci\u00f3n chaque\u00f1a<br \/>\nOrganizados por la Secretar\u00eda de Deportes del Ministerio de Turismo y Deportes de la Naci\u00f3n cuentan con un programa deportivo que re\u00fane 76 disciplinas. Chaco asisti\u00f3 a la Ciudad de Mar del Plata con 900 competidores.<\/p>\n<p>En este sentido, cabe destacar que los deportistas del Chaco se posicionaron entre los diez mejores en gran cantidad de disciplinas, mejorando las marcaciones y los resultado anteriores lo que da cuenta del crecimiento del deporte a\u00f1o tras a\u00f1o, el compromiso de los profesores y el acompa\u00f1amiento del Instituto del deporte da resultados reales es por ello que tambi\u00e9n el medallero final coloca al Chaco en el octavo puesto con 73 preseas obtenidas.<\/p>\n<p><strong>El deporte adaptado sigue creciendo<\/strong><\/p>\n<p>Los Juegos Nacionales Evita, en su versi\u00f3n orientada a personas con discapacidad, son inclusivos, participativos y formativos. Nuestra provincia permanentemente garantiza el acceso al deporte de nuestros atletas adaptados llevando a cabo pol\u00edticas p\u00fablicas destinadas a la integraci\u00f3n de los sectores de la poblaci\u00f3n,<br \/>\n\u201cEn el medallero especifico de la modalidad de adaptados nuestros deportistas colocaron a la provincia del Chaco en el puesto N\u00ba 5 dando cuenta de los resultados positivos que brinda la inclusi\u00f3n el compromiso y el trabajo en equipo, trazando un camino hacia la igualdad de oportunidades\u201d Remarcaron desde el Instituto del Deporte Chaque\u00f1o.<br \/>\nPor su parte, el presidente del Instituto del Deporte Chaque\u00f1o \u201cel balance es sumamente positivo, nuestros pibes y pibas vivieron una semana \u00fanica con recuerdos imborrables, cumplimos el sue\u00f1o de 900 atletas que visitaron la Ciudad de Mar del Plata con todos los gastos pagos, con indumentaria representativa de nuestra provincia, para nosotros el deporte es un derecho, invertir en nuestros deportistas es un orgullo enorme\u201d<\/p>\n<p>\u201cAgradecemos a todo el equipo del Instituto del Deporte por el arduo trabajo que realizaron para que este viaje sea un \u00e9xito para nuestra delegaci\u00f3n, los profesores de cada disciplina y los coordinadores fueron important\u00edsimos y nuestro agradecimiento es inmenso hacia todos ellos\u201d<\/p>\n","protected":false},"excerpt":{"rendered":"<p>Juegos Nacionales Evita 2023 la delegaci\u00f3n chaque\u00f1a obtuvo 73 medallas y se coloc\u00f3 en el octavo puesto a nivel pa\u00eds Luego de una intensa semana de competencias los y las atletas convencionales y adaptados de la delegaci\u00f3n chaque\u00f1a arribaron este domingo a la capital chaque\u00f1a y fueron recibidos con alegr\u00eda por familiares amigos y colaborares &hellip;<\/p>\n","protected":false},"author":1,"featured_media":1166,"comment_status":"open","ping_status":"open","sticky":false,"template":"","format":"standard","meta":{"footnotes":""},"categories":[8],"tags":[],"class_list":["post-1165","post","type-post","status-publish","format-standard","has-post-thumbnail","hentry","category-sport-nea"],"_links":{"self":[{"href":"https:\/\/www.sportchaco.com.ar\/index.php?rest_route=\/wp\/v2\/posts\/1165","targetHints":{"allow":["GET"]}}],"collection":[{"href":"https:\/\/www.sportchaco.com.ar\/index.php?rest_route=\/wp\/v2\/posts"}],"about":[{"href":"https:\/\/www.sportchaco.com.ar\/index.php?rest_route=\/wp\/v2\/types\/post"}],"author":[{"embeddable":true,"href":"https:\/\/www.sportchaco.com.ar\/index.php?rest_route=\/wp\/v2\/users\/1"}],"replies":[{"embeddable":true,"href":"https:\/\/www.sportchaco.com.ar\/index.php?rest_route=%2Fwp%2Fv2%2Fcomments&post=1165"}],"version-history":[{"count":1,"href":"https:\/\/www.sportchaco.com.ar\/index.php?rest_route=\/wp\/v2\/posts\/1165\/revisions"}],"predecessor-version":[{"id":1167,"href":"https:\/\/www.sportchaco.com.ar\/index.php?rest_route=\/wp\/v2\/posts\/1165\/revisions\/1167"}],"wp:featuredmedia":[{"embeddable":true,"href":"https:\/\/www.sportchaco.com.ar\/index.php?rest_route=\/wp\/v2\/media\/1166"}],"wp:attachment":[{"href":"https:\/\/www.sportchaco.com.ar\/index.php?rest_route=%2Fwp%2Fv2%2Fmedia&parent=1165"}],"wp:term":[{"taxonomy":"category","embeddable":true,"href":"https:\/\/www.sportchaco.com.ar\/index.php?rest_route=%2Fwp%2Fv2%2Fcategories&post=1165"},{"taxonomy":"post_tag","embeddable":true,"href":"https:\/\/www.sportchaco.com.ar\/index.php?rest_route=%2Fwp%2Fv2%2Ftags&post=1165"}],"curies":[{"name":"wp","href":"https:\/\/api.w.org\/{rel}","templated":true}]}}