{"id":11697,"date":"2024-07-19T23:21:51","date_gmt":"2024-07-20T02:21:51","guid":{"rendered":"https:\/\/www.sportchaco.com.ar\/?p=11697"},"modified":"2024-07-19T23:21:34","modified_gmt":"2024-07-20T02:21:34","slug":"11697","status":"publish","type":"post","link":"https:\/\/www.sportchaco.com.ar\/?p=11697","title":{"rendered":"Efem\u00e9rides del 20 de julio"},"content":{"rendered":"<p><strong>21Esta es la Efem\u00e9rides del Deporte en el Chaco de un 20 de julio periodista Luis Dar\u00edo Molodezky.<\/strong><\/p>\n<p><img loading=\"lazy\" decoding=\"async\" class=\"alignnone size-medium wp-image-11662\" src=\"https:\/\/www.sportchaco.com.ar\/wp-content\/uploads\/2024\/07\/Molodezky-Luis-1-300x199.jpg\" alt=\"\" width=\"300\" height=\"199\" srcset=\"https:\/\/www.sportchaco.com.ar\/wp-content\/uploads\/2024\/07\/Molodezky-Luis-1-300x199.jpg 300w, https:\/\/www.sportchaco.com.ar\/wp-content\/uploads\/2024\/07\/Molodezky-Luis-1-768x508.jpg 768w, https:\/\/www.sportchaco.com.ar\/wp-content\/uploads\/2024\/07\/Molodezky-Luis-1.jpg 772w\" sizes=\"auto, (max-width: 300px) 100vw, 300px\" \/><\/p>\n<p><strong>1936 <\/strong>\/ Se enfrentan los seleccionados de b\u00e1squet de Chaco y Corrientes en el marco de la Exposici\u00f3n Feria Comercial Chaco. Los chaque\u00f1os se integraron con M. Lestani y Ram\u00f3n Garc\u00eda de Villa, Acosta, G. Niello y S\u00e1nchez de Hind\u00fa.<\/p>\n<p><strong>1947 <\/strong>\/ Se funda la Asociaci\u00f3n Civil Centro Social y Deportivo Juventud Agraria1021 Cooperativista de Charata, que acumul\u00f3 una trayectoria ejemplar en lo institucional, deportivo y social. Se practica bochas, b\u00e1squetbol, boxeo, f\u00fatbol, etc.<\/p>\n<p><strong>1947 <\/strong>\/ Fundaci\u00f3n de la Asociaci\u00f3n Civil Centro Social y Deportivo Juventud Agraria Cooperativista de Charata. Tiene su sede en Pr\u00edngles 407 de Charata.<\/p>\n<p><strong>1958 <\/strong>\/ Se funda el Club Bancarios Resistencia.<\/p>\n<p><strong>1969 \/<\/strong> El mismo d\u00eda que el hombre pisaba la luna, la chaque\u00f1a Elsa Takahashi lograba un nuevo t\u00edtulo argentino femenino de tenis de mesa, disputado en el club Italiano de Buenos Aires, donde finaliz\u00f3 invicta.\u00a0 En abril de ese a\u00f1o la chaque\u00f1a hab\u00eda sido la jugadora sudamericana m\u00e1s de destacada en el mundial de este deporte. Hay que recordar que se d\u00eda la misi\u00f3n norteamericana Apolo 11, coloc\u00f3 a los primeros hombres en la Luna: el comandante Neil Armstrong y el piloto Edwin F. Aldrin.<\/p>\n<p><strong>1986 <\/strong>\/ For Ever debuta en el reestructurado Nacional B, empatando con Mandiy\u00fa en un gol, el tanto albinegro fue marcado por Roberto Garghini. El conjunto chaque\u00f1o form\u00f3 con Merlo; Parrado, Fiorio, Jorge Ben\u00edtez y Esquivel; Forn\u00e9s, Carril y C\u00e1ceres (Arg\u00fcello); Noremberg, Lacava Schell (Alfredo Fern\u00e1ndez) y Garghini. DT: Osvaldo Diez.<\/p>\n<p><strong>1987 <\/strong>\/ Se crea la Asociaci\u00f3n Chaque\u00f1a de Pesas y Fisicoculturismo (ACHAPEFI), por impulso de Pedro Maidana y la primera comisi\u00f3n directiva estuvo presidida por Osvaldo Monfardini, vicepresidente Rolando Frangioli, secretario Pedro Maidana, prosecretario Alberto Fretes, tesorero Ricardo Galvis, protesorero Miguel \u00c1ngel Bogado.<\/p>\n<p><strong>2006 <\/strong>\/ El equipo chaque\u00f1o de tenis de mesa categor\u00eda damas menores, integrado por Marianella Konig y Virgina Valdez, Ana Codina y Karen Konig, se consagra campe\u00f3n argentino, venciendo en el final a Paso de los Libres.<\/p>\n<p>&nbsp;<\/p>\n<p><img loading=\"lazy\" decoding=\"async\" class=\"alignnone size-full wp-image-11686 aligncenter\" src=\"https:\/\/www.sportchaco.com.ar\/wp-content\/uploads\/2024\/07\/WhatsApp-Image-2024-07-19-at-12.04.38.jpeg\" alt=\"\" width=\"200\" height=\"200\" srcset=\"https:\/\/www.sportchaco.com.ar\/wp-content\/uploads\/2024\/07\/WhatsApp-Image-2024-07-19-at-12.04.38.jpeg 200w, https:\/\/www.sportchaco.com.ar\/wp-content\/uploads\/2024\/07\/WhatsApp-Image-2024-07-19-at-12.04.38-150x150.jpeg 150w\" sizes=\"auto, (max-width: 200px) 100vw, 200px\" \/><\/p>\n","protected":false},"excerpt":{"rendered":"<p>21Esta es la Efem\u00e9rides del Deporte en el Chaco de un 20 de julio periodista Luis Dar\u00edo Molodezky. 1936 \/ Se enfrentan los seleccionados de b\u00e1squet de Chaco y Corrientes en el marco de la Exposici\u00f3n Feria Comercial Chaco. Los chaque\u00f1os se integraron con M. Lestani y Ram\u00f3n Garc\u00eda de Villa, Acosta, G. Niello y &hellip;<\/p>\n","protected":false},"author":2,"featured_media":11699,"comment_status":"open","ping_status":"open","sticky":false,"template":"","format":"standard","meta":{"footnotes":""},"categories":[45,37],"tags":[],"class_list":["post-11697","post","type-post","status-publish","format-standard","has-post-thumbnail","hentry","category-efemerides-dia-por-dia","category-julio"],"_links":{"self":[{"href":"https:\/\/www.sportchaco.com.ar\/index.php?rest_route=\/wp\/v2\/posts\/11697","targetHints":{"allow":["GET"]}}],"collection":[{"href":"https:\/\/www.sportchaco.com.ar\/index.php?rest_route=\/wp\/v2\/posts"}],"about":[{"href":"https:\/\/www.sportchaco.com.ar\/index.php?rest_route=\/wp\/v2\/types\/post"}],"author":[{"embeddable":true,"href":"https:\/\/www.sportchaco.com.ar\/index.php?rest_route=\/wp\/v2\/users\/2"}],"replies":[{"embeddable":true,"href":"https:\/\/www.sportchaco.com.ar\/index.php?rest_route=%2Fwp%2Fv2%2Fcomments&post=11697"}],"version-history":[{"count":4,"href":"https:\/\/www.sportchaco.com.ar\/index.php?rest_route=\/wp\/v2\/posts\/11697\/revisions"}],"predecessor-version":[{"id":11713,"href":"https:\/\/www.sportchaco.com.ar\/index.php?rest_route=\/wp\/v2\/posts\/11697\/revisions\/11713"}],"wp:featuredmedia":[{"embeddable":true,"href":"https:\/\/www.sportchaco.com.ar\/index.php?rest_route=\/wp\/v2\/media\/11699"}],"wp:attachment":[{"href":"https:\/\/www.sportchaco.com.ar\/index.php?rest_route=%2Fwp%2Fv2%2Fmedia&parent=11697"}],"wp:term":[{"taxonomy":"category","embeddable":true,"href":"https:\/\/www.sportchaco.com.ar\/index.php?rest_route=%2Fwp%2Fv2%2Fcategories&post=11697"},{"taxonomy":"post_tag","embeddable":true,"href":"https:\/\/www.sportchaco.com.ar\/index.php?rest_route=%2Fwp%2Fv2%2Ftags&post=11697"}],"curies":[{"name":"wp","href":"https:\/\/api.w.org\/{rel}","templated":true}]}}