{"id":11723,"date":"2024-07-20T19:12:25","date_gmt":"2024-07-20T22:12:25","guid":{"rendered":"https:\/\/www.sportchaco.com.ar\/?p=11723"},"modified":"2024-07-20T19:12:25","modified_gmt":"2024-07-20T22:12:25","slug":"valdez-se-fue-de-for-ever-y-ahora","status":"publish","type":"post","link":"https:\/\/www.sportchaco.com.ar\/?p=11723","title":{"rendered":"Valdez se fue de For Ever, \u00bfY ahora?"},"content":{"rendered":"<p><strong>20-07-2024<\/strong><\/p>\n<p><img loading=\"lazy\" decoding=\"async\" class=\" wp-image-9468 aligncenter\" src=\"https:\/\/www.sportchaco.com.ar\/wp-content\/uploads\/2024\/05\/Nachec-728x90-2-300x37.gif\" alt=\"\" width=\"357\" height=\"44\" \/><\/p>\n<p>Otra vez malas noticias en For Ever. El equipo chaque\u00f1o que limita en la Primera Nacional, nuevamente se qued\u00f3 sin entrenador.<\/p>\n<p>Luego de la derrota de este viernes por la noche en el \u00abgigante\u00bb ante Temperley, Ra\u00fal Valdez dej\u00f3 de ser el t\u00e9cnico del primer equipo y el club lo oficializ\u00f3 este s\u00e1bado por la tarde.<\/p>\n<p>Cabe recordar que hace quince d\u00edas atr\u00e1s, el propio Valdez puso a disposici\u00f3n su renuncia luego de una derrota en el \u00abJuan Alberto Garc\u00eda\u00bb.<\/p>\n<p>Es el segundo DT en dejar el cargo en la temporada 2024 tras la salida de Diego Osella en la fecha diez. Valdez dur\u00f3 en el cargo catorce jornadas en las cuales obtuvo tres triunfos, empat\u00f3 tres y perdi\u00f3 ocho partidos.<\/p>\n<p>Al igual que el a\u00f1o pasado, el club tendr\u00e1 tres entrenadores durante el torneo anual, el tema es saber quien vendr\u00e1 ahora a suceder al entrenador chaque\u00f1o y quiera levantar a este equipo que est\u00e1 realizando una campa\u00f1a de descenso que arrastra cinco derrotas en las \u00faltimas cinco presentaciones.<\/p>\n<p>Adem\u00e1s, en la pr\u00f3xima fecha, el \u00abalbinegro\u00bb visitar\u00e1 a Brown de Adrogu\u00e9 que hoy es un rival directo para la permanencia en la segunda categor\u00eda del f\u00fatbol argentino.<\/p>\n<p><strong>El comunicado de For Ever<\/strong><br \/>\nEl Club Atl\u00e9tico Chaco For Ever, informa que se realiz\u00f3 una reuni\u00f3n entre la Comisi\u00f3n Directiva de la instituci\u00f3n y el Cuerpo T\u00e9cnico del plantel profesional, d\u00f3nde se lleg\u00f3 al acuerdo de dar un paso al costado en la conducci\u00f3n del primer equipo.<\/p>\n<p>Asimismo, agradecemos a Ra\u00fal Valdez y todo su cuerpo t\u00e9cnico, por la gran calidad demostrada en su profesionalismo y compromiso de trabajo con el Club. Lamentamos la partida del profesor y sus ayudantes, dese\u00e1ndole el mayor de los \u00e9xitos en su futuro.<\/p>\n<p><img loading=\"lazy\" decoding=\"async\" class=\" wp-image-11686 aligncenter\" src=\"https:\/\/www.sportchaco.com.ar\/wp-content\/uploads\/2024\/07\/WhatsApp-Image-2024-07-19-at-12.04.38.jpeg\" alt=\"\" width=\"266\" height=\"266\" srcset=\"https:\/\/www.sportchaco.com.ar\/wp-content\/uploads\/2024\/07\/WhatsApp-Image-2024-07-19-at-12.04.38.jpeg 200w, https:\/\/www.sportchaco.com.ar\/wp-content\/uploads\/2024\/07\/WhatsApp-Image-2024-07-19-at-12.04.38-150x150.jpeg 150w\" sizes=\"auto, (max-width: 266px) 100vw, 266px\" \/><\/p>\n","protected":false},"excerpt":{"rendered":"<p>20-07-2024 Otra vez malas noticias en For Ever. El equipo chaque\u00f1o que limita en la Primera Nacional, nuevamente se qued\u00f3 sin entrenador. Luego de la derrota de este viernes por la noche en el \u00abgigante\u00bb ante Temperley, Ra\u00fal Valdez dej\u00f3 de ser el t\u00e9cnico del primer equipo y el club lo oficializ\u00f3 este s\u00e1bado por &hellip;<\/p>\n","protected":false},"author":3,"featured_media":11725,"comment_status":"open","ping_status":"open","sticky":false,"template":"","format":"standard","meta":{"footnotes":""},"categories":[5],"tags":[],"class_list":["post-11723","post","type-post","status-publish","format-standard","has-post-thumbnail","hentry","category-futbol"],"_links":{"self":[{"href":"https:\/\/www.sportchaco.com.ar\/index.php?rest_route=\/wp\/v2\/posts\/11723","targetHints":{"allow":["GET"]}}],"collection":[{"href":"https:\/\/www.sportchaco.com.ar\/index.php?rest_route=\/wp\/v2\/posts"}],"about":[{"href":"https:\/\/www.sportchaco.com.ar\/index.php?rest_route=\/wp\/v2\/types\/post"}],"author":[{"embeddable":true,"href":"https:\/\/www.sportchaco.com.ar\/index.php?rest_route=\/wp\/v2\/users\/3"}],"replies":[{"embeddable":true,"href":"https:\/\/www.sportchaco.com.ar\/index.php?rest_route=%2Fwp%2Fv2%2Fcomments&post=11723"}],"version-history":[{"count":1,"href":"https:\/\/www.sportchaco.com.ar\/index.php?rest_route=\/wp\/v2\/posts\/11723\/revisions"}],"predecessor-version":[{"id":11726,"href":"https:\/\/www.sportchaco.com.ar\/index.php?rest_route=\/wp\/v2\/posts\/11723\/revisions\/11726"}],"wp:featuredmedia":[{"embeddable":true,"href":"https:\/\/www.sportchaco.com.ar\/index.php?rest_route=\/wp\/v2\/media\/11725"}],"wp:attachment":[{"href":"https:\/\/www.sportchaco.com.ar\/index.php?rest_route=%2Fwp%2Fv2%2Fmedia&parent=11723"}],"wp:term":[{"taxonomy":"category","embeddable":true,"href":"https:\/\/www.sportchaco.com.ar\/index.php?rest_route=%2Fwp%2Fv2%2Fcategories&post=11723"},{"taxonomy":"post_tag","embeddable":true,"href":"https:\/\/www.sportchaco.com.ar\/index.php?rest_route=%2Fwp%2Fv2%2Ftags&post=11723"}],"curies":[{"name":"wp","href":"https:\/\/api.w.org\/{rel}","templated":true}]}}