{"id":1174,"date":"2023-10-03T17:37:39","date_gmt":"2023-10-03T20:37:39","guid":{"rendered":"https:\/\/nuevo.sportchaco.com.ar\/?p=1174"},"modified":"2023-10-03T17:37:39","modified_gmt":"2023-10-03T20:37:39","slug":"el-diablito-echeverri-fue-convocado-para-una-nueva-concentracion-de-la-seleccion","status":"publish","type":"post","link":"https:\/\/www.sportchaco.com.ar\/?p=1174","title":{"rendered":"El \u00abDiablito\u00bb Echeverri fue convocado para una nueva concentraci\u00f3n de la Selecci\u00f3n"},"content":{"rendered":"<p>El director t\u00e9cnico del seleccionado argentino Sub-17, Diego Placente, anunci\u00f3 hoy una nueva convocatoria a un mes del debut en el Mundial de Indonesia.<\/p>\n<p>El plantel de 26 futbolistas encabezado por Claudio Echeverri, de River Plate, y Gianluca Prestianni, de V\u00e9lez Sarsfield, fue citado para hoy a las 16.00 para la primera pr\u00e1ctica de la semana en el predio Lionel Messi de Ezeiza.<\/p>\n<p>El equipo de Placente se entrenar\u00e1 hasta el viernes cuando jugar\u00e1 un nuevo amistoso con rival a confirmar.<\/p>\n<p>Entre las novedades se destacan la presencia del delantero de Espanyol Mateo Sciancal\u00e9pore, nacido en Espa\u00f1a pero de padres argentinos.<\/p>\n<p>El que no fue llamado fue Felipe Rodr\u00edguez Gentile, conocido como Felipinho, de 16 a\u00f1os, nacido en Brasil, pero cuyos padres son argentinos y milita en el Preston North End de Inglaterra.<\/p>\n<p>La lista completa de Placente es la siguiente:<br \/>\nFroil\u00e1n D\u00edaz (Uni\u00f3n de Santa Fe), Jerem\u00edas Florent\u00edn y Gustavo Albarrac\u00edn (Talleres de C\u00f3rdoba), Franco Villalba, Juan Manuel Villalba, Maher Carrizo y Gianluca Prestianni (V\u00e9lez), Dylan Gorosito y Camilo Rey Domenech (Boca Juniors), Ul\u00edses Gim\u00e9nez, Agust\u00edn Obreg\u00f3n, Franco Mastantuono, Claudio Echeverri, Ian Subiabre y Agust\u00edn Ruberto (River).<\/p>\n<p>Tob\u00edas Palacio (Argentinos Juniors), Juan Gim\u00e9nez (Rosario Central), Valente Pierani (Estudiantes LP), Axel Cabellos y Gonzalo Escudero (Racing), Thiago Laplace, Mariano Gerez y Octavio Ontivero (Lan\u00fas), Valentino Acu\u00f1a (Newell&#8217;s), Santiago L\u00f3pez (Independiente) y Mateo Sciancal\u00e9pore (Espanyol de Espa\u00f1a).<\/p>\n<p>Argentina debutar\u00e1 en el Mundial de Indonesia el 11 de noviembre contra Senegal y luego completar\u00e1 la fase de grupos ante Jap\u00f3n, el 14, y Polonia, el 17 del mismo mes.<\/p>\n","protected":false},"excerpt":{"rendered":"<p>El director t\u00e9cnico del seleccionado argentino Sub-17, Diego Placente, anunci\u00f3 hoy una nueva convocatoria a un mes del debut en el Mundial de Indonesia. El plantel de 26 futbolistas encabezado por Claudio Echeverri, de River Plate, y Gianluca Prestianni, de V\u00e9lez Sarsfield, fue citado para hoy a las 16.00 para la primera pr\u00e1ctica de la &hellip;<\/p>\n","protected":false},"author":1,"featured_media":1175,"comment_status":"open","ping_status":"open","sticky":false,"template":"","format":"standard","meta":{"footnotes":""},"categories":[5],"tags":[],"class_list":["post-1174","post","type-post","status-publish","format-standard","has-post-thumbnail","hentry","category-futbol"],"_links":{"self":[{"href":"https:\/\/www.sportchaco.com.ar\/index.php?rest_route=\/wp\/v2\/posts\/1174","targetHints":{"allow":["GET"]}}],"collection":[{"href":"https:\/\/www.sportchaco.com.ar\/index.php?rest_route=\/wp\/v2\/posts"}],"about":[{"href":"https:\/\/www.sportchaco.com.ar\/index.php?rest_route=\/wp\/v2\/types\/post"}],"author":[{"embeddable":true,"href":"https:\/\/www.sportchaco.com.ar\/index.php?rest_route=\/wp\/v2\/users\/1"}],"replies":[{"embeddable":true,"href":"https:\/\/www.sportchaco.com.ar\/index.php?rest_route=%2Fwp%2Fv2%2Fcomments&post=1174"}],"version-history":[{"count":1,"href":"https:\/\/www.sportchaco.com.ar\/index.php?rest_route=\/wp\/v2\/posts\/1174\/revisions"}],"predecessor-version":[{"id":1176,"href":"https:\/\/www.sportchaco.com.ar\/index.php?rest_route=\/wp\/v2\/posts\/1174\/revisions\/1176"}],"wp:featuredmedia":[{"embeddable":true,"href":"https:\/\/www.sportchaco.com.ar\/index.php?rest_route=\/wp\/v2\/media\/1175"}],"wp:attachment":[{"href":"https:\/\/www.sportchaco.com.ar\/index.php?rest_route=%2Fwp%2Fv2%2Fmedia&parent=1174"}],"wp:term":[{"taxonomy":"category","embeddable":true,"href":"https:\/\/www.sportchaco.com.ar\/index.php?rest_route=%2Fwp%2Fv2%2Fcategories&post=1174"},{"taxonomy":"post_tag","embeddable":true,"href":"https:\/\/www.sportchaco.com.ar\/index.php?rest_route=%2Fwp%2Fv2%2Ftags&post=1174"}],"curies":[{"name":"wp","href":"https:\/\/api.w.org\/{rel}","templated":true}]}}