{"id":11758,"date":"2024-07-21T22:50:36","date_gmt":"2024-07-22T01:50:36","guid":{"rendered":"https:\/\/www.sportchaco.com.ar\/?p=11758"},"modified":"2024-07-21T22:50:36","modified_gmt":"2024-07-22T01:50:36","slug":"efemerides-del-22-de-julio","status":"publish","type":"post","link":"https:\/\/www.sportchaco.com.ar\/?p=11758","title":{"rendered":"Efem\u00e9rides del 22 de julio"},"content":{"rendered":"<p><strong>Esta es la Efem\u00e9rides del Deporte en el Chaco de un 22 de julio periodista Luis Dar\u00edo Molodezky.<\/strong><\/p>\n<p><img loading=\"lazy\" decoding=\"async\" class=\"alignnone size-medium wp-image-11662\" src=\"https:\/\/www.sportchaco.com.ar\/wp-content\/uploads\/2024\/07\/Molodezky-Luis-1-300x199.jpg\" alt=\"\" width=\"300\" height=\"199\" srcset=\"https:\/\/www.sportchaco.com.ar\/wp-content\/uploads\/2024\/07\/Molodezky-Luis-1-300x199.jpg 300w, https:\/\/www.sportchaco.com.ar\/wp-content\/uploads\/2024\/07\/Molodezky-Luis-1-768x508.jpg 768w, https:\/\/www.sportchaco.com.ar\/wp-content\/uploads\/2024\/07\/Molodezky-Luis-1.jpg 772w\" sizes=\"auto, (max-width: 300px) 100vw, 300px\" \/><\/p>\n<p><strong>1951 <\/strong>\/ Primera competencia en el circuito Carlos Silveyra Tomkinson (en la Rural), con la presencia del gobernador del Territorio Nacional, Nicol\u00e1s Russo. Se disput\u00f3 la competencia de Mec\u00e1nica Nacional Fuerza Libre, y en clasificaci\u00f3n los mejores tiempos fueron de Adelkys Facal, Eduardo Carauni y Adolfo Felissia. Las series fueron ganadas por Facal y Carauni. En la final 1) Adelkis Facal, 2) \u00c1ngel M\u00e9ndez, 3) Eduardo Carauni, 4) Adolfo Felissia, 5) Alfredo Rinaldi, 6) Atilio Bangher, 7) V\u00edctor Mosser, 8) C\u00e1ndido Scarp\u00edn, 9) Horacio Schmidt.<\/p>\n<p>&nbsp;<\/p>\n<p><strong>2006 <\/strong>\/ Chaco se clasific\u00f3 s\u00e9ptimo en el Argentino de Santiago del Estero, donde el campe\u00f3n fue Capital Federal que super\u00f3 a C\u00f3rdoba. Por Chaco jugaron J. Na\u00f3n, E. Agudo, M. Canteros, G. Kravacek, M. Jovanovich, C. Schoppler, C. Avalle, J. P. Dip, F. Rivas, L. Ferraro, M. Aleksandrowicz. DT: Sergio Ruberto.<\/p>\n<p><strong>2007 <\/strong>\/ La Asociaci\u00f3n de Ciegos y Disminuidos Visuales de la Provincia del Chaco, Tiflos, present\u00f3 su primer equipo de f\u00fatbol para no videntes.<\/p>\n<p><strong>2009 <\/strong>\/ Fallece el doctor Ar\u00edstides Omar Ginesta, hombre del derecho y el deporte, cuando contaba con 84 a\u00f1os. Si bien estaba identificado con Don Orione, su vida deportiva arranca mucho antes como dirigente de Atl\u00e9tic Club, tambi\u00e9n de la ciudad portuaria. Fue art\u00edfice de la fusi\u00f3n de esas dos entidades. Fue uno de los que trazaron la estrategia que llev\u00f3 el estadio de Villa Forestaci\u00f3n al coraz\u00f3n de Barranqueras en 1984, a la calle Belgrano 1.180, donde se levantaron dos hermosos estadios de f\u00fatbol y b\u00e1squetbol, que con justicia llevan su nombre.<\/p>\n<p>&nbsp;<\/p>\n<p><img loading=\"lazy\" decoding=\"async\" class=\"alignnone size-full wp-image-11677\" src=\"https:\/\/www.sportchaco.com.ar\/wp-content\/uploads\/2024\/07\/CHACO-JUEGA-BANNERS-1_200X200-1.gif\" alt=\"\" width=\"200\" height=\"200\" \/><\/p>\n","protected":false},"excerpt":{"rendered":"<p>Esta es la Efem\u00e9rides del Deporte en el Chaco de un 22 de julio periodista Luis Dar\u00edo Molodezky. 1951 \/ Primera competencia en el circuito Carlos Silveyra Tomkinson (en la Rural), con la presencia del gobernador del Territorio Nacional, Nicol\u00e1s Russo. Se disput\u00f3 la competencia de Mec\u00e1nica Nacional Fuerza Libre, y en clasificaci\u00f3n los mejores &hellip;<\/p>\n","protected":false},"author":2,"featured_media":11759,"comment_status":"open","ping_status":"open","sticky":false,"template":"","format":"standard","meta":{"footnotes":""},"categories":[45,37],"tags":[],"class_list":["post-11758","post","type-post","status-publish","format-standard","has-post-thumbnail","hentry","category-efemerides-dia-por-dia","category-julio"],"_links":{"self":[{"href":"https:\/\/www.sportchaco.com.ar\/index.php?rest_route=\/wp\/v2\/posts\/11758","targetHints":{"allow":["GET"]}}],"collection":[{"href":"https:\/\/www.sportchaco.com.ar\/index.php?rest_route=\/wp\/v2\/posts"}],"about":[{"href":"https:\/\/www.sportchaco.com.ar\/index.php?rest_route=\/wp\/v2\/types\/post"}],"author":[{"embeddable":true,"href":"https:\/\/www.sportchaco.com.ar\/index.php?rest_route=\/wp\/v2\/users\/2"}],"replies":[{"embeddable":true,"href":"https:\/\/www.sportchaco.com.ar\/index.php?rest_route=%2Fwp%2Fv2%2Fcomments&post=11758"}],"version-history":[{"count":1,"href":"https:\/\/www.sportchaco.com.ar\/index.php?rest_route=\/wp\/v2\/posts\/11758\/revisions"}],"predecessor-version":[{"id":11760,"href":"https:\/\/www.sportchaco.com.ar\/index.php?rest_route=\/wp\/v2\/posts\/11758\/revisions\/11760"}],"wp:featuredmedia":[{"embeddable":true,"href":"https:\/\/www.sportchaco.com.ar\/index.php?rest_route=\/wp\/v2\/media\/11759"}],"wp:attachment":[{"href":"https:\/\/www.sportchaco.com.ar\/index.php?rest_route=%2Fwp%2Fv2%2Fmedia&parent=11758"}],"wp:term":[{"taxonomy":"category","embeddable":true,"href":"https:\/\/www.sportchaco.com.ar\/index.php?rest_route=%2Fwp%2Fv2%2Fcategories&post=11758"},{"taxonomy":"post_tag","embeddable":true,"href":"https:\/\/www.sportchaco.com.ar\/index.php?rest_route=%2Fwp%2Fv2%2Ftags&post=11758"}],"curies":[{"name":"wp","href":"https:\/\/api.w.org\/{rel}","templated":true}]}}