{"id":11768,"date":"2024-07-22T18:27:16","date_gmt":"2024-07-22T21:27:16","guid":{"rendered":"https:\/\/www.sportchaco.com.ar\/?p=11768"},"modified":"2024-07-22T18:27:16","modified_gmt":"2024-07-22T21:27:16","slug":"ricardo-pancaldo-ya-asumio-como-nuevo-director-tecnico-de-chaco-for-ever","status":"publish","type":"post","link":"https:\/\/www.sportchaco.com.ar\/?p=11768","title":{"rendered":"Ricardo Pancaldo ya asumi\u00f3 como nuevo director t\u00e9cnico de Chaco For Ever"},"content":{"rendered":"<p style=\"text-align: left;\"><strong>22-07-2024<\/strong><\/p>\n<p><img loading=\"lazy\" decoding=\"async\" class=\" wp-image-9468 aligncenter\" src=\"https:\/\/www.sportchaco.com.ar\/wp-content\/uploads\/2024\/05\/Nachec-728x90-2-300x37.gif\" alt=\"\" width=\"316\" height=\"39\" \/><\/p>\n<p>El t\u00e9cnico santafesino tendr\u00e1 su segundo ciclo al frente del primer equipo de Chaco For Ever, tras su paso durante la temporada 2023.<\/p>\n<p>En su etapa anterior, Pancaldo dirigi\u00f3 10 partidos, de los cuales gan\u00f3 6, empat\u00f3 2 y perdi\u00f3 en otras 2 oportunidades, lo que alcanz\u00f3 para sacar al \u00abnegro\u00bb de los puestos de descenso.<\/p>\n<p>Para su trabajo, estar\u00e1 secundado por Germ\u00e1n C\u00e1ceres, como ayudante de campo. La preparaci\u00f3n f\u00edsica estar\u00e1 bajo supervisi\u00f3n de Gerardo Selliares y Nahuel Pintos, mientras que Gustavo Duarte seguir\u00e1 como entrenador de arqueros.<\/p>\n<p>La tabla de posiciones actual no encuentra al equipo en su mejor momento. For Ever tiene 21 puntos y ocupa el puesto 17. En 24 fechas jugadas, gan\u00f3 5 partidos, empat\u00f3 6 y perdi\u00f3 13. El principal objetivo del nuevo cuerpo t\u00e9cnico ser\u00e1 remontar los n\u00fameros y lograr mantener la categor\u00eda.<\/p>\n<p>El s\u00e1bado, For Ever ser\u00e1 visitante ante Brown de Adrogu\u00e9 un rival directo por el \u00abTorneo de abajo\u00bb, en el marco de la fecha 25.<\/p>\n<p><img loading=\"lazy\" decoding=\"async\" class=\"size-full wp-image-9467 aligncenter\" src=\"https:\/\/www.sportchaco.com.ar\/wp-content\/uploads\/2024\/05\/Nachec1-300x250-1.gif\" alt=\"\" width=\"300\" height=\"250\" \/><\/p>\n","protected":false},"excerpt":{"rendered":"<p>22-07-2024 El t\u00e9cnico santafesino tendr\u00e1 su segundo ciclo al frente del primer equipo de Chaco For Ever, tras su paso durante la temporada 2023. En su etapa anterior, Pancaldo dirigi\u00f3 10 partidos, de los cuales gan\u00f3 6, empat\u00f3 2 y perdi\u00f3 en otras 2 oportunidades, lo que alcanz\u00f3 para sacar al \u00abnegro\u00bb de los puestos &hellip;<\/p>\n","protected":false},"author":3,"featured_media":11770,"comment_status":"open","ping_status":"open","sticky":false,"template":"","format":"standard","meta":{"footnotes":""},"categories":[5],"tags":[],"class_list":["post-11768","post","type-post","status-publish","format-standard","has-post-thumbnail","hentry","category-futbol"],"_links":{"self":[{"href":"https:\/\/www.sportchaco.com.ar\/index.php?rest_route=\/wp\/v2\/posts\/11768","targetHints":{"allow":["GET"]}}],"collection":[{"href":"https:\/\/www.sportchaco.com.ar\/index.php?rest_route=\/wp\/v2\/posts"}],"about":[{"href":"https:\/\/www.sportchaco.com.ar\/index.php?rest_route=\/wp\/v2\/types\/post"}],"author":[{"embeddable":true,"href":"https:\/\/www.sportchaco.com.ar\/index.php?rest_route=\/wp\/v2\/users\/3"}],"replies":[{"embeddable":true,"href":"https:\/\/www.sportchaco.com.ar\/index.php?rest_route=%2Fwp%2Fv2%2Fcomments&post=11768"}],"version-history":[{"count":2,"href":"https:\/\/www.sportchaco.com.ar\/index.php?rest_route=\/wp\/v2\/posts\/11768\/revisions"}],"predecessor-version":[{"id":11771,"href":"https:\/\/www.sportchaco.com.ar\/index.php?rest_route=\/wp\/v2\/posts\/11768\/revisions\/11771"}],"wp:featuredmedia":[{"embeddable":true,"href":"https:\/\/www.sportchaco.com.ar\/index.php?rest_route=\/wp\/v2\/media\/11770"}],"wp:attachment":[{"href":"https:\/\/www.sportchaco.com.ar\/index.php?rest_route=%2Fwp%2Fv2%2Fmedia&parent=11768"}],"wp:term":[{"taxonomy":"category","embeddable":true,"href":"https:\/\/www.sportchaco.com.ar\/index.php?rest_route=%2Fwp%2Fv2%2Fcategories&post=11768"},{"taxonomy":"post_tag","embeddable":true,"href":"https:\/\/www.sportchaco.com.ar\/index.php?rest_route=%2Fwp%2Fv2%2Ftags&post=11768"}],"curies":[{"name":"wp","href":"https:\/\/api.w.org\/{rel}","templated":true}]}}