{"id":11775,"date":"2024-07-22T22:57:52","date_gmt":"2024-07-23T01:57:52","guid":{"rendered":"https:\/\/www.sportchaco.com.ar\/?p=11775"},"modified":"2024-07-22T22:57:52","modified_gmt":"2024-07-23T01:57:52","slug":"dario-benedetto-dio-detalles-de-su-salida-de-boca","status":"publish","type":"post","link":"https:\/\/www.sportchaco.com.ar\/?p=11775","title":{"rendered":"Dar\u00edo Benedetto dio detalles de su salida de Boca"},"content":{"rendered":"<header class=\"article-header-wrapper\">\n<div class=\"article-header\">\n<h5 id=\"dario-benedetto-dio-detalles-de-su-salida-de-boca:-la-verdad-sobre-el-cumpleanos-de-la-polemica-y-las-charlas-con-riquelme-y-diego-martinez\" class=\"article-headline left\">Dar\u00edo Benedetto y su verdad sobre el cumplea\u00f1os de la pol\u00e9mica y las charlas con Riquelme y Diego Mart\u00ednez. El ex delantero del Xeneize revel\u00f3 algunas intimidades del plantel. Tambi\u00e9n se refiri\u00f3 a su futuro y al amor que siente por la camiseta azul y oro. Las im\u00e1genes<\/h5>\n<\/div>\n<\/header>\n<article class=\"article\">\n<div class=\"sharebar-container\"><\/div>\n<div class=\"body-article\">\n<div class=\"jwplayer-ctn\">\n<div>\n<div id=\"VWGGFEOR6RF7FL5WLDCG5ZZOXM\" class=\"jwplayer jw-reset jw-state-idle jw-stretch-uniform jw-flag-aspect-mode jw-breakpoint-4 jw-floating-dismissible jw-keep-thumbnail jw-flag-user-inactive\" tabindex=\"0\" role=\"application\" aria-label=\"Reproductor de Video\" aria-describedby=\"jw-VWGGFEOR6RF7FL5WLDCG5ZZOXM-shortcuts-tooltip-explanation\">\n<div class=\"jw-wrapper jw-reset\">\n<div>\n<div>\n<div><\/div>\n<\/div>\n<div class=\"jw-contract-trigger\"><\/div>\n<\/div>\n<div class=\"jw-hidden-accessibility\"><\/div>\n<div class=\"jw-controls jw-reset\">\n<div class=\"jw-display jw-reset\">\n<div class=\"jw-display-container jw-reset\">\n<div class=\"jw-display-controls jw-reset\">\n<div class=\"jw-display-icon-container jw-display-icon-display jw-reset\">\n<div class=\"jw-icon jw-icon-display jw-button-color jw-reset\" tabindex=\"0\" role=\"button\" aria-label=\"Reproducir\"><\/div>\n<\/div>\n<\/div>\n<\/div>\n<\/div>\n<div class=\"jw-nextup-container jw-reset\">\n<div class=\"jw-nextup jw-background-color jw-reset jw-nextup-thumbnail-visible\">\n<div class=\"jw-nextup-tooltip jw-reset\">\n<div class=\"jw-nextup-thumbnail jw-reset\"><\/div>\n<div class=\"jw-nextup-body jw-reset\">\n<div class=\"jw-nextup-header jw-reset\"><\/div>\n<\/div>\n<\/div>\n<\/div>\n<\/div>\n<\/div>\n<\/div>\n<\/div>\n<\/div>\n<\/div>\n<p class=\"paragraph\"><a href=\"https:\/\/www.infobae.com\/deportes\/2024\/07\/04\/el-impactante-tatuaje-que-se-hizo-el-pipa-benedetto-el-posteo-con-indumentaria-de-boca-en-medio-de-la-incertidumbre-sobre-su-futuro\/\" rel=\"noopener noreferrer\"><b>Dar\u00edo Benedetto<\/b><\/a>\u00a0le puso punto final a su segunda etapa como futbolista de\u00a0<b>Boca Juniors<\/b>\u00a0tras firmar la rescisi\u00f3n de\u00a0<b>\u201cmutuo acuerdo\u201d<\/b>\u00a0con la dirigencia. El\u00a0<i>Pipa<\/i>\u00a0concluy\u00f3 anticipadamente el v\u00ednculo que lo manten\u00eda ligado al\u00a0<i>Xeneize<\/i>\u00a0hasta\u00a0<b>diciembre de este 2024<\/b>, y en una de sus primeras entrevistas se mostr\u00f3 conmovido por el fanatismo que siente por el club. \u201c<b>Le ped\u00ed a Rom\u00e1n que me diera una mano, que entend\u00eda que mi ciclo estaba cumplido\u201d<\/b>, comenz\u00f3 en el extenso di\u00e1logo que mantuvo con\u00a0<i>TyC Sports<\/i>.<\/p>\n<p class=\"paragraph\">El delantero dio detalles del encuentro que mantuvo con el presidente y m\u00e1ximo \u00eddolo de la instituci\u00f3n antes de apresurar su partida. \u201cNos juntamos en el predio como se dio en mi llegada. Le dije:\u00a0<i>Me siento bien para jugar, tengo 34 a\u00f1os<\/i>. Pero entend\u00eda que el ciclo estaba cumplido y\u00a0<b>\u00e9l tambi\u00e9n lo entendi\u00f3 de esa manera<\/b>\u201d explic\u00f3.<\/p>\n<p class=\"paragraph\">Controvertido y pol\u00e9mico, Benedetto tambi\u00e9n se refiri\u00f3 al cortocircuito que atraves\u00f3 con el cuerpo t\u00e9cnico actual.\u00a0<b>\u201cDe Mart\u00ednez me quedo m\u00e1s con la persona que con el entrenador.\u00a0<\/b>Tuvimos una linda charla donde qued\u00f3 todo m\u00e1s que bien. Yo le dije que entend\u00eda todo y\u00a0<b>le ped\u00ed por favor que me diera una mano para mi salida<\/b>\u201d.<\/p>\n<p class=\"paragraph\"><b>\u201cVoy a seguir festejando mis cumplea\u00f1os, moleste a qui\u00e9n le moleste\u201d,\u00a0<\/b>aclar\u00f3 en referencia al pol\u00e9mico episodio que lo hab\u00eda tenido como protagonista y titul\u00f3 como \u201cNoches felices, ma\u00f1anas tristes\u201d. Y argument\u00f3:\u00a0<b>\u201cLo que pas\u00f3 al otro d\u00eda en kinesiolog\u00eda y con el t\u00e9cnico queda ah\u00ed. Yo no salgo hablar, Que se sepa todo, eso es cero c\u00f3digos.<\/b>\u00a0El cumple lo ten\u00eda organizado y no lo pod\u00eda cancelar. Esto se arma antes. Festej\u00e9 un cumplea\u00f1os nada m\u00e1s\u201d.<\/p>\n<div class=\"jwplayer-ctn\">\n<div>\n<div id=\"2JQCYD3QUVBJJNAAZHSQRFCBBA\" class=\"jwplayer jw-reset jw-state-idle jw-stretch-uniform jw-flag-aspect-mode jw-floating-dismissible jw-keep-thumbnail jw-breakpoint-4 jw-flag-user-inactive\" tabindex=\"0\" role=\"application\" aria-label=\"Reproductor de Video\" aria-describedby=\"jw-2JQCYD3QUVBJJNAAZHSQRFCBBA-shortcuts-tooltip-explanation\">\n<div class=\"jw-aspect jw-reset\"><\/div>\n<div class=\"jw-wrapper jw-reset\">\n<div>\n<div>\n<div><\/div>\n<\/div>\n<div class=\"jw-contract-trigger\"><\/div>\n<\/div>\n<div class=\"jw-top jw-reset\"><\/div>\n<div class=\"jw-aspect jw-reset\"><\/div>\n<\/div>\n<\/div>\n<\/div>\n<\/div>\n<p class=\"paragraph\">En este sentido, el ex goleador del Elche y Arsenal de Sarand\u00ed comprendi\u00f3 que iba a tener menos rodaje desde que lleg\u00f3 la figura de Cavani. \u201cCuando\u00a0<i>Edi<\/i>\u00a0lleg\u00f3 hab\u00eda dos puestos. Yo me sent\u00eda bien para competirle a los dos (a \u00e9l y a Merentiel). Cuando jugu\u00e9 el primer partido como titular con\u00a0<b>Tigre<\/b>\u00a0e hice un gol.\u00a0<b>Despu\u00e9s jugu\u00e9 con Defensa y no volvi\u00f3 a jugar. Ah\u00ed la cabeza me hizo un\u00a0<\/b><i><b>click<\/b><\/i><b>\u201d<\/b>, record\u00f3. Y en su extenso mon\u00f3logo, continu\u00f3: \u201cAh\u00ed tir\u00e9 para adelante.\u00a0<b>Entraba cinco minutos y lo hac\u00eda sin problemas<\/b>. Por eso cuando se cumpli\u00f3 el semestre ped\u00ed irme.\u00a0<b>Hubiese querido terminar de otro manera,<\/b>\u00a0de hecho, terminarlo de la manera que arranqu\u00e9&#8230; Pero esto es f\u00fatbol y lo entiendo de esa manera.<b>\u00a0Igual s\u00e9 que algo hice en Boca<\/b>\u201d.<\/p>\n<p class=\"paragraph\">Con sus<b>\u00a071 tantos\u00a0<\/b>convertidos con la azul y oro,\u00a0<b>Benedetto\u00a0<\/b>igual\u00f3 al brasile\u00f1o\u00a0<b>Paulo Valentim\u00a0<\/b>en el puesto 19 de m\u00e1ximos artilleros de la historia del club. Y sus gritos le abrieron las puertas de los corazones de los fan\u00e1ticos del\u00a0<i>Xeneize<\/i>.\u00a0<b>\u201cEl hincha de Boca me quiere. Yo lo siento hasta el d\u00eda de hoy que me demuestran el cari\u00f1o.<\/b>\u00a0Con el resto se perdi\u00f3 con raz\u00f3n porque el rendimiento m\u00edo no fue bueno\u201d, subray\u00f3. Y de inmediato evoc\u00f3 el dolor que provoc\u00f3 el subcampeonato continental en el m\u00edtico\u00a0<i>Maracan\u00e1<\/i>.\u00a0<b>\u201cEl objetivo era ganar la Copa Libertadores como fuera. No ten\u00eda nada que ver el amague con no concentrar.\u00a0<\/b>Se dio de esa manera, que despu\u00e9s err\u00e9 dos penales, pero yo estaba m\u00e1s metido que nunca\u201d, advirti\u00f3. Y complet\u00f3: \u201c<b>Todo el mundo sabe que a Boca no vine por la plata.\u00a0Resign\u00e9 dos veces plata<\/b>\u00a0para jugar en el club\u201d.<\/p>\n<div class=\"jwplayer-ctn\"><\/div>\n<p class=\"paragraph\">Por otro lado, en relaci\u00f3n a su influencia dentro del plantel; el Pipa advirti\u00f3 que nunca se sinti\u00f3 un cabecilla.\u00a0<b>\u201cYo nunca me cre\u00ed l\u00edder de Boca.\u00a0<\/b>Los l\u00edderes eran Marcos (Rojo),\u00a0<i>Chiquito\u00a0<\/i>(Romero) y ahora est\u00e1 Edi (Cavani). Para ser l\u00edder no s\u00f3lo ten\u00e9s que tener el apellido. Yo s\u00ed me cre\u00eda un referente que acompa\u00f1aba a los l\u00edderes\u201d.<\/p>\n<p class=\"paragraph\">Finalmente, para conocer lo que har\u00e1 en un futuro inmediato, el delantero reconoci\u00f3 que tuvo algunos llamados del exterior. \u201cTen\u00eda ofertas de Brasil, pero no se dieron. Yo en Sudam\u00e9rica no juego en otro lado, sino me hubiese quedado en Boca sin jugar.\u00a0<b>Con todo respeto del mundo a los clubes en Sudam\u00e9rica, es Boca y nada m\u00e1s.<\/b>\u00a0Mis representantes siguen trabajando con paciencia\u201d, dispar\u00f3.<\/p>\n<p class=\"paragraph\">\u201c<b>Todo lo que pas\u00e9 en Boca me super\u00f3. Vine como un hincha.<\/b>\u00a0Jam\u00e1s me imagin\u00e9 convertir tantos goles, ganar t\u00edtulos, que la gente me ovacione. Ese fue uno de los sue\u00f1os que cumpli. Cuando te vas y es una despedida, sab\u00e9s que vas a extra\u00f1ar. Gracias a Boca jugu\u00e9 en la Selecci\u00f3n y en Europa. La pr\u00f3xima vez\u00a0<b>me van a ver en el para avalanchas<\/b>\u201d, concluy\u00f3.<\/p>\n<div class=\"jwplayer-ctn\">\n<div>\n<div id=\"YH546YIXHZBK5O4XMEPCFOCYH4\" class=\"jwplayer jw-reset jw-state-idle jw-stretch-uniform jw-flag-aspect-mode jw-floating-dismissible jw-keep-thumbnail jw-flag-user-inactive jw-breakpoint-4\" tabindex=\"0\" role=\"application\" aria-label=\"Reproductor de Video\" aria-describedby=\"jw-YH546YIXHZBK5O4XMEPCFOCYH4-shortcuts-tooltip-explanation\">\n<div class=\"jw-wrapper jw-reset\">\n<div class=\"jw-title jw-reset-text\" dir=\"auto\"><\/div>\n<div class=\"jw-controls jw-reset\">\n<div class=\"jw-display jw-reset\">\n<div class=\"jw-display-container jw-reset\">\n<div class=\"jw-display-controls jw-reset\">\n<div class=\"jw-display-icon-container jw-display-icon-display jw-reset\">\n<div class=\"jw-icon jw-icon-display jw-button-color jw-reset\" tabindex=\"0\" role=\"button\" aria-label=\"Reproducir\"><\/div>\n<\/div>\n<\/div>\n<\/div>\n<\/div>\n<div class=\"jw-nextup-container jw-reset\">\n<div class=\"jw-nextup jw-background-color jw-reset jw-nextup-thumbnail-visible\">\n<div class=\"jw-nextup-tooltip jw-reset\">\n<div class=\"jw-nextup-thumbnail jw-reset\"><\/div>\n<div class=\"jw-nextup-body jw-reset\">\n<div class=\"jw-nextup-header jw-reset\"><\/div>\n<\/div>\n<\/div>\n<\/div>\n<\/div>\n<\/div>\n<\/div>\n<\/div>\n<\/div>\n<\/div>\n<div class=\"second-saved-buttons\">\n<div class=\"body-share-note\">\n<div class=\"sharebar-container\">\n<div class=\"share-bar-article-date-container \"><\/div>\n<div class=\"sharebar-buttons-container\"><\/div>\n<\/div>\n<\/div>\n<\/div>\n<\/div>\n<\/article>\n","protected":false},"excerpt":{"rendered":"<p>Dar\u00edo Benedetto y su verdad sobre el cumplea\u00f1os de la pol\u00e9mica y las charlas con Riquelme y Diego Mart\u00ednez. El ex delantero del Xeneize revel\u00f3 algunas intimidades del plantel. Tambi\u00e9n se refiri\u00f3 a su futuro y al amor que siente por la camiseta azul y oro. Las im\u00e1genes Dar\u00edo Benedetto\u00a0le puso punto final a su &hellip;<\/p>\n","protected":false},"author":2,"featured_media":11776,"comment_status":"open","ping_status":"open","sticky":false,"template":"","format":"standard","meta":{"footnotes":""},"categories":[47],"tags":[],"class_list":["post-11775","post","type-post","status-publish","format-standard","has-post-thumbnail","hentry","category-nacionales"],"_links":{"self":[{"href":"https:\/\/www.sportchaco.com.ar\/index.php?rest_route=\/wp\/v2\/posts\/11775","targetHints":{"allow":["GET"]}}],"collection":[{"href":"https:\/\/www.sportchaco.com.ar\/index.php?rest_route=\/wp\/v2\/posts"}],"about":[{"href":"https:\/\/www.sportchaco.com.ar\/index.php?rest_route=\/wp\/v2\/types\/post"}],"author":[{"embeddable":true,"href":"https:\/\/www.sportchaco.com.ar\/index.php?rest_route=\/wp\/v2\/users\/2"}],"replies":[{"embeddable":true,"href":"https:\/\/www.sportchaco.com.ar\/index.php?rest_route=%2Fwp%2Fv2%2Fcomments&post=11775"}],"version-history":[{"count":1,"href":"https:\/\/www.sportchaco.com.ar\/index.php?rest_route=\/wp\/v2\/posts\/11775\/revisions"}],"predecessor-version":[{"id":11777,"href":"https:\/\/www.sportchaco.com.ar\/index.php?rest_route=\/wp\/v2\/posts\/11775\/revisions\/11777"}],"wp:featuredmedia":[{"embeddable":true,"href":"https:\/\/www.sportchaco.com.ar\/index.php?rest_route=\/wp\/v2\/media\/11776"}],"wp:attachment":[{"href":"https:\/\/www.sportchaco.com.ar\/index.php?rest_route=%2Fwp%2Fv2%2Fmedia&parent=11775"}],"wp:term":[{"taxonomy":"category","embeddable":true,"href":"https:\/\/www.sportchaco.com.ar\/index.php?rest_route=%2Fwp%2Fv2%2Fcategories&post=11775"},{"taxonomy":"post_tag","embeddable":true,"href":"https:\/\/www.sportchaco.com.ar\/index.php?rest_route=%2Fwp%2Fv2%2Ftags&post=11775"}],"curies":[{"name":"wp","href":"https:\/\/api.w.org\/{rel}","templated":true}]}}