{"id":1183,"date":"2023-10-03T20:10:58","date_gmt":"2023-10-03T23:10:58","guid":{"rendered":"https:\/\/www.sportchaco.com.ar\/?p=1183"},"modified":"2023-10-03T20:23:39","modified_gmt":"2023-10-03T23:23:39","slug":"di-maria-salio-lesionado","status":"publish","type":"post","link":"https:\/\/www.sportchaco.com.ar\/?p=1183","title":{"rendered":"Di Mar\u00eda sali\u00f3 lesionado"},"content":{"rendered":"<div id=\"div_cuerpo\" class=\"content cable-content\">\n<p>El volante campe\u00f3n del mundo \u00c1ngel Di Mar\u00eda finaliz\u00f3 hoy con una molestia muscular en la derrota de Benfica ante Inter por 1 a 0, de visitante, por el grupo D de la Liga de Campeones de Europa, que motiv\u00f3 su reemplazo y pone en duda su presencia para la pr\u00f3xima doble jornada de Eliminatorias sudamericanas.<\/p>\n<p>Di Mar\u00eda sinti\u00f3 dolor a los 32 minutos del segundo tiempo en la pierna derecha en una jugada de ataque y solicit\u00f3 el cambio. Una vez reemplazado por el checo David Jurasek, \u00abFideo\u00bb se sent\u00f3 en el banco de los suplentes del Giuseppe Meazza de Mil\u00e1n y le aplicaron hielo en la parte posterior de la pierna derecha.<\/p>\n<p>La salida de Di Mar\u00eda encendi\u00f3 la alarma en el seleccionado argentino de cara a la pr\u00f3xima doble fecha de Eliminatorias sudamericanas ante Paraguay (12 de octubre, en el M\u00e1s Monumental) y Per\u00fa (17 de octubre, en Lima).<\/p>\n<p>El ex Real Madrid se someter\u00e1 a estudios para determinar si existe lesi\u00f3n o no.<\/p>\n<p>El equipo italiano se impuso con el gol del delantero franc\u00e9s Marcus Thuram (ST 17m) y cont\u00f3 con el delantero Lautaro Mart\u00ednez, campe\u00f3n del mundo en Qatar 2022, como titular. El \u00abToro\u00bb, capit\u00e1n de Inter, dispuso de algunas situaciones que no pudo concretar.<\/p>\n<p>En Benfica jugaron desde el inicio Di Mar\u00eda y Nicolas Otamendi, uno de los pilares de la defensa argentina en la \u00faltima Copa del Mundo.<\/p>\n<p>Con este resultado, Inter qued\u00f3 como puntero con 4 puntos junto con Real Sociedad, de Espa\u00f1a, que en primer turno derrot\u00f3 a Salzburgo, de Austria,con Nicol\u00e1s Capaldo, por 2 a 0, en condici\u00f3n de visitante.<\/p>\n<p>Los espa\u00f1oles Mikel Oyarzabal (7m. PT) y Brais M\u00e9ndez (27m. PT) marcaron los dos goles del conjunto vasco. Capaldo, con pasado en Boca Juniors, ingres\u00f3 a los 20 minutos del segundo tiempo en el due\u00f1o de casa.<\/p>\n<p>Real Madrid, de Espa\u00f1a, m\u00e1ximo ganador de la Champions con 14 t\u00edtulos, derrot\u00f3 a Napoli, de Italia, por 3 a 2, de visitante, en el estadio Diego Armando Maradona, en el encuentro v\u00e1lido por el grupo C. El delantero argentino Giovanni Simeone ingres\u00f3 a falta de 3 minutos en el conjunto de N\u00e1poles.<\/p>\n<p>Por el grupo A, Galatasaray, de Turqu\u00eda, con un gol de Mauro Icardi, dio la nota con el triunfo 3-2, como visitante, ante Manchester United, de Inglaterra, que cont\u00f3 con el ingreso del juvenil Alejandro Garnacho y sufri\u00f3 su segunda derrota al hilo.<\/p>\n<p>Icardi, ex Inter y Par\u00eds Saint Germain, de Francia, marr\u00f3 un penal (ST 32m) cuando el partido estaba 2-2, pero tuvo revancha a falta de 10 minutos cuando pic\u00f3 la pelota ante la salida del arquero camerun\u00e9s Andr\u00e9 Onana. El atacante rosarino convirti\u00f3 su duod\u00e9cimo gol en Liga de Campeones y el primero con el equipo turco en esta competici\u00f3n.<\/p>\n<p>Otros resultados:<\/p>\n<p>Grupo A: Copenhag\u00fce 1-Bayern M\u00fanich 2.<\/p>\n<p>Grupo B: PSV Eindovhen (Walter Ben\u00edtez) 2-Sevilla (Lucas Ocampos y Marcos Acu\u00f1a); Lens (Facundo Medina) 2-Arsenal 1.<\/p>\n<p>Grupo C: Uni\u00f3n Berlin 2 &#8211; Braga 3<\/p>\n<p>Ma\u00f1ana:<\/p>\n<p>Grupo E: Atl\u00e9tico de Madrid-Feyenoord (13:45, Fox Sports y Star+); Celtic-Lazio (16:00, Fox Sports 2 y Star+).<\/p>\n<p>Grupo F: Borussia Dortmund-Milan (16:00, ESPN 3 y Star+); Newcastle-PSG (16:00, ESPN 2 y Star+)<\/p>\n<p>Grupo G: Leipzig-Manchester City (16:00, ESPN y Star+); Estrella Roja-Young Boys (16:00, Star+).<\/p>\n<p>Grupo H: Antwerp-Shaktar (13.45, Fox Sports 2 y Star+); Porto-Barcelona (16:00, Fox Sports y Star+). T\u00e9lam<\/p>\n<\/div>\n","protected":false},"excerpt":{"rendered":"<p>El volante campe\u00f3n del mundo \u00c1ngel Di Mar\u00eda finaliz\u00f3 hoy con una molestia muscular en la derrota de Benfica ante Inter por 1 a 0, de visitante, por el grupo D de la Liga de Campeones de Europa, que motiv\u00f3 su reemplazo y pone en duda su presencia para la pr\u00f3xima doble jornada de Eliminatorias &hellip;<\/p>\n","protected":false},"author":2,"featured_media":1184,"comment_status":"open","ping_status":"open","sticky":false,"template":"","format":"standard","meta":{"footnotes":""},"categories":[1,6],"tags":[43],"class_list":["post-1183","post","type-post","status-publish","format-standard","has-post-thumbnail","hentry","category-fotos-del-recuerdo","category-internacionales","tag-internacionales"],"_links":{"self":[{"href":"https:\/\/www.sportchaco.com.ar\/index.php?rest_route=\/wp\/v2\/posts\/1183","targetHints":{"allow":["GET"]}}],"collection":[{"href":"https:\/\/www.sportchaco.com.ar\/index.php?rest_route=\/wp\/v2\/posts"}],"about":[{"href":"https:\/\/www.sportchaco.com.ar\/index.php?rest_route=\/wp\/v2\/types\/post"}],"author":[{"embeddable":true,"href":"https:\/\/www.sportchaco.com.ar\/index.php?rest_route=\/wp\/v2\/users\/2"}],"replies":[{"embeddable":true,"href":"https:\/\/www.sportchaco.com.ar\/index.php?rest_route=%2Fwp%2Fv2%2Fcomments&post=1183"}],"version-history":[{"count":2,"href":"https:\/\/www.sportchaco.com.ar\/index.php?rest_route=\/wp\/v2\/posts\/1183\/revisions"}],"predecessor-version":[{"id":1186,"href":"https:\/\/www.sportchaco.com.ar\/index.php?rest_route=\/wp\/v2\/posts\/1183\/revisions\/1186"}],"wp:featuredmedia":[{"embeddable":true,"href":"https:\/\/www.sportchaco.com.ar\/index.php?rest_route=\/wp\/v2\/media\/1184"}],"wp:attachment":[{"href":"https:\/\/www.sportchaco.com.ar\/index.php?rest_route=%2Fwp%2Fv2%2Fmedia&parent=1183"}],"wp:term":[{"taxonomy":"category","embeddable":true,"href":"https:\/\/www.sportchaco.com.ar\/index.php?rest_route=%2Fwp%2Fv2%2Fcategories&post=1183"},{"taxonomy":"post_tag","embeddable":true,"href":"https:\/\/www.sportchaco.com.ar\/index.php?rest_route=%2Fwp%2Fv2%2Ftags&post=1183"}],"curies":[{"name":"wp","href":"https:\/\/api.w.org\/{rel}","templated":true}]}}