{"id":11925,"date":"2024-07-28T22:45:52","date_gmt":"2024-07-29T01:45:52","guid":{"rendered":"https:\/\/www.sportchaco.com.ar\/?p=11925"},"modified":"2024-07-28T22:45:52","modified_gmt":"2024-07-29T01:45:52","slug":"efemerides-del-29-de-julio","status":"publish","type":"post","link":"https:\/\/www.sportchaco.com.ar\/?p=11925","title":{"rendered":"Efem\u00e9rides del 29 de julio"},"content":{"rendered":"<p><strong>Esta es la Efem\u00e9rides del Deporte en el Chaco de un 29 de julio periodista Luis Dar\u00edo Molodezky.<\/strong><\/p>\n<p>&nbsp;<\/p>\n<p><img loading=\"lazy\" decoding=\"async\" class=\"alignnone size-medium wp-image-11906\" src=\"https:\/\/www.sportchaco.com.ar\/wp-content\/uploads\/2024\/07\/molito-269x300.jpg\" alt=\"\" width=\"269\" height=\"300\" srcset=\"https:\/\/www.sportchaco.com.ar\/wp-content\/uploads\/2024\/07\/molito-269x300.jpg 269w, https:\/\/www.sportchaco.com.ar\/wp-content\/uploads\/2024\/07\/molito-768x856.jpg 768w, https:\/\/www.sportchaco.com.ar\/wp-content\/uploads\/2024\/07\/molito.jpg 799w\" sizes=\"auto, (max-width: 269px) 100vw, 269px\" \/><\/p>\n<p><strong>1941 <\/strong>\/ La Federaci\u00f3n Chaque\u00f1a de B\u00e1squetbol expulsa de su seno a una \u201cgloria\u201d del Club Villa San Mart\u00edn: Ram\u00f3n Garc\u00eda. La grave sanci\u00f3n al basquetbolista tiene origen en un cotejo que su equipo juega con Sportivo Libertad en un Campeonato Rel\u00e1mpago y donde Garc\u00eda insulta y desaf\u00eda a pelear al jugador Roberto Correu y al capit\u00e1n del mismo equipo, Alejandro Franco y al delegado Marcos Romero.<\/p>\n<p><strong>1947 <\/strong>\/ Nace en Coronel Du Graty Enrique Salvador Chazarreta. Se inici\u00f3 en Marcelino Ugarte donde fue campe\u00f3n \u201964. Juan Melar le anunci\u00f3 un d\u00eda que hab\u00eda sido vendido a Sarmiento de Resistencia por 120 mil pesos y un partido por la recaudaci\u00f3n, que aseguran nunca se jug\u00f3. En 1968 fue transferido a San Lorenzo m\u00e1s tarde se concret\u00f3 la transferencia en 5 millones. Fue volante hasta 1975. Jug\u00f3 en la Primera Divisi\u00f3n en un total de 184 partidos y convirti\u00f3 30 goles. Jug\u00f3 el Mundial 1974 de Alemania para la Selecci\u00f3n Argentina. Falleci\u00f3 el 24 de marzo de 2021.<\/p>\n<p><strong>1961 \/<\/strong> La jubilaci\u00f3n de cuatro \u00e1rbitros. Los aficionados se enteraban en las p\u00e1ginas de \u201cEl Territorio\u201d, que a partir del 1\u00ba de agosto entra a regir la nueva reglamentaci\u00f3n de la Liga Chaque\u00f1a de F\u00fatbol; la que establec\u00eda que dejar\u00e1n de dirigir los \u00e1rbitros que superen los 50 a\u00f1os de edad. Es por eso que ese fin de semana, el f\u00fatbol despedir\u00eda a Avelino Virilli, Emidgio Santos Oliveira, Agust\u00edn Pagano y Jos\u00e9 Zabaleta.<\/p>\n<p><strong>1998 <\/strong>\/ Primera edici\u00f3n del programa El Aguante Deportivo, por idea y realizaci\u00f3n del periodista Marcelo M\u00e1ntaras, que se difund\u00eda desde Radio Crisol. El primer partido transmitido desde Villa Ocampo, entre Ocampo F\u00e1brica y Fontana. Despu\u00e9s los programas y transmisiones de exteriores se multiplicaron en distintas emisoras.<\/p>\n<p><strong>2006 <\/strong>\/ El chaque\u00f1o Javier Alvarez falla en su intento de reconquistar la corona sudamericana de los superplumas al ser superado ampliamente por puntos por el titular del cetro Roberto David Arrieta, en el espect\u00e1culo que tuvo como escenario el club Belgrano de Santa Rosa, La Pampa.<\/p>\n<p><strong>2023 \/<\/strong> Fallece en Resistencia a los 75 a\u00f1os Osvaldo el \u00abPollo\u00bb Acu\u00f1a, Hizo su carrera en Hind\u00fa Club, donde se consagr\u00f3 campe\u00f3n en las temporadas 1971, 1973, 1975 y 1976, integr\u00f3 el seleccionado chaque\u00f1o y puso punto final a su etapa de jugador en Don Orione de Barranqueras. Introvertido, era un goleador implacable. Hab\u00eda llegado a Resistencia con 18 a\u00f1os desde Saladas, Corrientes. Sus tres hijos Santiago, Gast\u00f3n y Rogelio, heredaron su pasi\u00f3n por el b\u00e1squetbol.<\/p>\n<p>&nbsp;<\/p>\n<p>&nbsp;<\/p>\n<p><strong>Foto portada: Enrique Salvador Chazarreta ya en San Lorenzo, juega en Sarmiento y en la foto aparece con su hermano Pedro y Merahed<\/strong><\/p>\n<p>&nbsp;<\/p>\n<p><img loading=\"lazy\" decoding=\"async\" class=\"alignnone size-full wp-image-11677 aligncenter\" src=\"https:\/\/www.sportchaco.com.ar\/wp-content\/uploads\/2024\/07\/CHACO-JUEGA-BANNERS-1_200X200-1.gif\" alt=\"\" width=\"200\" height=\"200\" \/><\/p>\n","protected":false},"excerpt":{"rendered":"<p>Esta es la Efem\u00e9rides del Deporte en el Chaco de un 29 de julio periodista Luis Dar\u00edo Molodezky. &nbsp; 1941 \/ La Federaci\u00f3n Chaque\u00f1a de B\u00e1squetbol expulsa de su seno a una \u201cgloria\u201d del Club Villa San Mart\u00edn: Ram\u00f3n Garc\u00eda. La grave sanci\u00f3n al basquetbolista tiene origen en un cotejo que su equipo juega con &hellip;<\/p>\n","protected":false},"author":2,"featured_media":11926,"comment_status":"open","ping_status":"open","sticky":false,"template":"","format":"standard","meta":{"footnotes":""},"categories":[45,37],"tags":[],"class_list":["post-11925","post","type-post","status-publish","format-standard","has-post-thumbnail","hentry","category-efemerides-dia-por-dia","category-julio"],"_links":{"self":[{"href":"https:\/\/www.sportchaco.com.ar\/index.php?rest_route=\/wp\/v2\/posts\/11925","targetHints":{"allow":["GET"]}}],"collection":[{"href":"https:\/\/www.sportchaco.com.ar\/index.php?rest_route=\/wp\/v2\/posts"}],"about":[{"href":"https:\/\/www.sportchaco.com.ar\/index.php?rest_route=\/wp\/v2\/types\/post"}],"author":[{"embeddable":true,"href":"https:\/\/www.sportchaco.com.ar\/index.php?rest_route=\/wp\/v2\/users\/2"}],"replies":[{"embeddable":true,"href":"https:\/\/www.sportchaco.com.ar\/index.php?rest_route=%2Fwp%2Fv2%2Fcomments&post=11925"}],"version-history":[{"count":1,"href":"https:\/\/www.sportchaco.com.ar\/index.php?rest_route=\/wp\/v2\/posts\/11925\/revisions"}],"predecessor-version":[{"id":11927,"href":"https:\/\/www.sportchaco.com.ar\/index.php?rest_route=\/wp\/v2\/posts\/11925\/revisions\/11927"}],"wp:featuredmedia":[{"embeddable":true,"href":"https:\/\/www.sportchaco.com.ar\/index.php?rest_route=\/wp\/v2\/media\/11926"}],"wp:attachment":[{"href":"https:\/\/www.sportchaco.com.ar\/index.php?rest_route=%2Fwp%2Fv2%2Fmedia&parent=11925"}],"wp:term":[{"taxonomy":"category","embeddable":true,"href":"https:\/\/www.sportchaco.com.ar\/index.php?rest_route=%2Fwp%2Fv2%2Fcategories&post=11925"},{"taxonomy":"post_tag","embeddable":true,"href":"https:\/\/www.sportchaco.com.ar\/index.php?rest_route=%2Fwp%2Fv2%2Ftags&post=11925"}],"curies":[{"name":"wp","href":"https:\/\/api.w.org\/{rel}","templated":true}]}}