{"id":1197,"date":"2023-10-03T21:04:34","date_gmt":"2023-10-04T00:04:34","guid":{"rendered":"https:\/\/www.sportchaco.com.ar\/?p=1197"},"modified":"2023-10-04T11:08:06","modified_gmt":"2023-10-04T14:08:06","slug":"efemerides-del-deporte-chaqueno-2","status":"publish","type":"post","link":"https:\/\/www.sportchaco.com.ar\/?p=1197","title":{"rendered":"Efem\u00e9rides del deporte chaque\u00f1o"},"content":{"rendered":"<p><strong>Esta es la Efem\u00e9rides del deporte en la provincia del Chaco del periodista Luis Dar\u00edo Molodezky<\/strong><\/p>\n<p><strong>1965 \/ <\/strong>Sarmiento y San Mart\u00edn de Margarita Bel\u00e9n logran el ascenso a la primera divisi\u00f3n de la ABR, al quedar primero y segundo del cuadrangular Extra.\u00a0 En el Centro Recreativo de Villa del Carmen el decano super\u00f3 a Miguel Can\u00e9 por 47 a 4. En el otro cotejo, San Mart\u00edn le gan\u00f3 a Tiro Federal por 57 a 45 en Margarita Bel\u00e9n.<\/p>\n<p><strong>1974 <\/strong>\/ Javier Dacak, representando al Chaco y laArgentina, se consagra campe\u00f3n mundial de rotura de potencia con canto de mano, en el torneo realizado en Montreal, Canad\u00e1.<\/p>\n<p><strong>2006 <\/strong>\/ Don Orione corona un a\u00f1o so\u00f1ado con la obtenci\u00f3n del bicampeonato (Apertura y Clausura) tras igualar en Barranqueras con Villa Alvear 0 a 0. El plantel portuario et\u00e1 integrado por Fretes, Tomny, Escobar, Arbu\u00e9s, Duarte, Arriola, Valenzuela, L. Meza, Sin\u00f3polis, Leguizam\u00f3n, Romero, Segovia, Rodr\u00edguez, Gim\u00e9nez, D. Meza, B\u00e1ez, Gauna, G\u00f3mez y Mart\u00ednez. Rub\u00edn, Falc\u00f3n, R\u00edos, P\u00e9rez, Gonz\u00e1lez, Maidana, Rea, Alfonzo, Galliotti, Sandoval y Zalazar. T\u00e9cnico Ra\u00fal Eric Acosta y Echezarreta preparador f\u00edsico.<\/p>\n<p><strong><em>\u00a0<\/em><\/strong><\/p>\n<p>&nbsp;<\/p>\n","protected":false},"excerpt":{"rendered":"<p>Esta es la Efem\u00e9rides del deporte en la provincia del Chaco del periodista Luis Dar\u00edo Molodezky 1965 \/ Sarmiento y San Mart\u00edn de Margarita Bel\u00e9n logran el ascenso a la primera divisi\u00f3n de la ABR, al quedar primero y segundo del cuadrangular Extra.\u00a0 En el Centro Recreativo de Villa del Carmen el decano super\u00f3 a &hellip;<\/p>\n","protected":false},"author":2,"featured_media":1198,"comment_status":"open","ping_status":"open","sticky":false,"template":"","format":"standard","meta":{"footnotes":""},"categories":[45],"tags":[],"class_list":["post-1197","post","type-post","status-publish","format-standard","has-post-thumbnail","hentry","category-efemerides-dia-por-dia"],"_links":{"self":[{"href":"https:\/\/www.sportchaco.com.ar\/index.php?rest_route=\/wp\/v2\/posts\/1197","targetHints":{"allow":["GET"]}}],"collection":[{"href":"https:\/\/www.sportchaco.com.ar\/index.php?rest_route=\/wp\/v2\/posts"}],"about":[{"href":"https:\/\/www.sportchaco.com.ar\/index.php?rest_route=\/wp\/v2\/types\/post"}],"author":[{"embeddable":true,"href":"https:\/\/www.sportchaco.com.ar\/index.php?rest_route=\/wp\/v2\/users\/2"}],"replies":[{"embeddable":true,"href":"https:\/\/www.sportchaco.com.ar\/index.php?rest_route=%2Fwp%2Fv2%2Fcomments&post=1197"}],"version-history":[{"count":2,"href":"https:\/\/www.sportchaco.com.ar\/index.php?rest_route=\/wp\/v2\/posts\/1197\/revisions"}],"predecessor-version":[{"id":1253,"href":"https:\/\/www.sportchaco.com.ar\/index.php?rest_route=\/wp\/v2\/posts\/1197\/revisions\/1253"}],"wp:featuredmedia":[{"embeddable":true,"href":"https:\/\/www.sportchaco.com.ar\/index.php?rest_route=\/wp\/v2\/media\/1198"}],"wp:attachment":[{"href":"https:\/\/www.sportchaco.com.ar\/index.php?rest_route=%2Fwp%2Fv2%2Fmedia&parent=1197"}],"wp:term":[{"taxonomy":"category","embeddable":true,"href":"https:\/\/www.sportchaco.com.ar\/index.php?rest_route=%2Fwp%2Fv2%2Fcategories&post=1197"},{"taxonomy":"post_tag","embeddable":true,"href":"https:\/\/www.sportchaco.com.ar\/index.php?rest_route=%2Fwp%2Fv2%2Ftags&post=1197"}],"curies":[{"name":"wp","href":"https:\/\/api.w.org\/{rel}","templated":true}]}}