{"id":12009,"date":"2024-08-01T18:49:19","date_gmt":"2024-08-01T21:49:19","guid":{"rendered":"https:\/\/www.sportchaco.com.ar\/?p=12009"},"modified":"2024-08-01T18:49:19","modified_gmt":"2024-08-01T21:49:19","slug":"for-ever-prepara-el-equipo-que-recibira-a-almagro","status":"publish","type":"post","link":"https:\/\/www.sportchaco.com.ar\/?p=12009","title":{"rendered":"For Ever prepara el equipo que recibir\u00e1 a Almagro"},"content":{"rendered":"<p><strong>01-08-2024<\/strong><\/p>\n<p><img loading=\"lazy\" decoding=\"async\" class=\" wp-image-6730 aligncenter\" src=\"https:\/\/www.sportchaco.com.ar\/wp-content\/uploads\/2024\/03\/aviso-colegios-acostado-1-300x50.jpg\" alt=\"\" width=\"378\" height=\"63\" srcset=\"https:\/\/www.sportchaco.com.ar\/wp-content\/uploads\/2024\/03\/aviso-colegios-acostado-1-300x50.jpg 300w, https:\/\/www.sportchaco.com.ar\/wp-content\/uploads\/2024\/03\/aviso-colegios-acostado-1-1024x171.jpg 1024w, https:\/\/www.sportchaco.com.ar\/wp-content\/uploads\/2024\/03\/aviso-colegios-acostado-1-768x128.jpg 768w, https:\/\/www.sportchaco.com.ar\/wp-content\/uploads\/2024\/03\/aviso-colegios-acostado-1.jpg 1200w\" sizes=\"auto, (max-width: 378px) 100vw, 378px\" \/><\/p>\n<p>For Ever tuvo su ensayo futbol\u00edstico este jueves por la ma\u00f1ana en la cancha principal del estadio \u00abJuan Alberto Garc\u00eda\u00bb donde el DT, Ricardo Pancaldo, sostuvo el mismo equipo con el que debut\u00f3 en Adrogu\u00e9.<\/p>\n<p>Sin sorpresas para el \u00abnegro\u00bb la pr\u00e1ctica de f\u00fatbol pensando en el duelo de este s\u00e1bado a las 17 horas ante Almagro por la 26\u00aa fecha de la zona B de la Primera Nacional.<\/p>\n<p>Es decir que Pancaldo prob\u00f3 con Gast\u00f3n Canuto; Maximiliano Romero, David Valdez, Mathias Silvera y Luciano Lapetina; Agust\u00edn Bellone, Brian Nievas, Javier Iritier y Gonzalo Lucero; Gast\u00f3n Novero y Jonathan Dellarossa.<\/p>\n<p>Los \u00e1rbitros para dicho encuentro ser\u00e1n Lucas Cavallero, como juez principal, Roque Narv\u00e1ez y Mat\u00edas Coria de asistentes y de cuarto \u00e1rbitro, Carlos C\u00f3rdoba.<\/p>\n<p><strong>LLEG\u00d3 UN DELANTERO M\u00c1S<\/strong><br \/>\nEn la ma\u00f1ana de este jueves, Imanol Ib\u00e1\u00f1ez se present\u00f3 en la pr\u00e1ctica del \u00abalbinegro\u00bb. El delantero llega proveniente de Aldosivi de Mar del Plata y ocupar\u00e1 el lugar en la lista de buena fe de Leonel Giggli, quien por una lesi\u00f3n en sus cart\u00edlagos se perder\u00e1 el resto de la temporada.<\/p>\n<p><img loading=\"lazy\" decoding=\"async\" class=\" wp-image-9746 aligncenter\" src=\"https:\/\/www.sportchaco.com.ar\/wp-content\/uploads\/2024\/05\/Mosquitos-aviso-240x300.jpeg\" alt=\"\" width=\"270\" height=\"338\" srcset=\"https:\/\/www.sportchaco.com.ar\/wp-content\/uploads\/2024\/05\/Mosquitos-aviso-240x300.jpeg 240w, https:\/\/www.sportchaco.com.ar\/wp-content\/uploads\/2024\/05\/Mosquitos-aviso-819x1024.jpeg 819w, https:\/\/www.sportchaco.com.ar\/wp-content\/uploads\/2024\/05\/Mosquitos-aviso-768x960.jpeg 768w, https:\/\/www.sportchaco.com.ar\/wp-content\/uploads\/2024\/05\/Mosquitos-aviso.jpeg 1080w\" sizes=\"auto, (max-width: 270px) 100vw, 270px\" \/><\/p>\n","protected":false},"excerpt":{"rendered":"<p>01-08-2024 For Ever tuvo su ensayo futbol\u00edstico este jueves por la ma\u00f1ana en la cancha principal del estadio \u00abJuan Alberto Garc\u00eda\u00bb donde el DT, Ricardo Pancaldo, sostuvo el mismo equipo con el que debut\u00f3 en Adrogu\u00e9. Sin sorpresas para el \u00abnegro\u00bb la pr\u00e1ctica de f\u00fatbol pensando en el duelo de este s\u00e1bado a las 17 &hellip;<\/p>\n","protected":false},"author":3,"featured_media":12010,"comment_status":"open","ping_status":"open","sticky":false,"template":"","format":"standard","meta":{"footnotes":""},"categories":[5],"tags":[],"class_list":["post-12009","post","type-post","status-publish","format-standard","has-post-thumbnail","hentry","category-futbol"],"_links":{"self":[{"href":"https:\/\/www.sportchaco.com.ar\/index.php?rest_route=\/wp\/v2\/posts\/12009","targetHints":{"allow":["GET"]}}],"collection":[{"href":"https:\/\/www.sportchaco.com.ar\/index.php?rest_route=\/wp\/v2\/posts"}],"about":[{"href":"https:\/\/www.sportchaco.com.ar\/index.php?rest_route=\/wp\/v2\/types\/post"}],"author":[{"embeddable":true,"href":"https:\/\/www.sportchaco.com.ar\/index.php?rest_route=\/wp\/v2\/users\/3"}],"replies":[{"embeddable":true,"href":"https:\/\/www.sportchaco.com.ar\/index.php?rest_route=%2Fwp%2Fv2%2Fcomments&post=12009"}],"version-history":[{"count":1,"href":"https:\/\/www.sportchaco.com.ar\/index.php?rest_route=\/wp\/v2\/posts\/12009\/revisions"}],"predecessor-version":[{"id":12011,"href":"https:\/\/www.sportchaco.com.ar\/index.php?rest_route=\/wp\/v2\/posts\/12009\/revisions\/12011"}],"wp:featuredmedia":[{"embeddable":true,"href":"https:\/\/www.sportchaco.com.ar\/index.php?rest_route=\/wp\/v2\/media\/12010"}],"wp:attachment":[{"href":"https:\/\/www.sportchaco.com.ar\/index.php?rest_route=%2Fwp%2Fv2%2Fmedia&parent=12009"}],"wp:term":[{"taxonomy":"category","embeddable":true,"href":"https:\/\/www.sportchaco.com.ar\/index.php?rest_route=%2Fwp%2Fv2%2Fcategories&post=12009"},{"taxonomy":"post_tag","embeddable":true,"href":"https:\/\/www.sportchaco.com.ar\/index.php?rest_route=%2Fwp%2Fv2%2Ftags&post=12009"}],"curies":[{"name":"wp","href":"https:\/\/api.w.org\/{rel}","templated":true}]}}