{"id":1201,"date":"2023-10-03T23:02:38","date_gmt":"2023-10-04T02:02:38","guid":{"rendered":"https:\/\/www.sportchaco.com.ar\/?p=1201"},"modified":"2023-10-04T09:57:36","modified_gmt":"2023-10-04T12:57:36","slug":"lio-messi-no-se-perdera-las-eliminatorias","status":"publish","type":"post","link":"https:\/\/www.sportchaco.com.ar\/?p=1201","title":{"rendered":"Lio Messi no se perder\u00e1 las Eliminatorias"},"content":{"rendered":"<h1>Lionel Messi estar\u00e1 presente en la Selecci\u00f3n Argentina para las Eliminatorias<\/h1>\n<p class=\"description\">Su presencia ante Chicago Fire sigue en duda, pero TyC Sports pudo saber que la Pulga tom\u00f3 la decisi\u00f3n de no perderse los partidos ante Paraguay y Per\u00fa camino al Mundial 2026.<\/p>\n<p class=\"capital\">Despu\u00e9s de haberse perdido tres partidos al hilo con\u00a0<b>Inter Miami\u00a0<\/b>y con su presencia en duda para el duelo ante\u00a0<b>Chicago Fire\u00a0<\/b>por la pr\u00f3xima fecha de la\u00a0<b>MLS<\/b>, los interrogantes respecto de la citaci\u00f3n de\u00a0<b>Lionel Messi\u00a0<\/b>a la\u00a0<b>Selecci\u00f3n Argentina\u00a0<\/b>para las\u00a0<b>Eliminatorias\u00a0<\/b>aparecieron. Sin embargo,<b> la\u00a0<i>Pulga\u00a0<\/i>tiene decidido estar en los duelos ante Paraguay y Per\u00fa y estar\u00e1 a la orden de Lionel Scaloni.<\/b><\/p>\n<div class=\"watchto-wrap\">\n<div class=\"watchto\">\n<div class=\"watchto-text\">\n<h2><a href=\"https:\/\/www.tycsports.com\/estados-unidos\/mls\/martino-y-el-riesgo-por-messi-antes-de-chicago-fire-inter-miami-estariamos-en-un-problema-mas-serio-id539127.html\">Martino y el riesgo por Messi antes de Chicago Fire-Inter Miami: \u00abEstar\u00edamos en un problema m\u00e1s serio\u00bb<\/a><\/h2>\n<\/div>\n<div class=\"watchto-btn-view\"><\/div>\n<\/div>\n<\/div>\n<p>Si bien la realidad indica que\u00a0<b>la presencia de Messi ante Chicago Fire sigue en duda<\/b>, lo cierto es que\u00a0<b>el argentino apunta a poder sumar algunos minutos ante Cincinatti, el s\u00e1bado 7 de octubre<\/b>. Una vez terminado ese partido,<b>\u00a0la intenci\u00f3n del capit\u00e1n de la Selecci\u00f3n Argentina es viajar al pa\u00eds y estar entrenando en el predio de Ezeiza desde el lunes 9.<\/b><\/p>\n<figure class=\"w-100\"><\/figure>\n<p>De esta manera,\u00a0<b>la\u00a0<i>Albiceleste\u00a0<\/i>tendr\u00e1 a su as de espadas para los duelos del 12 de octubre ante Paraguay en el Monumental y el 17 del mismo mes, ante Per\u00fa en Lima<\/b>. As\u00ed, en una citaci\u00f3n que\u00a0<b>contar\u00e1 con varias bajas por lesi\u00f3n<\/b>\u00a0&#8211;<a href=\"https:\/\/www.tycsports.com\/seleccion-argentina\/angel-di-maria-encendio-las-alarmas-de-la-seleccion-argentina-a-dias-de-las-eliminatorias-id539237.html\" target=\"_blank\" rel=\"noopener\">a las que podr\u00eda sumarse\u00a0<\/a><b><a href=\"https:\/\/www.tycsports.com\/seleccion-argentina\/angel-di-maria-encendio-las-alarmas-de-la-seleccion-argentina-a-dias-de-las-eliminatorias-id539237.html\" target=\"_blank\" rel=\"noopener\">\u00c1ngel Di Mar\u00eda<\/a><\/b><a href=\"https:\/\/www.tycsports.com\/seleccion-argentina\/angel-di-maria-encendio-las-alarmas-de-la-seleccion-argentina-a-dias-de-las-eliminatorias-id539237.html\" target=\"_blank\" rel=\"noopener\">, quien sali\u00f3 lesionado en el \u00faltimo partido de\u00a0<\/a><b><a href=\"https:\/\/www.tycsports.com\/seleccion-argentina\/angel-di-maria-encendio-las-alarmas-de-la-seleccion-argentina-a-dias-de-las-eliminatorias-id539237.html\" target=\"_blank\" rel=\"noopener\">Benfica\u00a0<\/a><\/b><a href=\"https:\/\/www.tycsports.com\/seleccion-argentina\/angel-di-maria-encendio-las-alarmas-de-la-seleccion-argentina-a-dias-de-las-eliminatorias-id539237.html\" target=\"_blank\" rel=\"noopener\">por la\u00a0<\/a><b><a href=\"https:\/\/www.tycsports.com\/seleccion-argentina\/angel-di-maria-encendio-las-alarmas-de-la-seleccion-argentina-a-dias-de-las-eliminatorias-id539237.html\" target=\"_blank\" rel=\"noopener\">Champions League<\/a><\/b>-,\u00a0<b>Scaloni\u00a0<\/b>podr\u00e1 tener a\u00a0<b>Messi\u00a0<\/b>a disposici\u00f3n para liderar al equipo.<\/p>\n<div class=\"watchto-wrap\">\n<div class=\"watchto\">\n<div class=\"watchto-text\">\n<p>&nbsp;<\/p>\n<h2><a href=\"https:\/\/www.tycsports.com\/futbol-internacional\/el-video-especial-del-balon-de-oro-por-la-nominacion-de-lionel-messi-id539143.html\">El video especial del Bal\u00f3n de Oro por la nominaci\u00f3n de Lionel Messi<\/a><\/h2>\n<\/div>\n<\/div>\n<\/div>\n<h2>Regresos y algunas bajas para la pr\u00f3xima citaci\u00f3n de la Selecci\u00f3n Argentina<\/h2>\n<p>Al margen de la buena noticia de la decisi\u00f3n de\u00a0<b>Lionel Messi<\/b>, lo cierto es que\u00a0<b><a href=\"https:\/\/www.tycsports.com\/seleccion-argentina\/con-regresos-y-bajas-confirmadas-y-messi-entre-algodones-el-panorama-de-la-seleccion-argentina-id539191.html\" target=\"_blank\" rel=\"noopener\">Lionel Scaloni<\/a><\/b><a href=\"https:\/\/www.tycsports.com\/seleccion-argentina\/con-regresos-y-bajas-confirmadas-y-messi-entre-algodones-el-panorama-de-la-seleccion-argentina-id539191.html\" target=\"_blank\" rel=\"noopener\">\u00a0ya sab\u00eda que podr\u00e1 volver a contar con varios futbolistas que no fueron parte de la primera doble jornada de Eliminatorias por lesi\u00f3n<\/a>. Estos son los casos de futbolistas como\u00a0<b>Paulo Dybala y Marcos Acu\u00f1a<\/b>, ambos recuperados de sus respectivas dolencias. Adem\u00e1s,\u00a0<b>Rodrigo De Paul<\/b>\u00a0dir\u00e1 presente pese a que su presencia estuvo en duda por un problema muscular sufrido en\u00a0<b>Atl\u00e9tico de Madrid<\/b>.<\/p>\n<p><b>Giovani Lo Celso<\/b>, otro de los que no estuvieron en los primeros dos partidos, tambi\u00e9n se encuentra recuperado, pero lo cierto es que\u00a0<b>llegar\u00eda sin f\u00fatbol en Tottenham para los dos partidos de Argentina<\/b>. Asimiso, un caso a seguir de cerca es el de\u00a0<b>\u00c1ngel Di Mar\u00eda<\/b>, quien\u00a0<b>pidi\u00f3 el cambio ante Inter luego de sentir una molestia en la zona del isquiotibial<\/b>.<\/p>\n<p>Por otro lado, el defensor <b>Lisandro Mart\u00ednez<\/b>\u00a0ya qued\u00f3 descartado debido a que\u00a0<b>decidi\u00f3 operarse tras resentirse de la lesi\u00f3n en el quinto metatarsiano de su pie derecho<\/b>, algo que lo marginar\u00e1 por el resto del a\u00f1o. El arquero\u00a0<b>Ger\u00f3nimo Rulli<\/b>, por su parte, tampoco podr\u00e1 ser citado ya que contin\u00faa recuper\u00e1ndose de su\u00a0<b>luxaci\u00f3n de hombro<\/b>. Fuente TyC Sports<\/p>\n<div class=\"subs-box\"><\/div>\n","protected":false},"excerpt":{"rendered":"<p>Lionel Messi estar\u00e1 presente en la Selecci\u00f3n Argentina para las Eliminatorias Su presencia ante Chicago Fire sigue en duda, pero TyC Sports pudo saber que la Pulga tom\u00f3 la decisi\u00f3n de no perderse los partidos ante Paraguay y Per\u00fa camino al Mundial 2026. Despu\u00e9s de haberse perdido tres partidos al hilo con\u00a0Inter Miami\u00a0y con su &hellip;<\/p>\n","protected":false},"author":2,"featured_media":1202,"comment_status":"open","ping_status":"open","sticky":false,"template":"","format":"standard","meta":{"footnotes":""},"categories":[6],"tags":[],"class_list":["post-1201","post","type-post","status-publish","format-standard","has-post-thumbnail","hentry","category-internacionales"],"_links":{"self":[{"href":"https:\/\/www.sportchaco.com.ar\/index.php?rest_route=\/wp\/v2\/posts\/1201","targetHints":{"allow":["GET"]}}],"collection":[{"href":"https:\/\/www.sportchaco.com.ar\/index.php?rest_route=\/wp\/v2\/posts"}],"about":[{"href":"https:\/\/www.sportchaco.com.ar\/index.php?rest_route=\/wp\/v2\/types\/post"}],"author":[{"embeddable":true,"href":"https:\/\/www.sportchaco.com.ar\/index.php?rest_route=\/wp\/v2\/users\/2"}],"replies":[{"embeddable":true,"href":"https:\/\/www.sportchaco.com.ar\/index.php?rest_route=%2Fwp%2Fv2%2Fcomments&post=1201"}],"version-history":[{"count":6,"href":"https:\/\/www.sportchaco.com.ar\/index.php?rest_route=\/wp\/v2\/posts\/1201\/revisions"}],"predecessor-version":[{"id":1224,"href":"https:\/\/www.sportchaco.com.ar\/index.php?rest_route=\/wp\/v2\/posts\/1201\/revisions\/1224"}],"wp:featuredmedia":[{"embeddable":true,"href":"https:\/\/www.sportchaco.com.ar\/index.php?rest_route=\/wp\/v2\/media\/1202"}],"wp:attachment":[{"href":"https:\/\/www.sportchaco.com.ar\/index.php?rest_route=%2Fwp%2Fv2%2Fmedia&parent=1201"}],"wp:term":[{"taxonomy":"category","embeddable":true,"href":"https:\/\/www.sportchaco.com.ar\/index.php?rest_route=%2Fwp%2Fv2%2Fcategories&post=1201"},{"taxonomy":"post_tag","embeddable":true,"href":"https:\/\/www.sportchaco.com.ar\/index.php?rest_route=%2Fwp%2Fv2%2Ftags&post=1201"}],"curies":[{"name":"wp","href":"https:\/\/api.w.org\/{rel}","templated":true}]}}