{"id":12029,"date":"2024-08-02T10:48:46","date_gmt":"2024-08-02T13:48:46","guid":{"rendered":"https:\/\/www.sportchaco.com.ar\/?p=12029"},"modified":"2024-08-02T10:48:46","modified_gmt":"2024-08-02T13:48:46","slug":"el-voley-perdio-con-alemania-y-pega-la-vuelta","status":"publish","type":"post","link":"https:\/\/www.sportchaco.com.ar\/?p=12029","title":{"rendered":"El voley perdi\u00f3 con Alemania y pega la vuelta"},"content":{"rendered":"<h1><span style=\"font-size: 16px; font-weight: 400;\">02\/08\/2024<\/span><\/h1>\n<p class=\"description\"><strong>El seleccionado dirigido por Marcelo M\u00e9ndez cay\u00f3 por 3-0 ante los germanos y se despidi\u00f3 de Par\u00eds 2024 sin triunfos. Conte se retir\u00f3 de la Albiceleste y De Cecco est\u00e1 en duda.<\/strong><\/p>\n<div class=\"article-info\">\n<div class=\"article-info-left\">\n<div class=\"article-autor-info\">\n<div class=\"article-autor-name\"><\/div>\n<\/div>\n<\/div>\n<\/div>\n<section class=\"fluidMedia\">\n<div id=\"video-genoa-749348\" class=\"player-nota-wrapper genoa-async lazycontainer\" data-contentid=\"1657014\" data-share=\"https:\/\/www.tycsports.com\/polideportivo\/seleccion-argentina-de-voley-vs-alemania-por-juegos-olimpicos-2024-hora-y-donde-ver-en-vivo-id599289.html\"><\/div>\n<\/section>\n<p class=\"capital\"><strong>La Selecci\u00f3n Argentina de v\u00f3ley depend\u00eda de un milagro\u00a0para poder avanzar a los cuartos de final de los Juegos Ol\u00edmpicos Par\u00eds 2024. Tras caer en los dos primeros encuentros,\u00a0deb\u00edan ganarle 3-0 a Alemania\u00a0y esperar una serie de resultados que lo depositen como mejores terceros. Sin embargo, tuvieron una mala,\u00a0perdieron 3-0 y quedaron eliminados en primera ronda.<\/strong><\/p>\n<p>&nbsp;<\/p>\n<p>&nbsp;<\/p>\n<p>&nbsp;<\/p>\n<p>&nbsp;<\/p>\n<div class=\"watchto-wrap\">\n<div class=\"watchto\"><\/div>\n<\/div>\n<p>Con parciales 25-13 en 19 minutos, 25-21 en 25&#8242; y 25-21 en 24&#8242;,\u00a0el equipo de Marcelo M\u00e9ndez cay\u00f3 ante los germanos en poco m\u00e1s de una hora de juego. Gyorgy Grozer fue el m\u00e1ximo anotador del encuentro con 16 puntos, seguido por Moritz Karlitzek, con 13, ambos alemanes.\u00a0Los goleadores argentinos fueron Facundo Conte, de 9 puntos y Luciano Vicentin con 7. De esta manera, el elenco argentino se despidi\u00f3 prematuramente de Par\u00eds 2024 y\u00a0no lograron pelear por repetir el hist\u00f3rico bronce conseguido en Tokio 2021.<\/p>\n<figure class=\"rat16x9\"><figcaption><strong>Foto portada: Argentina perdi\u00f3 3-0 con Alemania y qued\u00f3 afuera de los Juegos Ol\u00edmpicos Par\u00eds 2024. (FIVB)<\/strong><\/figcaption><\/figure>\n<p>&nbsp;<\/p>\n<h2>De Cecco y un sabor a despedida de la Selecci\u00f3n Argentina<\/h2>\n<p>Luciano De Cecco, armador y capit\u00e1n de la Selecci\u00f3n Argentina de v\u00f3ley, lament\u00f3 la eliminaci\u00f3n en los Juegos Ol\u00edmpicos Par\u00eds 2024 y puso en duda su continuidad en el combinado nacional.<i>\u00a0\u00abJugamos bien con Jap\u00f3n, relativamente mal con Estados Unidos y hoy nos cost\u00f3.\u00a0Desgraciadamente termina un a\u00f1o complicado, con muchos altibajos, donde no pudimos sacar nuestra mejor versi\u00f3n\u00bb<\/i>, expres\u00f3 en TyC Sports.\u00a0<i>\u00abSe termina un ciclo. Hay un mont\u00f3n de situaciones que uno no quiere que pasen y pasaron todas juntas.\u00a0Fueron muchos meses de lucha para llegar hasta ac\u00e1 y no pudimos meter toda la carne al asador. El resultado es evidente\u00bb,<\/i>\u00a0agreg\u00f3.<\/p>\n<p>&nbsp;<\/p>\n<div class=\"watchto-wrap\">\n<div class=\"watchto\">\n<div class=\"watchto-text\"><\/div>\n<\/div>\n<\/div>\n<p>&nbsp;<\/p>\n<figure class=\"rat16x9\"><img decoding=\"async\" title=\"Argentina Jap\u00f3n V\u00f3ley\" src=\"https:\/\/media.tycsports.com\/files\/2024\/07\/31\/748519\/argentina-japon-voley_416x234.webp\" srcset=\"https:\/\/media.tycsports.com\/files\/2024\/07\/31\/748519\/argentina-japon-voley_416x234.webp 480w, https:\/\/media.tycsports.com\/files\/2024\/07\/31\/748519\/argentina-japon-voley_862x485.webp 1080w\" alt=\"Argentina Jap\u00f3n V\u00f3ley\" data-src=\"https:\/\/media.tycsports.com\/files\/2024\/07\/31\/748519\/argentina-japon-voley_416x234.webp\" data-srcset=\"https:\/\/media.tycsports.com\/files\/2024\/07\/31\/748519\/argentina-japon-voley_416x234.webp 480w, https:\/\/media.tycsports.com\/files\/2024\/07\/31\/748519\/argentina-japon-voley_862x485.webp 1080w\" \/><figcaption>Luciano De Cecco, capit\u00e1n de la Selecci\u00f3n Argentina de V\u00f3ley. (FIVB)<\/figcaption><\/figure>\n<p>Sobre su retiro, asegur\u00f3 que todav\u00eda no decidi\u00f3 si continuar\u00e1.\u00a0<i>\u00abNo s\u00e9, hoy me voy vac\u00edo. Seguramente va a haber muchos cambios, me quiero tomar tiempo para m\u00ed. Creo que el equipo se merece que pensemos como grupo.\u00a0No voy a tomar ninguna decisi\u00f3n ahora, seguramente fue mi \u00faltimo gran torneo Ol\u00edmpico,\u00a0no creo llegar hasta Los \u00c1ngeles. Me voy a tomar mi tiempo, espero que el club me d\u00e9 vacaciones\u00a0y tratar de volver a recargar energ\u00edas para poder seguir\u00bb,\u00a0<\/i>concluy\u00f3 el abanderado de la delegaci\u00f3n argentina. Fuente TyC<\/p>\n","protected":false},"excerpt":{"rendered":"<p>02\/08\/2024 El seleccionado dirigido por Marcelo M\u00e9ndez cay\u00f3 por 3-0 ante los germanos y se despidi\u00f3 de Par\u00eds 2024 sin triunfos. Conte se retir\u00f3 de la Albiceleste y De Cecco est\u00e1 en duda. La Selecci\u00f3n Argentina de v\u00f3ley depend\u00eda de un milagro\u00a0para poder avanzar a los cuartos de final de los Juegos Ol\u00edmpicos Par\u00eds 2024. &hellip;<\/p>\n","protected":false},"author":2,"featured_media":12030,"comment_status":"open","ping_status":"open","sticky":false,"template":"","format":"standard","meta":{"footnotes":""},"categories":[50],"tags":[],"class_list":["post-12029","post","type-post","status-publish","format-standard","has-post-thumbnail","hentry","category-voleibol"],"_links":{"self":[{"href":"https:\/\/www.sportchaco.com.ar\/index.php?rest_route=\/wp\/v2\/posts\/12029","targetHints":{"allow":["GET"]}}],"collection":[{"href":"https:\/\/www.sportchaco.com.ar\/index.php?rest_route=\/wp\/v2\/posts"}],"about":[{"href":"https:\/\/www.sportchaco.com.ar\/index.php?rest_route=\/wp\/v2\/types\/post"}],"author":[{"embeddable":true,"href":"https:\/\/www.sportchaco.com.ar\/index.php?rest_route=\/wp\/v2\/users\/2"}],"replies":[{"embeddable":true,"href":"https:\/\/www.sportchaco.com.ar\/index.php?rest_route=%2Fwp%2Fv2%2Fcomments&post=12029"}],"version-history":[{"count":1,"href":"https:\/\/www.sportchaco.com.ar\/index.php?rest_route=\/wp\/v2\/posts\/12029\/revisions"}],"predecessor-version":[{"id":12031,"href":"https:\/\/www.sportchaco.com.ar\/index.php?rest_route=\/wp\/v2\/posts\/12029\/revisions\/12031"}],"wp:featuredmedia":[{"embeddable":true,"href":"https:\/\/www.sportchaco.com.ar\/index.php?rest_route=\/wp\/v2\/media\/12030"}],"wp:attachment":[{"href":"https:\/\/www.sportchaco.com.ar\/index.php?rest_route=%2Fwp%2Fv2%2Fmedia&parent=12029"}],"wp:term":[{"taxonomy":"category","embeddable":true,"href":"https:\/\/www.sportchaco.com.ar\/index.php?rest_route=%2Fwp%2Fv2%2Fcategories&post=12029"},{"taxonomy":"post_tag","embeddable":true,"href":"https:\/\/www.sportchaco.com.ar\/index.php?rest_route=%2Fwp%2Fv2%2Ftags&post=12029"}],"curies":[{"name":"wp","href":"https:\/\/api.w.org\/{rel}","templated":true}]}}