{"id":12032,"date":"2024-08-02T11:01:43","date_gmt":"2024-08-02T14:01:43","guid":{"rendered":"https:\/\/www.sportchaco.com.ar\/?p=12032"},"modified":"2024-08-02T11:02:07","modified_gmt":"2024-08-02T14:02:07","slug":"carlos-alcaraz-accedio-a-la-final-y-rompio-una-marca-de-120-anos-en-los-juegos-olimpicos","status":"publish","type":"post","link":"https:\/\/www.sportchaco.com.ar\/?p=12032","title":{"rendered":"Carlos Alcaraz accedi\u00f3 a la final y rompi\u00f3 una marca de 120 a\u00f1os en los Juegos Ol\u00edmpicos"},"content":{"rendered":"<article class=\"article\" data-id=\"13986296\" data-behavior=\"story_scroll story_progress iframe\" data-src=\"\/tenis\/nota\/_\/id\/13986296\/juegos-olimpicos-paris-2024-carlos-alcaraz-felix-auger-aliassime-historico-finalista-mas-joven\">\n<div class=\"container\">\n<header class=\"article-header\">\n<h1><\/h1>\n<\/header>\n<figure class=\"article-figure dim16x9\">\n<div class=\"img-wrap\"><picture><source srcset=\"https:\/\/a.espncdn.com\/combiner\/i?img=%2Fphoto%2F2024%2F0802%2Fr1367233_1296x729_16%2D9.jpg&amp;w=920&amp;h=518&amp;scale=crop&amp;cquality=80&amp;location=origin&amp;format=jpg\" media=\"(min-width: 376px)\" \/><source srcset=\"https:\/\/a.espncdn.com\/combiner\/i?img=%2Fphoto%2F2024%2F0802%2Fr1367233_1296x729_16%2D9.jpg&amp;w=375&amp;h=211&amp;scale=crop&amp;cquality=80&amp;location=origin, https:\/\/a.espncdn.com\/combiner\/i?img=%2Fphoto%2F2024%2F0802%2Fr1367233_1296x729_16%2D9.jpg&amp;w=750&amp;h=422&amp;scale=crop&amp;cquality=40&amp;location=origin&amp;format=jpg 2x\" media=\"(max-width: 375px)\" \/><img \/><\/picture><\/div><figcaption class=\"photoCaption\">Carlos Alcaraz, ante una nueva cita con la historia.\u00a0<cite>EFE<\/cite><\/figcaption><\/figure>\n<div class=\"article-body\">\n<div class=\"article-meta\">\n<ul class=\"authors\">\n<li>\n<div class=\"author\">Fuente ESPNtenis.com<\/div>\n<\/li>\n<\/ul>\n<\/div>\n<div class=\"content-reactions reactions-not-allowed\" data-behavior=\"content_reactions\" data-contentid=\"13986296\" data-nowid=\"18-13986296\" data-contenttitle=\"Hist\u00f3rico: Carlos Alcaraz accedi\u00f3 a la final y rompi\u00f3 una marca de 120 a\u00f1os en los Juegos Ol\u00edmpicos\">\n<div class=\"content-reactions_reactions-wrapper\">\n<div class=\"share-button-wrapper\"><\/div>\n<\/div>\n<div class=\"content-reactions_count-wrapper\"><\/div>\n<\/div>\n<p><span style=\"color: #000000;\">El espa\u00f1ol\u00a0<a style=\"color: #000000;\" href=\"https:\/\/espndeportes.espn.com\/tenis\/nota\/_\/id\/13982176\/carlos-alcaraz-gano-y-alcanzo-una-marca-olimpica-que-lo-pone-a-la-par-de-roger-federer-y-novak-djokovic-juegos-olimpicos-paris\">Carlos Alcaraz<\/a>\u00a0(N\u00b03 del ranking ATP) derrot\u00f3 este viernes al canadiense\u00a0Felix Auger-Aliassime\u00a0(N\u00b019) por 6-1 y 6-1 para convertirse en el\u00a0primer finalista\u00a0de los\u00a0<a style=\"color: #000000;\" href=\"https:\/\/espndeportes.espn.com\/tenis\/nota\/_\/id\/13958622\/%C2%A1en-vivo!-el-minuto-a-minuto-del-tenis-en-los-juegos-olimpicos-de-paris-2024-jjoo\">Juegos Ol\u00edmpicos de Par\u00eds 2024<\/a>.<\/span><\/p>\n<p>El pupilo de Juan Carlos Ferrero, de\u00a0apenas 21 a\u00f1os y 84 d\u00edas, se transform\u00f3 en el\u00a0tenista m\u00e1s joven de la Era Abierta en alcanzar la definici\u00f3n de este certamen,\u00a0solo superado por el estadounidense\u00a0Robert LeRoy (19 a\u00f1os y 204 d\u00edas),\u00a0en la edici\u00f3n de St. Louis 1904, si se considera el per\u00edodo anterior.<\/p>\n<aside class=\"inline editorial float-r\" data-behavior=\"article_related\">\n<div class=\"editorial--metadata\"><\/div>\n<\/aside>\n<p><strong>De esta manera, el murciano\u00a0sigue rompiendo r\u00e9cords respecto a su corta edad, considerando que ya hab\u00eda sido el\u00a0m\u00e1s novato en levantar un ATP 500, en alcanzar el N\u00b01 del mundo, en terminar una temporada como l\u00edder del ranking y en coronarse en un Grand Slam en cada superficie, y teniendo a mano una nueva marca hist\u00f3rica en la emblem\u00e1tica cita.<\/strong><\/p>\n<p>Luego de quedar eliminado en el dobles masculino junto a<strong>\u00a0<\/strong>su experimentando compatriota\u00a0<strong><a href=\"https:\/\/espndeportes.espn.com\/tenis\/nota\/_\/id\/13983058\/rafael-nadal-se-despidio-de-paris-2024-y-dejo-un-mensaje-sobre-su-futuro-en-el-circuito-tenis-juegos-olimpicos\">Rafael Nadal<\/a>,<\/strong>\u00a0el \u00faltimo campe\u00f3n en Roland Garros y Wimbledon ya asegur\u00f3 al menos otorgarle una medalla plateada a su pa\u00eds.<\/p>\n<aside class=\"inline float-r inline-track\">\u00a0<\/aside>\n<p>En pos de cerrar el ciclo, el potente diestro, que previamente hab\u00eda dejado en el camino al liban\u00e9s\u00a0<a href=\"https:\/\/espndeportes.espn.com\/tenis\/nota\/_\/id\/13959396\/carlos-alcaraz-tuvo-un-debut-de-ensueno-en-los-juegos-olimpicos-tenis-jjoo-paris-2024-hady-habib\" target=\"_blank\" rel=\"noopener\">Hady Habib\u00a0<\/a>(N\u00b0274), al neerland\u00e9s\u00a0<a href=\"https:\/\/espndeportes.espn.com\/tenis\/nota\/_\/id\/13969656\/pese-a-las-molestias-fisicas-alcaraz-vencio-a-griekspoor-y-sigue-sonando-con-la-medalla-de-oro-en-los-juegos-olimpicos\" target=\"_blank\" rel=\"noopener\">Tallon Griekspoor<\/a>\u00a0(N\u00b028), al ruso\u00a0<a href=\"https:\/\/espndeportes.espn.com\/tenis\/nota\/_\/id\/13977377\/carlos-alcaraz-califico-diez-puntos-y-avanzo-en-paris-con-marcas-espectaculares-roman-safiullin-juegos-olimpicos\" target=\"_blank\" rel=\"noopener\">Roman Safiullin<\/a>\u00a0(N\u00b066) y al estadounidense\u00a0<a href=\"https:\/\/espndeportes.espn.com\/tenis\/nota\/_\/id\/13982176\/carlos-alcaraz-gano-y-alcanzo-una-marca-olimpica-que-lo-pone-a-la-par-de-roger-federer-y-novak-djokovic-juegos-olimpicos-paris\" target=\"_blank\" rel=\"noopener\">Tommy Paul<\/a>\u00a0(N\u00b013), enfrentar\u00e1 al ganador del duelo entre el serbio\u00a0Novak Djokovic\u00a0(N\u00b02) y el italiano\u00a0Lorenzo Musetti\u00a0(N\u00b016).<\/p>\n<\/div>\n<\/div>\n<\/article>\n<article class=\"article\" data-id=\"13986325\" data-behavior=\"story_scroll story_progress iframe\" data-src=\"\/tenis\/nota\/_\/id\/13986325\/carlos-alcaraz-redoblo-un-record-de-juventud-y-un-partido-lo-separa-de-una-increible-hazana-de-rafael-nadal-juegos-olimpicos\">\n<div class=\"container\">\n<header class=\"article-header\">\n<h1><\/h1>\n<\/header>\n<figure class=\"article-figure dim16x9\">\n<div class=\"img-wrap\"><picture><source srcset=\"https:\/\/a.espncdn.com\/combiner\/i?img=%2Fphoto%2F2024%2F0802%2Fr1367244_1296x729_16%2D9.jpg&amp;w=920&amp;h=518&amp;scale=crop&amp;cquality=80&amp;location=origin&amp;format=jpg\" media=\"(min-width: 376px)\" \/><source srcset=\"https:\/\/a.espncdn.com\/combiner\/i?img=%2Fphoto%2F2024%2F0802%2Fr1367244_1296x729_16%2D9.jpg&amp;w=375&amp;h=211&amp;scale=crop&amp;cquality=80&amp;location=origin, https:\/\/a.espncdn.com\/combiner\/i?img=%2Fphoto%2F2024%2F0802%2Fr1367244_1296x729_16%2D9.jpg&amp;w=750&amp;h=422&amp;scale=crop&amp;cquality=40&amp;location=origin&amp;format=jpg 2x\" media=\"(max-width: 375px)\" \/><img class=\"imageLoaded\" \/><\/picture><\/div><figcaption class=\"photoCaption\">Alcaraz venci\u00f3 a Auger-Aliassime y asegur\u00f3 medalla en Par\u00eds 2024.\u00a0<cite>Getty<\/cite><\/figcaption><\/figure>\n<div class=\"article-body\">\n<div class=\"article-meta\">\n<ul class=\"authors\">\n<li>\n<div class=\"author\">ESPNtenis.com<\/div>\n<\/li>\n<li style=\"text-align: center;\"><img loading=\"lazy\" decoding=\"async\" class=\"alignnone size-full wp-image-11993\" src=\"https:\/\/www.sportchaco.com.ar\/wp-content\/uploads\/2024\/07\/CHACO-JUEGA-BANNERS-1_200X200-1-1.gif\" alt=\"\" width=\"200\" height=\"200\" \/><\/li>\n<\/ul>\n<\/div>\n<\/div>\n<\/div>\n<\/article>\n","protected":false},"excerpt":{"rendered":"<p>Carlos Alcaraz, ante una nueva cita con la historia.\u00a0EFE Fuente ESPNtenis.com El espa\u00f1ol\u00a0Carlos Alcaraz\u00a0(N\u00b03 del ranking ATP) derrot\u00f3 este viernes al canadiense\u00a0Felix Auger-Aliassime\u00a0(N\u00b019) por 6-1 y 6-1 para convertirse en el\u00a0primer finalista\u00a0de los\u00a0Juegos Ol\u00edmpicos de Par\u00eds 2024. El pupilo de Juan Carlos Ferrero, de\u00a0apenas 21 a\u00f1os y 84 d\u00edas, se transform\u00f3 en el\u00a0tenista m\u00e1s joven &hellip;<\/p>\n","protected":false},"author":2,"featured_media":12033,"comment_status":"open","ping_status":"open","sticky":false,"template":"","format":"standard","meta":{"footnotes":""},"categories":[46],"tags":[],"class_list":["post-12032","post","type-post","status-publish","format-standard","has-post-thumbnail","hentry","category-tenis"],"_links":{"self":[{"href":"https:\/\/www.sportchaco.com.ar\/index.php?rest_route=\/wp\/v2\/posts\/12032","targetHints":{"allow":["GET"]}}],"collection":[{"href":"https:\/\/www.sportchaco.com.ar\/index.php?rest_route=\/wp\/v2\/posts"}],"about":[{"href":"https:\/\/www.sportchaco.com.ar\/index.php?rest_route=\/wp\/v2\/types\/post"}],"author":[{"embeddable":true,"href":"https:\/\/www.sportchaco.com.ar\/index.php?rest_route=\/wp\/v2\/users\/2"}],"replies":[{"embeddable":true,"href":"https:\/\/www.sportchaco.com.ar\/index.php?rest_route=%2Fwp%2Fv2%2Fcomments&post=12032"}],"version-history":[{"count":2,"href":"https:\/\/www.sportchaco.com.ar\/index.php?rest_route=\/wp\/v2\/posts\/12032\/revisions"}],"predecessor-version":[{"id":12035,"href":"https:\/\/www.sportchaco.com.ar\/index.php?rest_route=\/wp\/v2\/posts\/12032\/revisions\/12035"}],"wp:featuredmedia":[{"embeddable":true,"href":"https:\/\/www.sportchaco.com.ar\/index.php?rest_route=\/wp\/v2\/media\/12033"}],"wp:attachment":[{"href":"https:\/\/www.sportchaco.com.ar\/index.php?rest_route=%2Fwp%2Fv2%2Fmedia&parent=12032"}],"wp:term":[{"taxonomy":"category","embeddable":true,"href":"https:\/\/www.sportchaco.com.ar\/index.php?rest_route=%2Fwp%2Fv2%2Fcategories&post=12032"},{"taxonomy":"post_tag","embeddable":true,"href":"https:\/\/www.sportchaco.com.ar\/index.php?rest_route=%2Fwp%2Fv2%2Ftags&post=12032"}],"curies":[{"name":"wp","href":"https:\/\/api.w.org\/{rel}","templated":true}]}}