{"id":12040,"date":"2024-08-02T15:26:29","date_gmt":"2024-08-02T18:26:29","guid":{"rendered":"https:\/\/www.sportchaco.com.ar\/?p=12040"},"modified":"2024-08-02T15:26:29","modified_gmt":"2024-08-02T18:26:29","slug":"pre-federal-don-orione-sigue-activo-en-el-mercado-de-refuerzos","status":"publish","type":"post","link":"https:\/\/www.sportchaco.com.ar\/?p=12040","title":{"rendered":"Pre-Federal: Don Orione sigue activo en el mercado de refuerzos"},"content":{"rendered":"<p><strong>02-08-2024<\/strong><\/p>\n<p><img loading=\"lazy\" decoding=\"async\" class=\" wp-image-9640 aligncenter\" src=\"https:\/\/www.sportchaco.com.ar\/wp-content\/uploads\/2024\/05\/gob-obras-marzo-apaisado-300x29.gif\" alt=\"\" width=\"424\" height=\"41\" srcset=\"https:\/\/www.sportchaco.com.ar\/wp-content\/uploads\/2024\/05\/gob-obras-marzo-apaisado-300x29.gif 300w, https:\/\/www.sportchaco.com.ar\/wp-content\/uploads\/2024\/05\/gob-obras-marzo-apaisado-768x74.gif 768w\" sizes=\"auto, (max-width: 424px) 100vw, 424px\" \/><\/p>\n<p>El Provincial \u201cPre \u2013 Federal\u201d de Primera, que arranca el pr\u00f3ximo 9 de agosto, contin\u00faa tomando color y en las \u00faltimas horas se sum\u00f3 Facundo Veloso al Don Orione de Barranqueras. El jugador viene de tener minutos en Don Bosco e Hind\u00fa.<\/p>\n<p>\u201cLas sensaciones de regresar son muy positivas, siento que va ser un buen desaf\u00edo deportivo volcar lo que aprend\u00ed y lo que puedo llegar a aprender jugando en Orione\u201d, fueron las primeras palabras del base\/ escolta de 20 a\u00f1os.<\/p>\n<p>Lentamente, el equipo de Don Orione, conducido por el experimentado entrenador Sergio Ruberto, viene tomando forma, donde adem\u00e1s de Facundo Veloso, volvi\u00f3 Fabricio Maidana, se sum\u00f3 Lautaro Picton y se confirm\u00f3 la continuidad de Gustavo Alcar\u00e1z y Juan Borja hasta el momento.<\/p>\n<figure class=\"wp-block-image size-full\"><a href=\"https:\/\/baskettotal.com.ar\/wp-content\/uploads\/2024\/08\/IMG-20240801-WA02431.jpg\"><img loading=\"lazy\" decoding=\"async\" class=\"lazy wp-image-23753 lazy-loaded aligncenter\" src=\"https:\/\/baskettotal.com.ar\/wp-content\/uploads\/2024\/08\/IMG-20240801-WA02431.jpg\" sizes=\"auto, (max-width: 624px) 100vw, 624px\" srcset=\"https:\/\/baskettotal.com.ar\/wp-content\/uploads\/2024\/08\/IMG-20240801-WA02431.jpg 624w, https:\/\/baskettotal.com.ar\/wp-content\/uploads\/2024\/08\/IMG-20240801-WA02431-240x300.jpg 240w\" alt=\"\" width=\"624\" height=\"780\" data-lazy-type=\"image\" data-lazy-src=\"https:\/\/baskettotal.com.ar\/wp-content\/uploads\/2024\/08\/IMG-20240801-WA02431.jpg\" data-lazy-srcset=\"https:\/\/baskettotal.com.ar\/wp-content\/uploads\/2024\/08\/IMG-20240801-WA02431.jpg 624w, https:\/\/baskettotal.com.ar\/wp-content\/uploads\/2024\/08\/IMG-20240801-WA02431-240x300.jpg 240w\" data-lazy-sizes=\"(max-width: 624px) 100vw, 624px\" \/><\/a><figcaption class=\"wp-element-caption\"><strong>Facundo Veloso jugando en Hind\u00fa<\/strong><\/figcaption><\/figure>\n<p>\u201cMe encuentro con un equipo con experiencia por un lado y con un grupo de j\u00f3venes con energ\u00eda, que vienen trabajando con buenos resultados\u201d, resalt\u00f3 Veloso.<\/p>\n<p>En esta l\u00ednea, el base\/ escolta sostuvo que \u201clo que voy a aportar al equipo, estando de escolta es dar mayor velocidad y agilidad para los ataques; o en la posici\u00f3n de base poder manejar las ofensivas y buscar las mejores opciones al momento del juego\u201d.<\/p>\n<p>\u201cMis objetivos son el poder aplicar lo que aprend\u00ed a la hora de los entrenamientos as\u00ed como tambi\u00e9n en los partidos; y poder mejorar mis cualidades basquetbolistas y buscar como equipo ser competitivos\u201d, finaliz\u00f3 Facundo Veloso.<\/p>\n<p><img loading=\"lazy\" decoding=\"async\" class=\" wp-image-11289 aligncenter\" src=\"https:\/\/www.sportchaco.com.ar\/wp-content\/uploads\/2024\/07\/Gobierno-paisaje-1-300x116.png\" alt=\"\" width=\"362\" height=\"140\" srcset=\"https:\/\/www.sportchaco.com.ar\/wp-content\/uploads\/2024\/07\/Gobierno-paisaje-1-300x116.png 300w, https:\/\/www.sportchaco.com.ar\/wp-content\/uploads\/2024\/07\/Gobierno-paisaje-1-768x297.png 768w, https:\/\/www.sportchaco.com.ar\/wp-content\/uploads\/2024\/07\/Gobierno-paisaje-1.png 800w\" sizes=\"auto, (max-width: 362px) 100vw, 362px\" \/><\/p>\n","protected":false},"excerpt":{"rendered":"<p>02-08-2024 El Provincial \u201cPre \u2013 Federal\u201d de Primera, que arranca el pr\u00f3ximo 9 de agosto, contin\u00faa tomando color y en las \u00faltimas horas se sum\u00f3 Facundo Veloso al Don Orione de Barranqueras. El jugador viene de tener minutos en Don Bosco e Hind\u00fa. \u201cLas sensaciones de regresar son muy positivas, siento que va ser un &hellip;<\/p>\n","protected":false},"author":3,"featured_media":12041,"comment_status":"open","ping_status":"open","sticky":false,"template":"","format":"standard","meta":{"footnotes":""},"categories":[3],"tags":[],"class_list":["post-12040","post","type-post","status-publish","format-standard","has-post-thumbnail","hentry","category-basquetbol"],"_links":{"self":[{"href":"https:\/\/www.sportchaco.com.ar\/index.php?rest_route=\/wp\/v2\/posts\/12040","targetHints":{"allow":["GET"]}}],"collection":[{"href":"https:\/\/www.sportchaco.com.ar\/index.php?rest_route=\/wp\/v2\/posts"}],"about":[{"href":"https:\/\/www.sportchaco.com.ar\/index.php?rest_route=\/wp\/v2\/types\/post"}],"author":[{"embeddable":true,"href":"https:\/\/www.sportchaco.com.ar\/index.php?rest_route=\/wp\/v2\/users\/3"}],"replies":[{"embeddable":true,"href":"https:\/\/www.sportchaco.com.ar\/index.php?rest_route=%2Fwp%2Fv2%2Fcomments&post=12040"}],"version-history":[{"count":1,"href":"https:\/\/www.sportchaco.com.ar\/index.php?rest_route=\/wp\/v2\/posts\/12040\/revisions"}],"predecessor-version":[{"id":12042,"href":"https:\/\/www.sportchaco.com.ar\/index.php?rest_route=\/wp\/v2\/posts\/12040\/revisions\/12042"}],"wp:featuredmedia":[{"embeddable":true,"href":"https:\/\/www.sportchaco.com.ar\/index.php?rest_route=\/wp\/v2\/media\/12041"}],"wp:attachment":[{"href":"https:\/\/www.sportchaco.com.ar\/index.php?rest_route=%2Fwp%2Fv2%2Fmedia&parent=12040"}],"wp:term":[{"taxonomy":"category","embeddable":true,"href":"https:\/\/www.sportchaco.com.ar\/index.php?rest_route=%2Fwp%2Fv2%2Fcategories&post=12040"},{"taxonomy":"post_tag","embeddable":true,"href":"https:\/\/www.sportchaco.com.ar\/index.php?rest_route=%2Fwp%2Fv2%2Ftags&post=12040"}],"curies":[{"name":"wp","href":"https:\/\/api.w.org\/{rel}","templated":true}]}}