{"id":12058,"date":"2024-08-02T23:00:12","date_gmt":"2024-08-03T02:00:12","guid":{"rendered":"https:\/\/www.sportchaco.com.ar\/?p=12058"},"modified":"2024-08-02T23:03:20","modified_gmt":"2024-08-03T02:03:20","slug":"el-melli-romero-regresa-a-regional","status":"publish","type":"post","link":"https:\/\/www.sportchaco.com.ar\/?p=12058","title":{"rendered":"El \u00abmelli\u00bb Romero regresa a Regional"},"content":{"rendered":"<p><strong>02-08-2024<\/strong><\/p>\n<p><img loading=\"lazy\" decoding=\"async\" class=\" wp-image-9468 aligncenter\" src=\"https:\/\/www.sportchaco.com.ar\/wp-content\/uploads\/2024\/05\/Nachec-728x90-2-300x37.gif\" alt=\"\" width=\"349\" height=\"43\" \/><\/p>\n<p>Regional ya tiene nuevo entrenador y ha apostado nuevamente por un hijo de la casa. De esta manera, Dante Romero fue oficializado como DT tras la salida de Jos\u00e9 Manuel Fern\u00e1ndez.<\/p>\n<p>Ser\u00e1 la segunda etapa del \u00abmelli\u00bb como entrenador del \u00abexpreso\u00bb tras su paso en el 2017. En esta ocasi\u00f3n estar\u00e1 acompa\u00f1ado por Walter Dellamea y Sergio Canteros. Asumir\u00e1n el pr\u00f3ximo lunes.<\/p>\n<p>Cabe recordar que Romero estaba hace una semana dirigiendo en Don Orione, club que dej\u00f3 tras la eliminaci\u00f3n en el torneo Federativo.<\/p>\n<p>El DT ya tuvo pasos anteriores al de Orione por Resistencia Central, Policiales, Estudiantes, FC Barber\u00e1n (tuvo dos etapas) y tambi\u00e9n dirigi\u00f3 en Municipal de La Leonesa.<\/p>\n<p><img loading=\"lazy\" decoding=\"async\" class=\" wp-image-11993 aligncenter\" src=\"https:\/\/www.sportchaco.com.ar\/wp-content\/uploads\/2024\/07\/CHACO-JUEGA-BANNERS-1_200X200-1-1.gif\" alt=\"\" width=\"246\" height=\"246\" \/><\/p>\n","protected":false},"excerpt":{"rendered":"<p>02-08-2024 Regional ya tiene nuevo entrenador y ha apostado nuevamente por un hijo de la casa. De esta manera, Dante Romero fue oficializado como DT tras la salida de Jos\u00e9 Manuel Fern\u00e1ndez. Ser\u00e1 la segunda etapa del \u00abmelli\u00bb como entrenador del \u00abexpreso\u00bb tras su paso en el 2017. En esta ocasi\u00f3n estar\u00e1 acompa\u00f1ado por Walter &hellip;<\/p>\n","protected":false},"author":3,"featured_media":12059,"comment_status":"open","ping_status":"open","sticky":false,"template":"","format":"standard","meta":{"footnotes":""},"categories":[5],"tags":[],"class_list":["post-12058","post","type-post","status-publish","format-standard","has-post-thumbnail","hentry","category-futbol"],"_links":{"self":[{"href":"https:\/\/www.sportchaco.com.ar\/index.php?rest_route=\/wp\/v2\/posts\/12058","targetHints":{"allow":["GET"]}}],"collection":[{"href":"https:\/\/www.sportchaco.com.ar\/index.php?rest_route=\/wp\/v2\/posts"}],"about":[{"href":"https:\/\/www.sportchaco.com.ar\/index.php?rest_route=\/wp\/v2\/types\/post"}],"author":[{"embeddable":true,"href":"https:\/\/www.sportchaco.com.ar\/index.php?rest_route=\/wp\/v2\/users\/3"}],"replies":[{"embeddable":true,"href":"https:\/\/www.sportchaco.com.ar\/index.php?rest_route=%2Fwp%2Fv2%2Fcomments&post=12058"}],"version-history":[{"count":1,"href":"https:\/\/www.sportchaco.com.ar\/index.php?rest_route=\/wp\/v2\/posts\/12058\/revisions"}],"predecessor-version":[{"id":12060,"href":"https:\/\/www.sportchaco.com.ar\/index.php?rest_route=\/wp\/v2\/posts\/12058\/revisions\/12060"}],"wp:featuredmedia":[{"embeddable":true,"href":"https:\/\/www.sportchaco.com.ar\/index.php?rest_route=\/wp\/v2\/media\/12059"}],"wp:attachment":[{"href":"https:\/\/www.sportchaco.com.ar\/index.php?rest_route=%2Fwp%2Fv2%2Fmedia&parent=12058"}],"wp:term":[{"taxonomy":"category","embeddable":true,"href":"https:\/\/www.sportchaco.com.ar\/index.php?rest_route=%2Fwp%2Fv2%2Fcategories&post=12058"},{"taxonomy":"post_tag","embeddable":true,"href":"https:\/\/www.sportchaco.com.ar\/index.php?rest_route=%2Fwp%2Fv2%2Ftags&post=12058"}],"curies":[{"name":"wp","href":"https:\/\/api.w.org\/{rel}","templated":true}]}}