{"id":12062,"date":"2024-08-03T12:58:18","date_gmt":"2024-08-03T15:58:18","guid":{"rendered":"https:\/\/www.sportchaco.com.ar\/?p=12062"},"modified":"2024-08-03T12:58:18","modified_gmt":"2024-08-03T15:58:18","slug":"efemerides-del-3-de-agosto","status":"publish","type":"post","link":"https:\/\/www.sportchaco.com.ar\/?p=12062","title":{"rendered":"Efem\u00e9rides del 3 de agosto"},"content":{"rendered":"<p><strong>Esta es la Efem\u00e9rides del Deporte en el Chaco de un 3 de agosto periodista Luis Dar\u00edo Molodezky.<\/strong><\/p>\n<p><img loading=\"lazy\" decoding=\"async\" class=\"alignnone size-medium wp-image-12063\" src=\"https:\/\/www.sportchaco.com.ar\/wp-content\/uploads\/2024\/08\/Molodezky-Luis-11-05-24-300x225.jpg\" alt=\"\" width=\"300\" height=\"225\" srcset=\"https:\/\/www.sportchaco.com.ar\/wp-content\/uploads\/2024\/08\/Molodezky-Luis-11-05-24-300x225.jpg 300w, https:\/\/www.sportchaco.com.ar\/wp-content\/uploads\/2024\/08\/Molodezky-Luis-11-05-24-1024x768.jpg 1024w, https:\/\/www.sportchaco.com.ar\/wp-content\/uploads\/2024\/08\/Molodezky-Luis-11-05-24-768x576.jpg 768w, https:\/\/www.sportchaco.com.ar\/wp-content\/uploads\/2024\/08\/Molodezky-Luis-11-05-24-1536x1153.jpg 1536w, https:\/\/www.sportchaco.com.ar\/wp-content\/uploads\/2024\/08\/Molodezky-Luis-11-05-24.jpg 1599w\" sizes=\"auto, (max-width: 300px) 100vw, 300px\" \/><\/p>\n<p><strong>1969 <\/strong>\/ Talleres de C\u00f3rdoba le gana la serie final del Torneo Regional a For Ever y accede al Nacional. En el cotejo de ida igualaron 0 a 0 en Resistencia, y en la docta gana el local 2 a 1(Pedro Olivera). Previamente el equipo chaque\u00f1o hab\u00eda eliminado a Luis Jorge Fontana de Formosa y Patronato de Paran\u00e1.<\/p>\n<p><strong>1980 <\/strong>\/ Se pone en funcionamiento la Escuela Deportiva Arturo Lestani del Club Sarmiento.<\/p>\n<p><strong>1984 <\/strong>\/ Finaliza en Resistencia el Campeonato Argentino de Minib\u00e1squetbol, clasificando primero Buenos Aires, 2) Chaco, 3) Santa Fe, 4) La Pampa. Integr\u00f3 el equipo campe\u00f3n Alejandro Montecchia y por Chaco jugaron Andr\u00e9s Chica, Jorge Varela, G. Delgado, E. Iliovich, Juan Rath, Hugo Hazman, L. Corc\u00eda, M. Pirota, N. R\u00edos. Monitor: Luis Medina.<\/p>\n<p><strong>1987 <\/strong>\/ El seleccionado Infantil de B\u00e1squetbol de la Federaci\u00f3n Chaque\u00f1a de B\u00e1squetbol se consagr\u00f3 subcampe\u00f3n Argentino en el torneo realizado en nuestra ciudad, en el estadio de Villa San Mart\u00edn. El equipo estuvo integrado por los siguientes jugadores Andr\u00e9s Chica, Jorge Varela, Guillermo Delgado, Ernesto Milovich, Juan Rath, Hugo Hazman, Lisandro Corc\u00eda, Mart\u00edn Pirota, Nelson R\u00edos, Alcal\u00e1 y Jovanovich. Monitor: Luis Medina.<\/p>\n<p><strong>2007 <\/strong>\/ Buena actuaci\u00f3n de los deportistas chaque\u00f1os en del Mundial de Taekwon Do de Birmingham, El juvenil Fabio Flores logr\u00f3 el primer puesto, Roberto Monfardini logr\u00f3 el tercero, mientras que la revelaci\u00f3n en forma y lucha fue Rub\u00e9n Orlando Morales, con dos segundos puestos. Todos pertenecen a la Asociaci\u00f3n de Escuelas de Taekwondo, dirigido por el maestro H\u00e9ctor Armando Soto.<\/p>\n<p>&nbsp;<\/p>\n<p><img loading=\"lazy\" decoding=\"async\" class=\"alignnone size-full wp-image-11993 aligncenter\" src=\"https:\/\/www.sportchaco.com.ar\/wp-content\/uploads\/2024\/07\/CHACO-JUEGA-BANNERS-1_200X200-1-1.gif\" alt=\"\" width=\"200\" height=\"200\" \/><\/p>\n","protected":false},"excerpt":{"rendered":"<p>Esta es la Efem\u00e9rides del Deporte en el Chaco de un 3 de agosto periodista Luis Dar\u00edo Molodezky. 1969 \/ Talleres de C\u00f3rdoba le gana la serie final del Torneo Regional a For Ever y accede al Nacional. En el cotejo de ida igualaron 0 a 0 en Resistencia, y en la docta gana el &hellip;<\/p>\n","protected":false},"author":2,"featured_media":12065,"comment_status":"open","ping_status":"open","sticky":false,"template":"","format":"standard","meta":{"footnotes":""},"categories":[38,45],"tags":[],"class_list":["post-12062","post","type-post","status-publish","format-standard","has-post-thumbnail","hentry","category-agosto","category-efemerides-dia-por-dia"],"_links":{"self":[{"href":"https:\/\/www.sportchaco.com.ar\/index.php?rest_route=\/wp\/v2\/posts\/12062","targetHints":{"allow":["GET"]}}],"collection":[{"href":"https:\/\/www.sportchaco.com.ar\/index.php?rest_route=\/wp\/v2\/posts"}],"about":[{"href":"https:\/\/www.sportchaco.com.ar\/index.php?rest_route=\/wp\/v2\/types\/post"}],"author":[{"embeddable":true,"href":"https:\/\/www.sportchaco.com.ar\/index.php?rest_route=\/wp\/v2\/users\/2"}],"replies":[{"embeddable":true,"href":"https:\/\/www.sportchaco.com.ar\/index.php?rest_route=%2Fwp%2Fv2%2Fcomments&post=12062"}],"version-history":[{"count":1,"href":"https:\/\/www.sportchaco.com.ar\/index.php?rest_route=\/wp\/v2\/posts\/12062\/revisions"}],"predecessor-version":[{"id":12066,"href":"https:\/\/www.sportchaco.com.ar\/index.php?rest_route=\/wp\/v2\/posts\/12062\/revisions\/12066"}],"wp:featuredmedia":[{"embeddable":true,"href":"https:\/\/www.sportchaco.com.ar\/index.php?rest_route=\/wp\/v2\/media\/12065"}],"wp:attachment":[{"href":"https:\/\/www.sportchaco.com.ar\/index.php?rest_route=%2Fwp%2Fv2%2Fmedia&parent=12062"}],"wp:term":[{"taxonomy":"category","embeddable":true,"href":"https:\/\/www.sportchaco.com.ar\/index.php?rest_route=%2Fwp%2Fv2%2Fcategories&post=12062"},{"taxonomy":"post_tag","embeddable":true,"href":"https:\/\/www.sportchaco.com.ar\/index.php?rest_route=%2Fwp%2Fv2%2Ftags&post=12062"}],"curies":[{"name":"wp","href":"https:\/\/api.w.org\/{rel}","templated":true}]}}