{"id":12067,"date":"2024-08-03T15:00:07","date_gmt":"2024-08-03T18:00:07","guid":{"rendered":"https:\/\/www.sportchaco.com.ar\/?p=12067"},"modified":"2024-08-03T15:00:07","modified_gmt":"2024-08-03T18:00:07","slug":"lautaro-moreau-el-objetivo-de-todos-es-salir-campeon-y-conseguir-el-ascenso-al-federal","status":"publish","type":"post","link":"https:\/\/www.sportchaco.com.ar\/?p=12067","title":{"rendered":"Lautaro Moreau: \u201cEl objetivo de todos es salir campe\u00f3n y conseguir el ascenso al Federal\u201d"},"content":{"rendered":"<p><strong>03-08-2024<\/strong><\/p>\n<p><img loading=\"lazy\" decoding=\"async\" class=\" wp-image-11424 aligncenter\" src=\"https:\/\/www.sportchaco.com.ar\/wp-content\/uploads\/2024\/07\/gob-salud-fijo-marzo-300x50.jpg\" alt=\"\" width=\"390\" height=\"65\" srcset=\"https:\/\/www.sportchaco.com.ar\/wp-content\/uploads\/2024\/07\/gob-salud-fijo-marzo-300x50.jpg 300w, https:\/\/www.sportchaco.com.ar\/wp-content\/uploads\/2024\/07\/gob-salud-fijo-marzo-1024x171.jpg 1024w, https:\/\/www.sportchaco.com.ar\/wp-content\/uploads\/2024\/07\/gob-salud-fijo-marzo-768x128.jpg 768w, https:\/\/www.sportchaco.com.ar\/wp-content\/uploads\/2024\/07\/gob-salud-fijo-marzo.jpg 1200w\" sizes=\"auto, (max-width: 390px) 100vw, 390px\" \/><\/p>\n<p>El Provincial \u201cPre\u2013Federal\u201d contin\u00faa tomando forma y color y Regatas Resistencia es uno de los que se posiciona como uno de los animadores de la competencia. En este punto, el \u201cremero\u201d contin\u00faa trabajando intensamente y uno de sus regresos para este certamen es Lautaro Moreau, jugador joven de 22 a\u00f1os, con roce en la Liga Federal en la \u00faltima temporada en Sarmiento de Formosa, aunque ya disput\u00f3 esta categor\u00eda con Cultural de Santa Sylvina.<\/p>\n<p>\u201cSiempre es lindo volver a jugar para el club que te form\u00f3, asi que es una sensaci\u00f3n muy linda\u201d, expres\u00f3 el jugador que vuelve a la instituci\u00f3n \u201cremera\u201d y que se desempe\u00f1a en la posici\u00f3n de alero o ala \u2013 pivote (3 o 4).<\/p>\n<p>\u201cRegatas es un equipo en el que vienen jugando juntos hace bastante tiempo, creo que es un muy buen equipo para pelear el torneo\u201d, dej\u00f3 en claro Moreau.<\/p>\n<p>En este Provincial \u201cPre\u2013Federal\u201d 2024, Regatas integrar\u00e1 la zona B, junto a JUVA (Villa \u00c1ngela), Espa\u00f1ola (Charata), Pinedo Central (General Pinedo), Cultural (Santa Sylvina) CUNE e Hind\u00fa (ambos de Resistencia).<\/p>\n<p>Asimismo, Moreau remarc\u00f3 aportar en el equipo \u201ctodo lo que sea necesario y obviamente me pida el entrenador\u201d, remarcando Moreau a su vez que \u201cel objetivo de todos el poder salir campeon y darle el ascenso al Federal\u201d, finaliz\u00f3.<\/p>\n<p><em><strong>Fuente: Santiago Waissmann\/ Basket Total<\/strong><\/em><\/p>\n<p><img loading=\"lazy\" decoding=\"async\" class=\" wp-image-9591 aligncenter\" src=\"https:\/\/www.sportchaco.com.ar\/wp-content\/uploads\/2024\/05\/gob-salud-marzo-apaisado-2-2.gif\" alt=\"\" width=\"334\" height=\"334\" \/><\/p>\n","protected":false},"excerpt":{"rendered":"<p>03-08-2024 El Provincial \u201cPre\u2013Federal\u201d contin\u00faa tomando forma y color y Regatas Resistencia es uno de los que se posiciona como uno de los animadores de la competencia. En este punto, el \u201cremero\u201d contin\u00faa trabajando intensamente y uno de sus regresos para este certamen es Lautaro Moreau, jugador joven de 22 a\u00f1os, con roce en la &hellip;<\/p>\n","protected":false},"author":3,"featured_media":12068,"comment_status":"open","ping_status":"open","sticky":false,"template":"","format":"standard","meta":{"footnotes":""},"categories":[3],"tags":[],"class_list":["post-12067","post","type-post","status-publish","format-standard","has-post-thumbnail","hentry","category-basquetbol"],"_links":{"self":[{"href":"https:\/\/www.sportchaco.com.ar\/index.php?rest_route=\/wp\/v2\/posts\/12067","targetHints":{"allow":["GET"]}}],"collection":[{"href":"https:\/\/www.sportchaco.com.ar\/index.php?rest_route=\/wp\/v2\/posts"}],"about":[{"href":"https:\/\/www.sportchaco.com.ar\/index.php?rest_route=\/wp\/v2\/types\/post"}],"author":[{"embeddable":true,"href":"https:\/\/www.sportchaco.com.ar\/index.php?rest_route=\/wp\/v2\/users\/3"}],"replies":[{"embeddable":true,"href":"https:\/\/www.sportchaco.com.ar\/index.php?rest_route=%2Fwp%2Fv2%2Fcomments&post=12067"}],"version-history":[{"count":1,"href":"https:\/\/www.sportchaco.com.ar\/index.php?rest_route=\/wp\/v2\/posts\/12067\/revisions"}],"predecessor-version":[{"id":12069,"href":"https:\/\/www.sportchaco.com.ar\/index.php?rest_route=\/wp\/v2\/posts\/12067\/revisions\/12069"}],"wp:featuredmedia":[{"embeddable":true,"href":"https:\/\/www.sportchaco.com.ar\/index.php?rest_route=\/wp\/v2\/media\/12068"}],"wp:attachment":[{"href":"https:\/\/www.sportchaco.com.ar\/index.php?rest_route=%2Fwp%2Fv2%2Fmedia&parent=12067"}],"wp:term":[{"taxonomy":"category","embeddable":true,"href":"https:\/\/www.sportchaco.com.ar\/index.php?rest_route=%2Fwp%2Fv2%2Fcategories&post=12067"},{"taxonomy":"post_tag","embeddable":true,"href":"https:\/\/www.sportchaco.com.ar\/index.php?rest_route=%2Fwp%2Fv2%2Ftags&post=12067"}],"curies":[{"name":"wp","href":"https:\/\/api.w.org\/{rel}","templated":true}]}}