{"id":12106,"date":"2024-08-04T22:40:01","date_gmt":"2024-08-05T01:40:01","guid":{"rendered":"https:\/\/www.sportchaco.com.ar\/?p=12106"},"modified":"2024-08-04T22:40:01","modified_gmt":"2024-08-05T01:40:01","slug":"hindu-calienta-motores-para-el-arranque-del-pre-federal","status":"publish","type":"post","link":"https:\/\/www.sportchaco.com.ar\/?p=12106","title":{"rendered":"Hind\u00fa calienta motores para el arranque del Pre\u2013Federal"},"content":{"rendered":"<p><strong>04-08-2024<\/strong><\/p>\n<p><img loading=\"lazy\" decoding=\"async\" class=\" wp-image-9639 aligncenter\" src=\"https:\/\/www.sportchaco.com.ar\/wp-content\/uploads\/2024\/05\/gob-salud-apaisado-marzo-300x37.gif\" alt=\"\" width=\"365\" height=\"45\" \/><\/p>\n<p>De cara al arranque de lo que ser\u00e1 el Provincial \u201cPre \u2013 Federal\u201d de Primera 2024, Hind\u00fa trabaja fuertemente en su pretemporada, donde hay que destacar que toda esta preparaci\u00f3n tambi\u00e9n cuenta con Sebasti\u00e1n Lugo, jugador de cuna del \u201cb\u00f3lido verde\u201d y que disput\u00f3 su \u00faltima temporada defendiendo los colores de San Lorenzo en la Liga Nacional, como as\u00ed tambi\u00e9n la participaci\u00f3n de Fabricio Spagnoli, jugador de jerarqu\u00eda y que su \u00faltima temporada estuvo en Deportivo Norte de San Fe por la Liga Federal. Tambi\u00e9n se encuentra entrenando con el equipo el joven Thiago Gronda que viene de jugar en Belgrano de Tucum\u00e1n la Liga Federal.<\/p>\n<p>En este marco, el equipo mantiene pr\u00e1cticamente la misma base, como \u00c1lvaro Ghidini, Juan Del\u00f3n, Facundo De Jes\u00fas Lucas Coronel, M\u00e1ximo Rath, Mat\u00edas Gremes, Santiago Rath, Marcos Canteros, Mauro Coronel, David S\u00e1nchez, Mat\u00edas Rosales y juveniles, bajo las \u00f3rdenes de Ramiro D\u00edaz Cuello, Gonzalo Aguirre como asistente e Iv\u00e1n Olmedo como preparador f\u00edsico. Para remarcar que Braian Maglier se fue a jugar a Venado Tuerto (Santa Fe) el Pre \u2013 Federal con el club Ciudad y Lautaro Picton a Don Orione de Barranqueras.<\/p>\n<p>\u201cTenemos la suerte de que Sebasti\u00e1n Lugo y Fabricio Spagnoli nos elijan para entrenar y tambi\u00e9n jugar con nosotros hasta que empiece su compromiso con sus pr\u00f3ximos clubes; para nosotros es una de las cosas que nos hace sentir orgullosos de nuestro proyecto, porque ellos nos pidieron jugar y a nosotros nos elevan el nivel de entrenamiento; creo que tambi\u00e9n para la gente del club es lindo ver jugar a este tipo de jugadores que juegan en otras Ligas\u201d, remarc\u00f3 el entrenador de Hind\u00fa, Ramiro D\u00edaz Cuello.<\/p>\n<figure class=\"wp-block-image size-large\"><a href=\"https:\/\/baskettotal.com.ar\/wp-content\/uploads\/2024\/08\/2.jpg\"><img loading=\"lazy\" decoding=\"async\" class=\"lazy wp-image-23761 lazy-loaded\" src=\"https:\/\/baskettotal.com.ar\/wp-content\/uploads\/2024\/08\/2-1024x742.jpg\" sizes=\"auto, (max-width: 1040px) 100vw, 1040px\" srcset=\"https:\/\/baskettotal.com.ar\/wp-content\/uploads\/2024\/08\/2-1024x742.jpg 1024w, https:\/\/baskettotal.com.ar\/wp-content\/uploads\/2024\/08\/2-300x218.jpg 300w, https:\/\/baskettotal.com.ar\/wp-content\/uploads\/2024\/08\/2-768x557.jpg 768w, https:\/\/baskettotal.com.ar\/wp-content\/uploads\/2024\/08\/2.jpg 1040w\" alt=\"\" width=\"1040\" height=\"754\" data-lazy-type=\"image\" data-lazy-src=\"https:\/\/baskettotal.com.ar\/wp-content\/uploads\/2024\/08\/2-1024x742.jpg\" data-lazy-srcset=\"https:\/\/baskettotal.com.ar\/wp-content\/uploads\/2024\/08\/2-1024x742.jpg 1024w, https:\/\/baskettotal.com.ar\/wp-content\/uploads\/2024\/08\/2-300x218.jpg 300w, https:\/\/baskettotal.com.ar\/wp-content\/uploads\/2024\/08\/2-768x557.jpg 768w, https:\/\/baskettotal.com.ar\/wp-content\/uploads\/2024\/08\/2.jpg 1040w\" data-lazy-sizes=\"(max-width: 1040px) 100vw, 1040px\" \/><\/a><\/figure>\n<p>En este sentido, D\u00edaz Cuello tambi\u00e9n marc\u00f3 que \u201cse sum\u00f3 Mateo Didier que estuvo jugando en su momento en Sarmiento y es un chico que vino a entrenar ac\u00e1 con nosotros. En total son 20 jugadores que van a estar para el Pre \u2013 Federal y para el Torneo Clausura de Resistencia, adem\u00e1s de que tambi\u00e9n van a ser parte de todo este proceso Juan Pablo Dip y Dardo Centanaro, quienes van a entrenar con el equipo y van a estar disponibles para la competencia que nos toque enfrentar\u201d.<\/p>\n<p>\u201cEn todos los torneos queremos ser competitivos, sabemos que este ser\u00e1 un torneo muy duro y somos un equipo que, como lo demostramos en el torneo Asociativo Apertura, nos gusta estar siempre en la pelea por algo\u201d, finaliz\u00f3.<\/p>\n<p>Para este Provincial \u201cPre \u2013 Federal\u201d de Primera 2024, Hind\u00fa Club de Resistencia integrar\u00e1 la zona B junto a Regatas y Cune (ambos de Resistencia, JUVA (Villa \u00c1ngela), Pinedo Central (General Pinedo), Cultural (Santa Sylvina) y Espa\u00f1ola (Charata).<\/p>\n<p><img loading=\"lazy\" decoding=\"async\" class=\" wp-image-9818 aligncenter\" src=\"https:\/\/www.sportchaco.com.ar\/wp-content\/uploads\/2024\/05\/gobierno-paisaje-300x116.png\" alt=\"\" width=\"365\" height=\"141\" srcset=\"https:\/\/www.sportchaco.com.ar\/wp-content\/uploads\/2024\/05\/gobierno-paisaje-300x116.png 300w, https:\/\/www.sportchaco.com.ar\/wp-content\/uploads\/2024\/05\/gobierno-paisaje-768x297.png 768w, https:\/\/www.sportchaco.com.ar\/wp-content\/uploads\/2024\/05\/gobierno-paisaje.png 800w\" sizes=\"auto, (max-width: 365px) 100vw, 365px\" \/><\/p>\n","protected":false},"excerpt":{"rendered":"<p>04-08-2024 De cara al arranque de lo que ser\u00e1 el Provincial \u201cPre \u2013 Federal\u201d de Primera 2024, Hind\u00fa trabaja fuertemente en su pretemporada, donde hay que destacar que toda esta preparaci\u00f3n tambi\u00e9n cuenta con Sebasti\u00e1n Lugo, jugador de cuna del \u201cb\u00f3lido verde\u201d y que disput\u00f3 su \u00faltima temporada defendiendo los colores de San Lorenzo en &hellip;<\/p>\n","protected":false},"author":3,"featured_media":12107,"comment_status":"open","ping_status":"open","sticky":false,"template":"","format":"standard","meta":{"footnotes":""},"categories":[3],"tags":[],"class_list":["post-12106","post","type-post","status-publish","format-standard","has-post-thumbnail","hentry","category-basquetbol"],"_links":{"self":[{"href":"https:\/\/www.sportchaco.com.ar\/index.php?rest_route=\/wp\/v2\/posts\/12106","targetHints":{"allow":["GET"]}}],"collection":[{"href":"https:\/\/www.sportchaco.com.ar\/index.php?rest_route=\/wp\/v2\/posts"}],"about":[{"href":"https:\/\/www.sportchaco.com.ar\/index.php?rest_route=\/wp\/v2\/types\/post"}],"author":[{"embeddable":true,"href":"https:\/\/www.sportchaco.com.ar\/index.php?rest_route=\/wp\/v2\/users\/3"}],"replies":[{"embeddable":true,"href":"https:\/\/www.sportchaco.com.ar\/index.php?rest_route=%2Fwp%2Fv2%2Fcomments&post=12106"}],"version-history":[{"count":1,"href":"https:\/\/www.sportchaco.com.ar\/index.php?rest_route=\/wp\/v2\/posts\/12106\/revisions"}],"predecessor-version":[{"id":12108,"href":"https:\/\/www.sportchaco.com.ar\/index.php?rest_route=\/wp\/v2\/posts\/12106\/revisions\/12108"}],"wp:featuredmedia":[{"embeddable":true,"href":"https:\/\/www.sportchaco.com.ar\/index.php?rest_route=\/wp\/v2\/media\/12107"}],"wp:attachment":[{"href":"https:\/\/www.sportchaco.com.ar\/index.php?rest_route=%2Fwp%2Fv2%2Fmedia&parent=12106"}],"wp:term":[{"taxonomy":"category","embeddable":true,"href":"https:\/\/www.sportchaco.com.ar\/index.php?rest_route=%2Fwp%2Fv2%2Fcategories&post=12106"},{"taxonomy":"post_tag","embeddable":true,"href":"https:\/\/www.sportchaco.com.ar\/index.php?rest_route=%2Fwp%2Fv2%2Ftags&post=12106"}],"curies":[{"name":"wp","href":"https:\/\/api.w.org\/{rel}","templated":true}]}}