{"id":12112,"date":"2024-08-04T23:05:45","date_gmt":"2024-08-05T02:05:45","guid":{"rendered":"https:\/\/www.sportchaco.com.ar\/?p=12112"},"modified":"2024-08-04T23:05:45","modified_gmt":"2024-08-05T02:05:45","slug":"efemerides-del-5-de-agosto","status":"publish","type":"post","link":"https:\/\/www.sportchaco.com.ar\/?p=12112","title":{"rendered":"Efem\u00e9rides del 5 de agosto"},"content":{"rendered":"<h5><strong>Esta es la Efem\u00e9rides del Deporte en el Chaco de un 5 de agosto periodista Luis Dar\u00edo Molodezky.<\/strong><\/h5>\n<p><img loading=\"lazy\" decoding=\"async\" class=\"alignnone size-medium wp-image-12063\" src=\"https:\/\/www.sportchaco.com.ar\/wp-content\/uploads\/2024\/08\/Molodezky-Luis-11-05-24-300x225.jpg\" alt=\"\" width=\"300\" height=\"225\" srcset=\"https:\/\/www.sportchaco.com.ar\/wp-content\/uploads\/2024\/08\/Molodezky-Luis-11-05-24-300x225.jpg 300w, https:\/\/www.sportchaco.com.ar\/wp-content\/uploads\/2024\/08\/Molodezky-Luis-11-05-24-1024x768.jpg 1024w, https:\/\/www.sportchaco.com.ar\/wp-content\/uploads\/2024\/08\/Molodezky-Luis-11-05-24-768x576.jpg 768w, https:\/\/www.sportchaco.com.ar\/wp-content\/uploads\/2024\/08\/Molodezky-Luis-11-05-24-1536x1153.jpg 1536w, https:\/\/www.sportchaco.com.ar\/wp-content\/uploads\/2024\/08\/Molodezky-Luis-11-05-24.jpg 1599w\" sizes=\"auto, (max-width: 300px) 100vw, 300px\" \/><\/p>\n<p><strong>1979 \/<\/strong> Incidente entre el periodista Ricardo C\u00e1rdenas y el presidente de la Federaci\u00f3n Chaque\u00f1a de B\u00e1squetbol Hern\u00e1n Piccilli. El C\u00edrculo repudi\u00f3 el hecho por los insultos recibidos por el periodista. La intervenci\u00f3n de Radio Chaco, a cargo de Roberto Falc\u00f3n, en un comunicado respald\u00f3 al dirigente.<\/p>\n<p><strong>1938 \/<\/strong> Nace en Machagai Hugo \u201cPajarito\u201d G\u00f3mez, quien se destac\u00f3 como futbolista en El Fort\u00edn del Pueblo Viejo, \u00e1rbitro de b\u00e1squet y luego animador de espect\u00e1culos populares, entre ellos el programa \u201cChamameceando\u201d por el que fue distinguido por la C\u00e1mara de Diputados. Transmiti\u00f3 en varias oportunidades los Nacionales de B\u00e1squetbol.<\/p>\n<p><strong>2022 \/<\/strong> Fallece Carlos Alberto Pisarello, un impulsor de la pr\u00e1ctica del aeromodelismo en el Chaco, junto a Patona Ferreira y Coco Sargenti. Adiestraron y fueron ejemplo de este fant\u00e1stico deporte abri\u00f3 las puertas a la ciencia a muchos, continuando en una disciplina apasionante como lo es la amistad misma. Construyo a la perfecci\u00f3n el primer planeador ASW 15 de alta performance que ense\u00f1o a volar a casi todos los aficionados.<\/p>\n<p>&nbsp;<\/p>\n<p style=\"text-align: center;\"><img loading=\"lazy\" decoding=\"async\" class=\"alignnone size-full wp-image-11993\" src=\"https:\/\/www.sportchaco.com.ar\/wp-content\/uploads\/2024\/07\/CHACO-JUEGA-BANNERS-1_200X200-1-1.gif\" alt=\"\" width=\"200\" height=\"200\" \/><\/p>\n","protected":false},"excerpt":{"rendered":"<p>Esta es la Efem\u00e9rides del Deporte en el Chaco de un 5 de agosto periodista Luis Dar\u00edo Molodezky. 1979 \/ Incidente entre el periodista Ricardo C\u00e1rdenas y el presidente de la Federaci\u00f3n Chaque\u00f1a de B\u00e1squetbol Hern\u00e1n Piccilli. El C\u00edrculo repudi\u00f3 el hecho por los insultos recibidos por el periodista. La intervenci\u00f3n de Radio Chaco, a &hellip;<\/p>\n","protected":false},"author":2,"featured_media":12114,"comment_status":"open","ping_status":"open","sticky":false,"template":"","format":"standard","meta":{"footnotes":""},"categories":[38,45],"tags":[],"class_list":["post-12112","post","type-post","status-publish","format-standard","has-post-thumbnail","hentry","category-agosto","category-efemerides-dia-por-dia"],"_links":{"self":[{"href":"https:\/\/www.sportchaco.com.ar\/index.php?rest_route=\/wp\/v2\/posts\/12112","targetHints":{"allow":["GET"]}}],"collection":[{"href":"https:\/\/www.sportchaco.com.ar\/index.php?rest_route=\/wp\/v2\/posts"}],"about":[{"href":"https:\/\/www.sportchaco.com.ar\/index.php?rest_route=\/wp\/v2\/types\/post"}],"author":[{"embeddable":true,"href":"https:\/\/www.sportchaco.com.ar\/index.php?rest_route=\/wp\/v2\/users\/2"}],"replies":[{"embeddable":true,"href":"https:\/\/www.sportchaco.com.ar\/index.php?rest_route=%2Fwp%2Fv2%2Fcomments&post=12112"}],"version-history":[{"count":1,"href":"https:\/\/www.sportchaco.com.ar\/index.php?rest_route=\/wp\/v2\/posts\/12112\/revisions"}],"predecessor-version":[{"id":12115,"href":"https:\/\/www.sportchaco.com.ar\/index.php?rest_route=\/wp\/v2\/posts\/12112\/revisions\/12115"}],"wp:featuredmedia":[{"embeddable":true,"href":"https:\/\/www.sportchaco.com.ar\/index.php?rest_route=\/wp\/v2\/media\/12114"}],"wp:attachment":[{"href":"https:\/\/www.sportchaco.com.ar\/index.php?rest_route=%2Fwp%2Fv2%2Fmedia&parent=12112"}],"wp:term":[{"taxonomy":"category","embeddable":true,"href":"https:\/\/www.sportchaco.com.ar\/index.php?rest_route=%2Fwp%2Fv2%2Fcategories&post=12112"},{"taxonomy":"post_tag","embeddable":true,"href":"https:\/\/www.sportchaco.com.ar\/index.php?rest_route=%2Fwp%2Fv2%2Ftags&post=12112"}],"curies":[{"name":"wp","href":"https:\/\/api.w.org\/{rel}","templated":true}]}}