{"id":12131,"date":"2024-08-06T12:27:03","date_gmt":"2024-08-06T15:27:03","guid":{"rendered":"https:\/\/www.sportchaco.com.ar\/?p=12131"},"modified":"2024-08-06T12:27:03","modified_gmt":"2024-08-06T15:27:03","slug":"el-espiritu-olimpico-a-pleno","status":"publish","type":"post","link":"https:\/\/www.sportchaco.com.ar\/?p=12131","title":{"rendered":"El esp\u00edritu ol\u00edmpico a pleno"},"content":{"rendered":"<header class=\"article-header-wrapper\">\n<div class=\"article-header\">\n<h5 id=\"una-imagen-que-recorre-el-mundo:-el-gesto-de-simone-biles-en-el-podio-de-los-juegos-olimpicos-tras-el-oro-de-rebeca-andrade\" class=\"article-headline left\">Una imagen que recorre el mundo: el gesto de Simone Biles en el podio de los Juegos Ol\u00edmpicos tras el oro de Rebeca Andrade. Una vez que las tres gimnastas recibieron sus preseas, las estadounidenses le hicieron una reverencia a la atleta de Brasil<\/h5>\n<\/div>\n<\/header>\n<article class=\"article\">\n<div class=\"sharebar-container\">\n<div class=\"sharebar-buttons-container\">\n<div class=\"sharebar-buttons button-save\" tabindex=\"0\" role=\"button\" aria-label=\"Guardar\"><\/div>\n<div class=\"sharebar-buttons-separator\"><\/div>\n<p><button class=\"sharemenu-buttons\" aria-label=\"Compartir en Telegram\"><\/button><button class=\"sharemenu-buttons\" aria-label=\"Compartir en Linkedin\"><\/button><button class=\"sharemenu-buttons\" aria-label=\"Compartir en Twitter\"><\/button><button class=\"sharemenu-buttons\" aria-label=\"Compartir en Whatsapp\"><\/button><button class=\"sharemenu-buttons\" aria-label=\"Compartir en Facebook\"><\/button><\/div>\n<\/div>\n<div class=\"body-article\">\n<div class=\"visual__image\"><strong>Foto portada: <span style=\"color: #000000;\">Rebeca Andrade sube al podio y Simone Biles junto a Jordan Chiles le hicieron una reverencia &#8211; Infobae<\/span><\/strong><\/div>\n<div><\/div>\n<div class=\"text-element\"><\/div>\n<p class=\"paragraph\"><span style=\"color: #000000;\"><b>Simone Biles<\/b>\u00a0es considerada como la mejor gimnasta de todos los tiempos, pero en lo que fue la \u00faltima jornada de la disciplina en los\u00a0<b>Juegos Ol\u00edmpicos<\/b>\u00a0vimos un gesto de su parte que la define como una atleta que dignifica los valores del olimpismo. Durante el cierre de Par\u00eds 2024,\u00a0<a style=\"color: #000000;\" href=\"https:\/\/www.infobae.com\/deportes\/2024\/08\/05\/impacto-en-los-juegos-olimpicos-la-brasilena-rebeca-andrade-supero-por-primera-vez-a-simone-biles-y-gano-un-historico-oro-en-suelo\/\" target=\"_blank\" rel=\"noopener noreferrer\"><b>Rebeca Andrade dio el golpe al conquistar la medalla de oro en la prueba de suelo<\/b><\/a>\u00a0al vencer a la propia estadounidense y su compa\u00f1era de equipo.<\/span><\/p>\n<p class=\"paragraph\"><span style=\"color: #000000;\">En una definici\u00f3n atrapante,\u00a0<b>la atleta de Brasil recibi\u00f3 14.166 puntos y super\u00f3 a Biles por solo 33 cent\u00e9simas (14.133)<\/b>. El bronce fue para la tambi\u00e9n estadounidense\u00a0<b>Jordan Chiles<\/b>\u00a0con 13.766 puntos, que no pudo ocultar su emoci\u00f3n tras subirse al podio de suelo en una final que tuvo el gran atractivo de otro mano a mano entre la brasile\u00f1a y la deportista que ser\u00e1 una de las figuras de estos Juegos Ol\u00edmpicos.<\/span><\/p>\n<p class=\"paragraph\"><span style=\"color: #000000;\">Pero lo mejor del d\u00eda no se vio en un aparato. Se produjo en el momento en el que las tres medallistas subieron al podio para ser galardonadas. Despu\u00e9s de la entrega por parte de las autoridades y de la entonaci\u00f3n del himno de la ganadora,\u00a0<b>tanto Biles como Chiles le hicieron una reverencia a la campeona ol\u00edmpica<\/b>.<\/span><\/p>\n<p class=\"paragraph\"><span style=\"color: #000000;\">Se tiraron al sueloy le dieron las manos para rendirle homenaje a una joven que se convirti\u00f3 en una estrella del deporte para Latinoam\u00e9rica tras su brillante performance en la capital de Francia. Es que Andrade fue una pieza esencial para que Brasil pueda ganar la primera medalla de su historia en la prueba por equipos con un bronce valioso tras el t\u00edtulo para Estados Unidos y el segundo puesto que ocup\u00f3 Italia.<\/span><\/p>\n<div class=\"visual__image\"><span style=\"color: #000000;\"><img loading=\"lazy\" decoding=\"async\" class=\"\" src=\"https:\/\/www.infobae.com\/new-resizer\/M6fhoxZQZhK3TmY4OIf6bEc1gSc=\/420x280\/filters:format(webp):quality(85)\/cloudfront-us-east-1.images.arcpublishing.com\/infobae\/D6JW54FMPY5AM4ZBCQJDVRA3UI.jpg%20420w\" sizes=\"auto, (min-width: 1560px) 856px, (min-width: 1000px) calc(74.63vw - 293px), (min-width: 780px) calc(100vw - 376px), (min-width: 580px) calc(100vw - 32px), 100vw\" srcset=\"https:\/\/www.infobae.com\/new-resizer\/M6fhoxZQZhK3TmY4OIf6bEc1gSc=\/420x280\/filters:format(webp):quality(85)\/cloudfront-us-east-1.images.arcpublishing.com\/infobae\/D6JW54FMPY5AM4ZBCQJDVRA3UI.jpg 420w,https:\/\/www.infobae.com\/new-resizer\/_95f_9Z3CZhoUHhgfW2EuETwyIU=\/768x512\/filters:format(webp):quality(85)\/cloudfront-us-east-1.images.arcpublishing.com\/infobae\/D6JW54FMPY5AM4ZBCQJDVRA3UI.jpg 768w,https:\/\/www.infobae.com\/new-resizer\/WIjJUc9Xn50WV-3eohXdpwTwK6k=\/992x661\/filters:format(webp):quality(85)\/cloudfront-us-east-1.images.arcpublishing.com\/infobae\/D6JW54FMPY5AM4ZBCQJDVRA3UI.jpg 992w,https:\/\/www.infobae.com\/new-resizer\/ZHiCsW2zsnxQtwDbOeXcTp2olfE=\/1200x800\/filters:format(webp):quality(85)\/cloudfront-us-east-1.images.arcpublishing.com\/infobae\/D6JW54FMPY5AM4ZBCQJDVRA3UI.jpg 1200w,https:\/\/www.infobae.com\/new-resizer\/IK1qLkB1LJaiWVpz0dTxYtfAVV8=\/1440x960\/filters:format(webp):quality(85)\/cloudfront-us-east-1.images.arcpublishing.com\/infobae\/D6JW54FMPY5AM4ZBCQJDVRA3UI.jpg 1440w\" alt=\"Andrade con los brazos levantos celebra su conquista en la prueba de suelo (REUTERS\/Athit Perawongmetha)\" width=\"6000\" height=\"4000\" data-src=\"https:\/\/www.infobae.com\/new-resizer\/M6fhoxZQZhK3TmY4OIf6bEc1gSc=\/420x280\/filters:format(webp):quality(85)\/cloudfront-us-east-1.images.arcpublishing.com\/infobae\/D6JW54FMPY5AM4ZBCQJDVRA3UI.jpg 420w\" \/>Andrade con los brazos levantos celebra su conquista en la prueba de suelo (REUTERS\/Athit Perawongmetha)<\/span><\/div>\n<p class=\"paragraph\"><span style=\"color: #000000;\">Ya a nivel individual, Rebeca volvi\u00f3 a destacarse despu\u00e9s de lo que fue su estreno ol\u00edmpico en Tokio 2020. Fue plata en la prueba all around individual y en la prueba de salto individual. De esta manera, con las cuatro preseas que obtuvo en la presente edici\u00f3n de los Juegos Ol\u00edmpicos, sumado al primer puesto en salto y el segundo lugar all around en Jap\u00f3n,\u00a0<b>la gimnasia brasile\u00f1a se convirti\u00f3 en la deportista m\u00e1s laureada de la historia de su pa\u00eds en el evento multidisciplinario m\u00e1s grande del mundo en el deporte con seis medallas en total.<\/b><\/span><\/p>\n<p class=\"paragraph\"><span style=\"color: #000000;\">Esta conquista por sobre Biles es una redenci\u00f3n para Andrade, que ya se hab\u00eda ganado su lugar entre las mejores gimnastas de los \u00faltimos tiempos y una de las m\u00e1s destacadas de todos los tiempos para la disciplina en Am\u00e9rica Latina.<\/span><\/p>\n<p class=\"paragraph\"><span style=\"color: #000000;\">Tras vivir en una favela y sus or\u00edgenes humildes, la nacida en San Pablo tuvo el apoyo de su madre, una empleada dom\u00e9stica que ten\u00eda que dejar a sus hijos para trabajar. Por eso uno de sus hermanos fue clave en sus primeros a\u00f1os de vida. Ya a los 9 a\u00f1os, su coach de ese momento la invit\u00f3 a vivir en Curitiba, donde est\u00e1 el centro de excelencia de gimnasia.<\/span><\/p>\n<p class=\"paragraph\"><span style=\"color: #000000;\">Desde 2011 forma parte del equipo de gimnasia del Flamengo en R\u00edo de Janeiro y tuvo que superar varios problemas f\u00edsicos, que la llevaron a pasar tres veces por quir\u00f3fano y a pensar en retirarse.\u00a0<b>Sufri\u00f3 tres lesiones de rodilla entre 2015 y 2019<\/b>. \u201cCrec\u00ed mucho con todo aquello. Sufr\u00ed un proceso de maduraci\u00f3n muy grande, como persona y deportista. No es que me guste haber pasado por esos momentos de lesi\u00f3n, pero fue esencial para crecer\u201d, expres\u00f3 en una charla que se hizo viral despu\u00e9s de su actuaci\u00f3n en sus primeros Juegos Ol\u00edmpicos de Tokio, que se postergaron un a\u00f1o por la pandemia que azot\u00f3 al mundo.<\/span><\/p>\n<p class=\"paragraph\"><span style=\"color: #000000;\">M\u00e1s all\u00e1 de las victorias, de que\u00a0<b>este 5 de agosto de 2024 quedar\u00e1 en la historia como el d\u00eda que Rebeca Andrade super\u00f3 a Simone Biles en una prueba individual de la gimnasia<\/b>\u00a0en los Juegos Ol\u00edmpicos, la actitud de la mejor de todos los tiempos solo hace crecer un duelo que ojal\u00e1, para todos los fan\u00e1ticos del mundo del deporte, se pueda extender en el tiempo durante varias grandes competencias por un tiempo m\u00e1s.<\/span><\/p>\n<div class=\"visual__image\"><span style=\"color: #000000;\"><img loading=\"lazy\" decoding=\"async\" class=\"\" src=\"https:\/\/www.infobae.com\/new-resizer\/4Qz0UgQk9zMEHTDU5EYdQXqXS3Q=\/420x315\/filters:format(webp):quality(85)\/cloudfront-us-east-1.images.arcpublishing.com\/infobae\/QSRVS7Y5SXHEWXCMGCKAZAL3AU.jpg%20420w\" sizes=\"auto, (min-width: 1560px) 856px, (min-width: 1000px) calc(74.63vw - 293px), (min-width: 780px) calc(100vw - 376px), (min-width: 580px) calc(100vw - 32px), 100vw\" srcset=\"https:\/\/www.infobae.com\/new-resizer\/4Qz0UgQk9zMEHTDU5EYdQXqXS3Q=\/420x315\/filters:format(webp):quality(85)\/cloudfront-us-east-1.images.arcpublishing.com\/infobae\/QSRVS7Y5SXHEWXCMGCKAZAL3AU.jpg 420w,https:\/\/www.infobae.com\/new-resizer\/wVJiIpPf99PZnlnaMKOnAo9Jb9E=\/768x576\/filters:format(webp):quality(85)\/cloudfront-us-east-1.images.arcpublishing.com\/infobae\/QSRVS7Y5SXHEWXCMGCKAZAL3AU.jpg 768w,https:\/\/www.infobae.com\/new-resizer\/XzjkQOUiiUZLkAnSDUhFwJqhg3w=\/992x744\/filters:format(webp):quality(85)\/cloudfront-us-east-1.images.arcpublishing.com\/infobae\/QSRVS7Y5SXHEWXCMGCKAZAL3AU.jpg 992w,https:\/\/www.infobae.com\/new-resizer\/8mok52lIIoUl8sQJuBkROzC2eS0=\/1200x900\/filters:format(webp):quality(85)\/cloudfront-us-east-1.images.arcpublishing.com\/infobae\/QSRVS7Y5SXHEWXCMGCKAZAL3AU.jpg 1200w,https:\/\/www.infobae.com\/new-resizer\/Y1VaAfMUgrC1R-22HqsGwvFS2rI=\/1440x1080\/filters:format(webp):quality(85)\/cloudfront-us-east-1.images.arcpublishing.com\/infobae\/QSRVS7Y5SXHEWXCMGCKAZAL3AU.jpg 1440w\" alt=\"La emoci\u00f3n de Andrade tras ganar la dorada en Par\u00eds 2024 (REUTERS\/Amanda Perobelli)\" width=\"4986\" height=\"3627\" data-src=\"https:\/\/www.infobae.com\/new-resizer\/4Qz0UgQk9zMEHTDU5EYdQXqXS3Q=\/420x315\/filters:format(webp):quality(85)\/cloudfront-us-east-1.images.arcpublishing.com\/infobae\/QSRVS7Y5SXHEWXCMGCKAZAL3AU.jpg 420w\" \/>La emoci\u00f3n de Andrade tras ganar la dorada en Par\u00eds 2024- Fuente Infobae<\/span><\/div>\n<div><img loading=\"lazy\" decoding=\"async\" class=\"alignnone size-full wp-image-11993 aligncenter\" src=\"https:\/\/www.sportchaco.com.ar\/wp-content\/uploads\/2024\/07\/CHACO-JUEGA-BANNERS-1_200X200-1-1.gif\" alt=\"\" width=\"200\" height=\"200\" \/><\/div>\n<div class=\"article-tags-container\">\n<div class=\"article-tags-headline\">\n<h3 class=\"related-themes\"><\/h3>\n<\/div>\n<\/div>\n<\/div>\n<\/article>\n","protected":false},"excerpt":{"rendered":"<p>Una imagen que recorre el mundo: el gesto de Simone Biles en el podio de los Juegos Ol\u00edmpicos tras el oro de Rebeca Andrade. Una vez que las tres gimnastas recibieron sus preseas, las estadounidenses le hicieron una reverencia a la atleta de Brasil Foto portada: Rebeca Andrade sube al podio y Simone Biles junto &hellip;<\/p>\n","protected":false},"author":2,"featured_media":12132,"comment_status":"open","ping_status":"open","sticky":false,"template":"","format":"standard","meta":{"footnotes":""},"categories":[68],"tags":[],"class_list":["post-12131","post","type-post","status-publish","format-standard","has-post-thumbnail","hentry","category-juegos-olimpicos"],"_links":{"self":[{"href":"https:\/\/www.sportchaco.com.ar\/index.php?rest_route=\/wp\/v2\/posts\/12131","targetHints":{"allow":["GET"]}}],"collection":[{"href":"https:\/\/www.sportchaco.com.ar\/index.php?rest_route=\/wp\/v2\/posts"}],"about":[{"href":"https:\/\/www.sportchaco.com.ar\/index.php?rest_route=\/wp\/v2\/types\/post"}],"author":[{"embeddable":true,"href":"https:\/\/www.sportchaco.com.ar\/index.php?rest_route=\/wp\/v2\/users\/2"}],"replies":[{"embeddable":true,"href":"https:\/\/www.sportchaco.com.ar\/index.php?rest_route=%2Fwp%2Fv2%2Fcomments&post=12131"}],"version-history":[{"count":1,"href":"https:\/\/www.sportchaco.com.ar\/index.php?rest_route=\/wp\/v2\/posts\/12131\/revisions"}],"predecessor-version":[{"id":12133,"href":"https:\/\/www.sportchaco.com.ar\/index.php?rest_route=\/wp\/v2\/posts\/12131\/revisions\/12133"}],"wp:featuredmedia":[{"embeddable":true,"href":"https:\/\/www.sportchaco.com.ar\/index.php?rest_route=\/wp\/v2\/media\/12132"}],"wp:attachment":[{"href":"https:\/\/www.sportchaco.com.ar\/index.php?rest_route=%2Fwp%2Fv2%2Fmedia&parent=12131"}],"wp:term":[{"taxonomy":"category","embeddable":true,"href":"https:\/\/www.sportchaco.com.ar\/index.php?rest_route=%2Fwp%2Fv2%2Fcategories&post=12131"},{"taxonomy":"post_tag","embeddable":true,"href":"https:\/\/www.sportchaco.com.ar\/index.php?rest_route=%2Fwp%2Fv2%2Ftags&post=12131"}],"curies":[{"name":"wp","href":"https:\/\/api.w.org\/{rel}","templated":true}]}}