{"id":12137,"date":"2024-08-06T18:15:17","date_gmt":"2024-08-06T21:15:17","guid":{"rendered":"https:\/\/www.sportchaco.com.ar\/?p=12137"},"modified":"2024-08-06T18:15:17","modified_gmt":"2024-08-06T21:15:17","slug":"don-bosco-apuesta-fuerte-y-ya-piensa-en-el-arranque-del-pre-federal","status":"publish","type":"post","link":"https:\/\/www.sportchaco.com.ar\/?p=12137","title":{"rendered":"Don Bosco apuesta fuerte y ya piensa en el arranque del Pre-Federal"},"content":{"rendered":"<p><strong>06-08-2024<\/strong><\/p>\n<p><img loading=\"lazy\" decoding=\"async\" class=\"size-medium wp-image-11990 aligncenter\" src=\"https:\/\/www.sportchaco.com.ar\/wp-content\/uploads\/2024\/07\/Copy-of-CHACO-JUEGA-BANNERS-1_1200X200-1-300x50.gif\" alt=\"\" width=\"300\" height=\"50\" srcset=\"https:\/\/www.sportchaco.com.ar\/wp-content\/uploads\/2024\/07\/Copy-of-CHACO-JUEGA-BANNERS-1_1200X200-1-300x50.gif 300w, https:\/\/www.sportchaco.com.ar\/wp-content\/uploads\/2024\/07\/Copy-of-CHACO-JUEGA-BANNERS-1_1200X200-1-1024x171.gif 1024w, https:\/\/www.sportchaco.com.ar\/wp-content\/uploads\/2024\/07\/Copy-of-CHACO-JUEGA-BANNERS-1_1200X200-1-768x128.gif 768w\" sizes=\"auto, (max-width: 300px) 100vw, 300px\" \/><\/p>\n<p>De cara al arranque del Provincial \u00abPre \u2013 Federal\u00bb 2024, el Centro Deportivo Don Bosco trabaja fuertemente en su pretemporada de cara al arranque del certamen, bajo la conducci\u00f3n de Fernando Cristaldo como entrenador, combinando trabajos t\u00e1cticos y f\u00edsicos.<\/p>\n<p>En este Provincial \u00abPre \u2013 Federal\u00bb 2024, Don Bosco integrar\u00e1 la zona A, junto a Villa San Mart\u00edn, Don Orione, Alvear, Italiana, H\u00e9rcules y Acci\u00f3n. En la primera fecha, este viernes 9, el equipo tiene libre y reci\u00e9n en la segunda fecha enfrentar\u00e1 a H\u00e9rcules de Charata como visitante y en la tercera fecha debutar\u00e1 como local ante Alvear de Villa \u00c1ngela.<\/p>\n<figure class=\"wp-block-image size-large\"><a href=\"https:\/\/baskettotal.com.ar\/wp-content\/uploads\/2024\/08\/2-1.jpg\"><img loading=\"lazy\" decoding=\"async\" class=\"lazy wp-image-23787 lazy-loaded\" src=\"https:\/\/baskettotal.com.ar\/wp-content\/uploads\/2024\/08\/2-1-1024x682.jpg\" sizes=\"auto, (max-width: 1024px) 100vw, 1024px\" srcset=\"https:\/\/baskettotal.com.ar\/wp-content\/uploads\/2024\/08\/2-1-1024x682.jpg 1024w, https:\/\/baskettotal.com.ar\/wp-content\/uploads\/2024\/08\/2-1-300x200.jpg 300w, https:\/\/baskettotal.com.ar\/wp-content\/uploads\/2024\/08\/2-1-768x512.jpg 768w, https:\/\/baskettotal.com.ar\/wp-content\/uploads\/2024\/08\/2-1.jpg 1040w\" alt=\"\" width=\"1024\" height=\"682\" data-lazy-type=\"image\" data-lazy-src=\"https:\/\/baskettotal.com.ar\/wp-content\/uploads\/2024\/08\/2-1-1024x682.jpg\" data-lazy-srcset=\"https:\/\/baskettotal.com.ar\/wp-content\/uploads\/2024\/08\/2-1-1024x682.jpg 1024w, https:\/\/baskettotal.com.ar\/wp-content\/uploads\/2024\/08\/2-1-300x200.jpg 300w, https:\/\/baskettotal.com.ar\/wp-content\/uploads\/2024\/08\/2-1-768x512.jpg 768w, https:\/\/baskettotal.com.ar\/wp-content\/uploads\/2024\/08\/2-1.jpg 1040w\" data-lazy-sizes=\"(max-width: 1024px) 100vw, 1024px\" \/><\/a><\/figure>\n<p>Entre los jugadores que formar\u00e1n la plantilla oficial, se debe resaltar el regreso del perimetral Facundo G\u00f3mez Brocal, la jerarqu\u00eda de \u00c1lbaro Magallanes, la explosi\u00f3n de Iv\u00e1n Lugo, la talla f\u00edsica de Federico Hoferek, Javier Esp\u00edndola y Milovic Aleksander, la garra de Luciano Pegoraro y dem\u00e1s integrantes del equipo como Mauricio Maderna y Franco Mart\u00ednez, m\u00e1s la llegada de Maximiliano Aranda quienes cierran una lista que sin dudas promete mucho, adem\u00e1s de que ya tiene antecedentes muy importantes como el t\u00edtulo obtenido en el Clausura 2023.<\/p>\n<p>En este marco, el entrenador Fernando Cristaldo , en primer lugar destac\u00f3 el trabajo dirigencial \u00abpara que podamos competir, se movieron mucho y sobre la fecha del cierre pudimos participar y a partir de ah\u00ed reci\u00e9n empezar a pensar en el equipo\u00bb.<\/p>\n<p>Asimismo, Cristaldo fue claro al destacar el armado del equipo, donde \u00abla base ya viene siendo la misma que hace varios a\u00f1os, obviamente que el regreso del Facundo G\u00f3mez Brocal nos da un aire al equipo, no solo en lo deportivo, sino en lo moral y en la parte de grupo, lo mismo con Luciano Pegoraro que para nosotros es un amigo; la verdad que el clima grupal se vio muy beneficiado con el regreso del Facundo y de Luciano, m\u00e1s all\u00e1 de lo deportivo que obviamente tambi\u00e9n influyen mucho. En tanto que Maxi Aranda es un jugador que hace varios viene mostrando que compite, que tiene ganas de ganar y la verdad que se adapt\u00f3 muy bien a los entrenamientos\u00bb.<\/p>\n<figure class=\"wp-block-image size-large\"><a href=\"https:\/\/baskettotal.com.ar\/wp-content\/uploads\/2024\/08\/7.jpg\"><img loading=\"lazy\" decoding=\"async\" class=\"lazy wp-image-23788 lazy-loaded\" src=\"https:\/\/baskettotal.com.ar\/wp-content\/uploads\/2024\/08\/7-1024x682.jpg\" sizes=\"auto, (max-width: 1024px) 100vw, 1024px\" srcset=\"https:\/\/baskettotal.com.ar\/wp-content\/uploads\/2024\/08\/7-1024x682.jpg 1024w, https:\/\/baskettotal.com.ar\/wp-content\/uploads\/2024\/08\/7-300x200.jpg 300w, https:\/\/baskettotal.com.ar\/wp-content\/uploads\/2024\/08\/7-768x512.jpg 768w, https:\/\/baskettotal.com.ar\/wp-content\/uploads\/2024\/08\/7.jpg 1040w\" alt=\"\" width=\"1024\" height=\"682\" data-lazy-type=\"image\" data-lazy-src=\"https:\/\/baskettotal.com.ar\/wp-content\/uploads\/2024\/08\/7-1024x682.jpg\" data-lazy-srcset=\"https:\/\/baskettotal.com.ar\/wp-content\/uploads\/2024\/08\/7-1024x682.jpg 1024w, https:\/\/baskettotal.com.ar\/wp-content\/uploads\/2024\/08\/7-300x200.jpg 300w, https:\/\/baskettotal.com.ar\/wp-content\/uploads\/2024\/08\/7-768x512.jpg 768w, https:\/\/baskettotal.com.ar\/wp-content\/uploads\/2024\/08\/7.jpg 1040w\" data-lazy-sizes=\"(max-width: 1024px) 100vw, 1024px\" \/><\/a><\/figure>\n<p>\u00abNos encontramos con un equipo armado, muy bien entrenado, con muchas ganas y con un muy buen clima, que es lo que m\u00e1s me interesa tambi\u00e9n; creo que vamos a hacer un muy buen torneo, donde las expectativas, primero la m\u00eda en particular, que es la primera vez que voy a dirigir el torneo y en segundo lugar la cuesti\u00f3n del equipo, creo yo que estamos muy bien preparados y tenemos con qu\u00e9, tenemos muy buen material de un equipo amplio y con muchas ganas de jugar\u00bb, finalizando Cristaldo, \u00aby vuelvo a repetir el gran trabajo dirigencial de poder conseguir la oportunidad de competir.<\/p>\n<p>Por su parte, Facundo G\u00f3mez Brocal, jugador perimetral y de jerarqu\u00eda que vuelve a la instituci\u00f3n salesiana luego de su paso por el b\u00e1squet paraguayo como entrenador y jugador, celebr\u00f3 \u00abvolver a un club que siempre me recibi\u00f3 bien, siempre me recibi\u00f3 bien y de volver a competir a un nivel como el que va a ser este torneo, porque en el armado de los equipos te est\u00e1s dando cuenta que va a ser un torneo de alto nivel, de buenos jugadores y hay algo que yo siempre trato de recalcar y que se est\u00e1 dando mucho en este torneo que es que muchos equipos se est\u00e1n armando con jugadores que salieron de sus inferiores y eso no es un dato menor porque el nivel del torneo lo ponen los jugadores y que cada equipo tenga jugadores de su cantera demuestra que el b\u00e1squet ac\u00e1 de la zona de Chaco est\u00e1 en un buen momento\u00bb.<\/p>\n<p>\u00abEn lo deportivo, contento y entusiasmado, con ganas de volver al ruedo, adem\u00e1s de jugar y entrenar much\u00edsimo que es lo que para m\u00ed te garantiza resultados, m\u00e1s la suma de esfuerzos y contento tambi\u00e9n de poder jugar con mis amigos, ya que tengo varios amigos en el equipo y tengo mi familia que siempre me apoya; entonces que mejor que en casa ser\u00eda\u00bb, remarc\u00f3 G\u00f3mez Brocal.<\/p>\n<p>Finalmente, el jugador m\u00e1s experimentado del equipo y con su goleo caracter\u00edstico, Marcos Gauna, manifest\u00f3 que \u00abcomo equipo estoy muy entusiasmado y m\u00e1s a\u00fan con la vuelta de Facu G\u00f3mez Brocal, donde con este mes de entrenamiento que tuvimos estoy viendo otro Don Bosco, sabemos que la primera mitad del a\u00f1o no dejamos una buena imagen y estoy seguro que recuperamos esas ganas y ese hambre de ganar\u00bb.<\/p>\n<p>\u00abCon respecto a lo personal me siento bien y con muchas ganas de jugar, m\u00e1s aun sabiendo que si o si a fin de a\u00f1o dejo el b\u00e1squet y lo quiero disfrutar\u00bb, concluy\u00f3 el alero experimentado, Marcos Gauna.<\/p>\n<p><img loading=\"lazy\" decoding=\"async\" class=\" wp-image-11993 aligncenter\" src=\"https:\/\/www.sportchaco.com.ar\/wp-content\/uploads\/2024\/07\/CHACO-JUEGA-BANNERS-1_200X200-1-1.gif\" alt=\"\" width=\"271\" height=\"271\" \/><\/p>\n","protected":false},"excerpt":{"rendered":"<p>06-08-2024 De cara al arranque del Provincial \u00abPre \u2013 Federal\u00bb 2024, el Centro Deportivo Don Bosco trabaja fuertemente en su pretemporada de cara al arranque del certamen, bajo la conducci\u00f3n de Fernando Cristaldo como entrenador, combinando trabajos t\u00e1cticos y f\u00edsicos. En este Provincial \u00abPre \u2013 Federal\u00bb 2024, Don Bosco integrar\u00e1 la zona A, junto a &hellip;<\/p>\n","protected":false},"author":3,"featured_media":12139,"comment_status":"open","ping_status":"open","sticky":false,"template":"","format":"standard","meta":{"footnotes":""},"categories":[3],"tags":[],"class_list":["post-12137","post","type-post","status-publish","format-standard","has-post-thumbnail","hentry","category-basquetbol"],"_links":{"self":[{"href":"https:\/\/www.sportchaco.com.ar\/index.php?rest_route=\/wp\/v2\/posts\/12137","targetHints":{"allow":["GET"]}}],"collection":[{"href":"https:\/\/www.sportchaco.com.ar\/index.php?rest_route=\/wp\/v2\/posts"}],"about":[{"href":"https:\/\/www.sportchaco.com.ar\/index.php?rest_route=\/wp\/v2\/types\/post"}],"author":[{"embeddable":true,"href":"https:\/\/www.sportchaco.com.ar\/index.php?rest_route=\/wp\/v2\/users\/3"}],"replies":[{"embeddable":true,"href":"https:\/\/www.sportchaco.com.ar\/index.php?rest_route=%2Fwp%2Fv2%2Fcomments&post=12137"}],"version-history":[{"count":1,"href":"https:\/\/www.sportchaco.com.ar\/index.php?rest_route=\/wp\/v2\/posts\/12137\/revisions"}],"predecessor-version":[{"id":12138,"href":"https:\/\/www.sportchaco.com.ar\/index.php?rest_route=\/wp\/v2\/posts\/12137\/revisions\/12138"}],"wp:featuredmedia":[{"embeddable":true,"href":"https:\/\/www.sportchaco.com.ar\/index.php?rest_route=\/wp\/v2\/media\/12139"}],"wp:attachment":[{"href":"https:\/\/www.sportchaco.com.ar\/index.php?rest_route=%2Fwp%2Fv2%2Fmedia&parent=12137"}],"wp:term":[{"taxonomy":"category","embeddable":true,"href":"https:\/\/www.sportchaco.com.ar\/index.php?rest_route=%2Fwp%2Fv2%2Fcategories&post=12137"},{"taxonomy":"post_tag","embeddable":true,"href":"https:\/\/www.sportchaco.com.ar\/index.php?rest_route=%2Fwp%2Fv2%2Ftags&post=12137"}],"curies":[{"name":"wp","href":"https:\/\/api.w.org\/{rel}","templated":true}]}}