{"id":12140,"date":"2024-08-06T18:50:19","date_gmt":"2024-08-06T21:50:19","guid":{"rendered":"https:\/\/www.sportchaco.com.ar\/?p=12140"},"modified":"2024-08-09T12:18:48","modified_gmt":"2024-08-09T15:18:48","slug":"el-viernes-comenzara-la-fecha-que-puede-coronar-a-defensores","status":"publish","type":"post","link":"https:\/\/www.sportchaco.com.ar\/?p=12140","title":{"rendered":"El viernes comenzar\u00e1 la fecha que puede coronar a Defensores"},"content":{"rendered":"<p><strong>06-08-2024<\/strong><\/p>\n<p><img loading=\"lazy\" decoding=\"async\" class=\" wp-image-9468 aligncenter\" src=\"https:\/\/www.sportchaco.com.ar\/wp-content\/uploads\/2024\/05\/Nachec-728x90-2-300x37.gif\" alt=\"\" width=\"316\" height=\"39\" \/><\/p>\n<p>Los dirigentes de la Liga Chaque\u00f1a de F\u00fatbol dieron a conocer el cronograma de partidos para la 16\u00aa fecha del campeonato de Primera Divisi\u00f3n. Habr\u00e1 actividad los d\u00edas viernes, s\u00e1bado, domingo y martes.<\/p>\n<p>En dicha jornada se podr\u00eda dar la consagraci\u00f3n de Defensores de Vilelas que estar\u00e1 recibiendo a San Mart\u00edn de Margarita Bel\u00e9n el s\u00e1bado desde las 15:30 en el Pedro \u00abporoto\u00bb \u00c1lvarez.<\/p>\n<p>Si el \u00abverde\u00bb consigue un triunfo ser\u00e1 campe\u00f3n ya que Sarmiento, su inmediato perseguidor, tendr\u00e1 fecha libre. El equipo de Barbona lleva 14 puntos de ventaja, podr\u00eda sacarle 17 al \u00abdecano\u00bb y tan solo quedar\u00edan por jugarse 15 m\u00e1s hasta el final del torneo.<\/p>\n<p><b>TODA LA 16\u00aa FECHA<\/b><br \/>\n<b>Viernes 09-08<\/b><br \/>\nA las 15.30, For Ever &#8211; Rcia. Central, en Fontana<br \/>\nA las 15.30, Bancarios &#8211; Regional<br \/>\nA las 15.30, Central Norte &#8211; Juventud, en Estudiantes<br \/>\nA las 18, Central Ben\u00edtez &#8211; Fontana<br \/>\nA las 21, CUNE &#8211; Estudiantes, en Bancarios<br \/>\nA las 21, Municipal (MB) &#8211; El Nacional<\/p>\n<p><b>S\u00e1bado 10-08<\/b><br \/>\nA las 15.30, Defensores &#8211; San Mart\u00edn (MB)<\/p>\n<p><b>Domingo 11-08<\/b><br \/>\nA las 16, Dep. Itat\u00ed &#8211; Dep. Zona Sur, en V\u00e9lez<\/p>\n<p><b>Martes 13-08<\/b><br \/>\nA las 15.30, Villa Alvear &#8211; San Fernando<br \/>\nA las 15.30, Policiales &#8211; Don Orione, en V\u00e9lez<\/p>\n<p><strong>Libre:<\/strong> Sarmiento<\/p>\n<p><b>POSICIONES<\/b><br \/>\nDefensores 43<br \/>\nSarmiento 29<br \/>\nFontana 25<br \/>\nSan Mart\u00edn (MB) 23<br \/>\nDep. Itat\u00ed 22<br \/>\nRegional 21<br \/>\nEstudiantes 20<br \/>\nDon Orione 20<br \/>\nPoliciales 20<br \/>\nMunicipal (MB) 19<br \/>\nBancarios 19<br \/>\nJuventud 18<br \/>\nVilla Alvear 17<br \/>\nCUNE 17<br \/>\nFor Ever 17<br \/>\nCentral Norte 16<br \/>\nRcia. Central 15<br \/>\nEl Nacional 14<br \/>\nSan Fernando 11<br \/>\nCentral Ben\u00edtez 11<br \/>\nDep. Zona Sur 11<\/p>\n<p><b>PROMEDIOS<\/b><br \/>\n01. Fontana (164\/84) 1.952<br \/>\n02. Defensores (162\/85) 1.905<br \/>\n03. Rcia. Central (158\/84) 1.880<br \/>\n04. Sarmiento (149\/85) 1.752<br \/>\n05. For Ever (138\/84) 1.642<br \/>\n06. Dep. Itat\u00ed (22\/14) 1.571<br \/>\n07. Regional (131\/84) 1.559<br \/>\n08. Don Orione (131\/85) 1.541<br \/>\n09. Policiales (84\/56) 1.500<br \/>\n10. Estudiantes (122\/84) 1.452<br \/>\n11. Juventud (120\/84) 1.428<br \/>\n12. Municipal (MB) (19\/14) 1.357<br \/>\n13. Bancarios (114\/84) 1.357<br \/>\n14. Central Norte (108\/84) 1.285<br \/>\n15. Villa Alvear (109\/85) 1.282<br \/>\n16. San Mart\u00edn (106\/84) 1.261<br \/>\n17. CUNE (103\/84) 1.226<br \/>\n18. El Nacional (100\/85) 1.176<br \/>\n19. Central Ben\u00edtez (64\/56) 1.142<br \/>\n20. San Fernando (80\/84) 0.952<br \/>\n21. Dep. Zona Sur (11\/15) 0.733<br \/>\n<em>Nota: descienden los que terminen en las posiciones 20 y 21.<\/em><\/p>\n<p><img loading=\"lazy\" decoding=\"async\" class=\" wp-image-9671 aligncenter\" src=\"https:\/\/www.sportchaco.com.ar\/wp-content\/uploads\/2024\/05\/Nachec1-200x200-1.gif\" alt=\"\" width=\"220\" height=\"220\" \/><\/p>\n","protected":false},"excerpt":{"rendered":"<p>06-08-2024 Los dirigentes de la Liga Chaque\u00f1a de F\u00fatbol dieron a conocer el cronograma de partidos para la 16\u00aa fecha del campeonato de Primera Divisi\u00f3n. Habr\u00e1 actividad los d\u00edas viernes, s\u00e1bado, domingo y martes. En dicha jornada se podr\u00eda dar la consagraci\u00f3n de Defensores de Vilelas que estar\u00e1 recibiendo a San Mart\u00edn de Margarita Bel\u00e9n &hellip;<\/p>\n","protected":false},"author":3,"featured_media":11271,"comment_status":"open","ping_status":"open","sticky":false,"template":"","format":"standard","meta":{"footnotes":""},"categories":[5],"tags":[],"class_list":["post-12140","post","type-post","status-publish","format-standard","has-post-thumbnail","hentry","category-futbol"],"_links":{"self":[{"href":"https:\/\/www.sportchaco.com.ar\/index.php?rest_route=\/wp\/v2\/posts\/12140","targetHints":{"allow":["GET"]}}],"collection":[{"href":"https:\/\/www.sportchaco.com.ar\/index.php?rest_route=\/wp\/v2\/posts"}],"about":[{"href":"https:\/\/www.sportchaco.com.ar\/index.php?rest_route=\/wp\/v2\/types\/post"}],"author":[{"embeddable":true,"href":"https:\/\/www.sportchaco.com.ar\/index.php?rest_route=\/wp\/v2\/users\/3"}],"replies":[{"embeddable":true,"href":"https:\/\/www.sportchaco.com.ar\/index.php?rest_route=%2Fwp%2Fv2%2Fcomments&post=12140"}],"version-history":[{"count":3,"href":"https:\/\/www.sportchaco.com.ar\/index.php?rest_route=\/wp\/v2\/posts\/12140\/revisions"}],"predecessor-version":[{"id":12214,"href":"https:\/\/www.sportchaco.com.ar\/index.php?rest_route=\/wp\/v2\/posts\/12140\/revisions\/12214"}],"wp:featuredmedia":[{"embeddable":true,"href":"https:\/\/www.sportchaco.com.ar\/index.php?rest_route=\/wp\/v2\/media\/11271"}],"wp:attachment":[{"href":"https:\/\/www.sportchaco.com.ar\/index.php?rest_route=%2Fwp%2Fv2%2Fmedia&parent=12140"}],"wp:term":[{"taxonomy":"category","embeddable":true,"href":"https:\/\/www.sportchaco.com.ar\/index.php?rest_route=%2Fwp%2Fv2%2Fcategories&post=12140"},{"taxonomy":"post_tag","embeddable":true,"href":"https:\/\/www.sportchaco.com.ar\/index.php?rest_route=%2Fwp%2Fv2%2Ftags&post=12140"}],"curies":[{"name":"wp","href":"https:\/\/api.w.org\/{rel}","templated":true}]}}