{"id":12160,"date":"2024-08-07T17:52:38","date_gmt":"2024-08-07T20:52:38","guid":{"rendered":"https:\/\/www.sportchaco.com.ar\/?p=12160"},"modified":"2024-08-07T17:52:38","modified_gmt":"2024-08-07T20:52:38","slug":"espanola-vuelve-al-ruedo-en-el-provincial-con-un-equipo-joven","status":"publish","type":"post","link":"https:\/\/www.sportchaco.com.ar\/?p=12160","title":{"rendered":"Espa\u00f1ola vuelve al ruedo en el Provincial con un equipo joven"},"content":{"rendered":"<p><strong>07-08-2024<\/strong><\/p>\n<p><img loading=\"lazy\" decoding=\"async\" class=\" wp-image-11990 aligncenter\" src=\"https:\/\/www.sportchaco.com.ar\/wp-content\/uploads\/2024\/07\/Copy-of-CHACO-JUEGA-BANNERS-1_1200X200-1-300x50.gif\" alt=\"\" width=\"384\" height=\"64\" srcset=\"https:\/\/www.sportchaco.com.ar\/wp-content\/uploads\/2024\/07\/Copy-of-CHACO-JUEGA-BANNERS-1_1200X200-1-300x50.gif 300w, https:\/\/www.sportchaco.com.ar\/wp-content\/uploads\/2024\/07\/Copy-of-CHACO-JUEGA-BANNERS-1_1200X200-1-1024x171.gif 1024w, https:\/\/www.sportchaco.com.ar\/wp-content\/uploads\/2024\/07\/Copy-of-CHACO-JUEGA-BANNERS-1_1200X200-1-768x128.gif 768w\" sizes=\"auto, (max-width: 384px) 100vw, 384px\" \/><\/p>\n<p>De cara al arranque del pr\u00f3ximo Provincial \u201cPre \u2013 Federal\u201d, Espa\u00f1ola de Charata se encuentra trabajando fuertemente en la pretemporada, donde la base es un equipo joven que hace tres semanas viene realizando trabajos f\u00edsicos y t\u00e1cticos de cara al arranque de la competencia oficial provincial que ser\u00e1 el 9 de agosto.<\/p>\n<p>Espa\u00f1ola de Charata, en este Provincial \u201cPre \u2013 Federal\u201d de Mayores integrar\u00e1 la zona B junto a JUVA (Villa \u00c1ngela), Pinedo Central (General Pinedo), Cultural (Santa Sylvina), Regatas, Cune e Hind\u00fa (estos \u00faltimos tres de Resistencia). El debut ser\u00e1 el domingo 11 ante el elenco sylvinense como local.<\/p>\n<p>El combinado charatense conducido por Claudio Sollberg, est\u00e1 conformado por jugadores que disputaron el Asociativo del Sudoeste Chaque\u00f1o, sum\u00e1ndose al equipo Carlos Hurtado y Rodrigo Morellini (vienen de jugar la Liga de Desarrollo con Ol\u00edmpico de La Banda), como as\u00ed tambi\u00e9n Andr\u00e9s Sollberg quien viene de jugar la \u00faltima temporada de la Liga Federal en Jujuy. Adem\u00e1s se sumaron jugadores de Social de Las Bre\u00f1as como Cristian Carabajal, Lucas Valtkincoff y Bruno Buralli.<\/p>\n<p>El resto del equipo lo integran Marcos \u00c1lvarez, Lucas Camnasio, Javier Loto, Franco Lucero, Nicol\u00e1s Cequeira y Mart\u00edn Arrudi (todas fichas Mayores). En tanto que las fichas U21 ser\u00e1n Marko Pikaluk, Andr\u00e9s Sollberg, Rodrigo Morellini y Carlos Hurtado. Mientras que las fichas menores ser\u00e1n Facundo Sollberg, Bruno Buralli, Francisco Galv\u00e1n, Tom\u00e1s Sgolacchia, El\u00edas Leguizam\u00f3n, Mart\u00edn Rodr\u00edguez, Ian Juszczuk, Bautista Ju\u00e1rez y Agust\u00edn Stachiotti.<\/p>\n<p>\u201cEstamos trabajando hace tres semanas y la idea que tenemos es volver a impulsar el b\u00e1squet en el club\u201d, expres\u00f3 el reconocido y experimentado jugador, Claudio Sollberg.<\/p>\n<p><img loading=\"lazy\" decoding=\"async\" class=\" wp-image-11989 aligncenter\" src=\"https:\/\/www.sportchaco.com.ar\/wp-content\/uploads\/2024\/07\/CHACO-JUEGA-BANNERS-1_1080X1350-1-240x300.gif\" alt=\"\" width=\"284\" height=\"355\" srcset=\"https:\/\/www.sportchaco.com.ar\/wp-content\/uploads\/2024\/07\/CHACO-JUEGA-BANNERS-1_1080X1350-1-240x300.gif 240w, https:\/\/www.sportchaco.com.ar\/wp-content\/uploads\/2024\/07\/CHACO-JUEGA-BANNERS-1_1080X1350-1-819x1024.gif 819w, https:\/\/www.sportchaco.com.ar\/wp-content\/uploads\/2024\/07\/CHACO-JUEGA-BANNERS-1_1080X1350-1-768x960.gif 768w\" sizes=\"auto, (max-width: 284px) 100vw, 284px\" \/><\/p>\n","protected":false},"excerpt":{"rendered":"<p>07-08-2024 De cara al arranque del pr\u00f3ximo Provincial \u201cPre \u2013 Federal\u201d, Espa\u00f1ola de Charata se encuentra trabajando fuertemente en la pretemporada, donde la base es un equipo joven que hace tres semanas viene realizando trabajos f\u00edsicos y t\u00e1cticos de cara al arranque de la competencia oficial provincial que ser\u00e1 el 9 de agosto. Espa\u00f1ola de &hellip;<\/p>\n","protected":false},"author":3,"featured_media":12161,"comment_status":"open","ping_status":"open","sticky":false,"template":"","format":"standard","meta":{"footnotes":""},"categories":[3],"tags":[],"class_list":["post-12160","post","type-post","status-publish","format-standard","has-post-thumbnail","hentry","category-basquetbol"],"_links":{"self":[{"href":"https:\/\/www.sportchaco.com.ar\/index.php?rest_route=\/wp\/v2\/posts\/12160","targetHints":{"allow":["GET"]}}],"collection":[{"href":"https:\/\/www.sportchaco.com.ar\/index.php?rest_route=\/wp\/v2\/posts"}],"about":[{"href":"https:\/\/www.sportchaco.com.ar\/index.php?rest_route=\/wp\/v2\/types\/post"}],"author":[{"embeddable":true,"href":"https:\/\/www.sportchaco.com.ar\/index.php?rest_route=\/wp\/v2\/users\/3"}],"replies":[{"embeddable":true,"href":"https:\/\/www.sportchaco.com.ar\/index.php?rest_route=%2Fwp%2Fv2%2Fcomments&post=12160"}],"version-history":[{"count":1,"href":"https:\/\/www.sportchaco.com.ar\/index.php?rest_route=\/wp\/v2\/posts\/12160\/revisions"}],"predecessor-version":[{"id":12162,"href":"https:\/\/www.sportchaco.com.ar\/index.php?rest_route=\/wp\/v2\/posts\/12160\/revisions\/12162"}],"wp:featuredmedia":[{"embeddable":true,"href":"https:\/\/www.sportchaco.com.ar\/index.php?rest_route=\/wp\/v2\/media\/12161"}],"wp:attachment":[{"href":"https:\/\/www.sportchaco.com.ar\/index.php?rest_route=%2Fwp%2Fv2%2Fmedia&parent=12160"}],"wp:term":[{"taxonomy":"category","embeddable":true,"href":"https:\/\/www.sportchaco.com.ar\/index.php?rest_route=%2Fwp%2Fv2%2Fcategories&post=12160"},{"taxonomy":"post_tag","embeddable":true,"href":"https:\/\/www.sportchaco.com.ar\/index.php?rest_route=%2Fwp%2Fv2%2Ftags&post=12160"}],"curies":[{"name":"wp","href":"https:\/\/api.w.org\/{rel}","templated":true}]}}