{"id":12163,"date":"2024-08-07T17:55:57","date_gmt":"2024-08-07T20:55:57","guid":{"rendered":"https:\/\/www.sportchaco.com.ar\/?p=12163"},"modified":"2024-08-07T17:55:57","modified_gmt":"2024-08-07T20:55:57","slug":"sumando-jugadores-de-jerarquia-accion-buscara-dar-que-hablar-en-el-provincial","status":"publish","type":"post","link":"https:\/\/www.sportchaco.com.ar\/?p=12163","title":{"rendered":"Sumando jugadores de jerarqu\u00eda, Acci\u00f3n buscar\u00e1 dar que hablar en el Provincial"},"content":{"rendered":"<p><strong>07-08-2024<\/strong><\/p>\n<p><img loading=\"lazy\" decoding=\"async\" class=\" wp-image-9468 aligncenter\" src=\"https:\/\/www.sportchaco.com.ar\/wp-content\/uploads\/2024\/05\/Nachec-728x90-2-300x37.gif\" alt=\"\" width=\"414\" height=\"51\" \/><\/p>\n<p>De cara a lo que ser\u00e1 el arranque del Provincial \u00abPre \u2013 Federal\u00bb de Mayores 2024, Acci\u00f3n de S\u00e1enz Pe\u00f1a se encuentra trabajando fuertemente en su preparaci\u00f3n, de cara al arranque de la competencia que ser\u00e1 el pr\u00f3ximo 9 de agosto.<\/p>\n<p>En este marco, el elenco saenzpe\u00f1ense conducido por Ariel \u00c1lvarez, integrar\u00e1 la zona A junto a Italiana y H\u00e9rcules (ambos de Charata), Alvear (Villa \u00c1ngela), Don Orione (Barranqueras), Villa San Mart\u00edn y Don Bosco (ambos de Resistencia).<\/p>\n<p>El debut del elenco de la ciudad Termal ser\u00e1 el pr\u00f3ximo 9 de agosto, como local, ante su par de H\u00e9rcules de Charata, a partir de las 22 horas.<\/p>\n<p>Con respecto al armado del equipo saenzpe\u00f1ense, Acci\u00f3n entre sus fichas mayores tendr\u00e1 a Alexis Villamayor, Emanuel Fortuni, Braian Villamayor, Agust\u00edn \u00c1lvarez, David Demia\u00f1uk y Gabriel Scarano.<br \/>\nEn tanto que las fichas que llegaron son Cristian Ort\u00edz como ala\/ pivote, el base Sebasti\u00e1n Ramos y la jerarqu\u00eda de Gast\u00f3n Marozzi.<\/p>\n<p>Y las fichas juveniles ser\u00e1n Lautaro Sosa, Franco Ramucheski, Nazareno Garc\u00eda, Ignacio Rodr\u00edguez, Santiago Gauna, Leandro G\u00f3mez, Juan Cruz Ferraro, \u00c1lvaro Buralli y Juan Mart\u00edn Sobol.<\/p>\n<p><strong>Competir y hacer valer la local\u00eda<br \/>\n<\/strong>\u00abDesde ya el objetivo es competir y hacer valer la local\u00eda, donde con Gast\u00f3n Marosi dimos un salto de calidad importante para ese objetivo\u00bb, expres\u00f3 el entrenador Ariel \u00c1lvarez.<\/p>\n<p><img loading=\"lazy\" decoding=\"async\" class=\" wp-image-9671 aligncenter\" src=\"https:\/\/www.sportchaco.com.ar\/wp-content\/uploads\/2024\/05\/Nachec1-200x200-1.gif\" alt=\"\" width=\"287\" height=\"287\" \/><\/p>\n","protected":false},"excerpt":{"rendered":"<p>07-08-2024 De cara a lo que ser\u00e1 el arranque del Provincial \u00abPre \u2013 Federal\u00bb de Mayores 2024, Acci\u00f3n de S\u00e1enz Pe\u00f1a se encuentra trabajando fuertemente en su preparaci\u00f3n, de cara al arranque de la competencia que ser\u00e1 el pr\u00f3ximo 9 de agosto. En este marco, el elenco saenzpe\u00f1ense conducido por Ariel \u00c1lvarez, integrar\u00e1 la zona &hellip;<\/p>\n","protected":false},"author":3,"featured_media":12164,"comment_status":"open","ping_status":"open","sticky":false,"template":"","format":"standard","meta":{"footnotes":""},"categories":[3],"tags":[],"class_list":["post-12163","post","type-post","status-publish","format-standard","has-post-thumbnail","hentry","category-basquetbol"],"_links":{"self":[{"href":"https:\/\/www.sportchaco.com.ar\/index.php?rest_route=\/wp\/v2\/posts\/12163","targetHints":{"allow":["GET"]}}],"collection":[{"href":"https:\/\/www.sportchaco.com.ar\/index.php?rest_route=\/wp\/v2\/posts"}],"about":[{"href":"https:\/\/www.sportchaco.com.ar\/index.php?rest_route=\/wp\/v2\/types\/post"}],"author":[{"embeddable":true,"href":"https:\/\/www.sportchaco.com.ar\/index.php?rest_route=\/wp\/v2\/users\/3"}],"replies":[{"embeddable":true,"href":"https:\/\/www.sportchaco.com.ar\/index.php?rest_route=%2Fwp%2Fv2%2Fcomments&post=12163"}],"version-history":[{"count":1,"href":"https:\/\/www.sportchaco.com.ar\/index.php?rest_route=\/wp\/v2\/posts\/12163\/revisions"}],"predecessor-version":[{"id":12165,"href":"https:\/\/www.sportchaco.com.ar\/index.php?rest_route=\/wp\/v2\/posts\/12163\/revisions\/12165"}],"wp:featuredmedia":[{"embeddable":true,"href":"https:\/\/www.sportchaco.com.ar\/index.php?rest_route=\/wp\/v2\/media\/12164"}],"wp:attachment":[{"href":"https:\/\/www.sportchaco.com.ar\/index.php?rest_route=%2Fwp%2Fv2%2Fmedia&parent=12163"}],"wp:term":[{"taxonomy":"category","embeddable":true,"href":"https:\/\/www.sportchaco.com.ar\/index.php?rest_route=%2Fwp%2Fv2%2Fcategories&post=12163"},{"taxonomy":"post_tag","embeddable":true,"href":"https:\/\/www.sportchaco.com.ar\/index.php?rest_route=%2Fwp%2Fv2%2Ftags&post=12163"}],"curies":[{"name":"wp","href":"https:\/\/api.w.org\/{rel}","templated":true}]}}