{"id":12169,"date":"2024-08-07T18:10:41","date_gmt":"2024-08-07T21:10:41","guid":{"rendered":"https:\/\/www.sportchaco.com.ar\/?p=12169"},"modified":"2024-08-07T18:10:41","modified_gmt":"2024-08-07T21:10:41","slug":"verza-trabaja-en-un-novedoso-proyecto","status":"publish","type":"post","link":"https:\/\/www.sportchaco.com.ar\/?p=12169","title":{"rendered":"Verza trabaja en un novedoso proyecto"},"content":{"rendered":"<p><strong>07-08-2024<\/strong><\/p>\n<p><img loading=\"lazy\" decoding=\"async\" class=\" wp-image-6730 aligncenter\" src=\"https:\/\/www.sportchaco.com.ar\/wp-content\/uploads\/2024\/03\/aviso-colegios-acostado-1-300x50.jpg\" alt=\"\" width=\"390\" height=\"65\" srcset=\"https:\/\/www.sportchaco.com.ar\/wp-content\/uploads\/2024\/03\/aviso-colegios-acostado-1-300x50.jpg 300w, https:\/\/www.sportchaco.com.ar\/wp-content\/uploads\/2024\/03\/aviso-colegios-acostado-1-1024x171.jpg 1024w, https:\/\/www.sportchaco.com.ar\/wp-content\/uploads\/2024\/03\/aviso-colegios-acostado-1-768x128.jpg 768w, https:\/\/www.sportchaco.com.ar\/wp-content\/uploads\/2024\/03\/aviso-colegios-acostado-1.jpg 1200w\" sizes=\"auto, (max-width: 390px) 100vw, 390px\" \/><\/p>\n<p>Se corri\u00f3 la segunda fecha del Desaf\u00edo Ansenuza Raid Raid en San Francisco del Monte de Oro, y all\u00ed el chaque\u00f1o Carlos Verza -que marcha 4\u00ba en la categor\u00eda Quads en este campeonato- mantuvo su posici\u00f3n al finalizar los dos d\u00edas de carrera.<\/p>\n<p>En di\u00e1logo con los medios, el piloto expres\u00f3 que \u00abfue un fin de semana tremendo con muchos kil\u00f3metros; un total de 560 kil\u00f3metros de Rally Raid, donde los m\u00e1s de 60 participantes tuvimos de todo: caminos muy r\u00e1pidos, r\u00edo seco, piedras y es bueno porque se compite, tambi\u00e9n se navega que es lo esencial en los rallys, ya que cuando dejas de competir enseguida la navegaci\u00f3n se te pone lejos, te empez\u00e1s a poner lento\u00bb.<\/p>\n<p>Verza tambi\u00e9n habl\u00f3 de su futuro para el Dakar 2025. Al respecto coment\u00f3 que arranc\u00f3 este a\u00f1o trabajando con el proyecto para estar compitiendo con el cuatriciclo, pero la ASO organizadora informo que ya la categor\u00eda Quads no ser\u00e1 m\u00e1s de la partida, quedo eliminada del Dakar lo que para el Yaguaret\u00e9 y los dem\u00e1s corredores en los cuatris fue un golpe muy duro en todos los aspectos. Asimismo, expres\u00f3: \u00abCon m\u00e1s de diez a\u00f1os entrenando y compitiendo sobre el cuatriciclo, fue un golpe fuerte saber que el veh\u00edculo no va a poder competir m\u00e1s dentro del rally\u00bb.<\/p>\n<p>En vista al Dakar, el piloto-mec\u00e1nico chaque\u00f1o dio una primicia: \u00abArranqu\u00e9 con un nuevo proyecto, s\u00e9 que tengo que innovar y pronto van a saber de mi nueva m\u00e1quina de competencia, mi nuevo proyecto para el Rally Dakar que ser\u00e1 presentado en el Chaco una vez que est\u00e9 listo este nuevo proyecto muy innovador y ah\u00ed los chaque\u00f1os se enterar\u00e1n de qu\u00e9 es lo que va pasar con el futuro de Carlos Verza en el Dakar\u00bb.<\/p>\n<p>Finalmente, el piloto saenzpe\u00f1ense agradeci\u00f3 \u00aba los sponsors, en un a\u00f1o muy complicado con tantos cambios, los sponsors es algo fundamental para poder seguir estando no solo compitiendo en distintas partes del pa\u00eds llevando la bandera del Chaco\u00bb.<\/p>\n<p>El pr\u00f3ximo fin de semana, el 9, 10 y 11 pr\u00f3ximos se corre la 3\u00aa fecha del Cross Country Mendocino General Alvear, organizado por La Encrucijada Rally Cross Country y ah\u00ed el chaque\u00f1o estar\u00e1 corriendo con una camioneta.<\/p>\n<p>\u00abTengo que agradecer al Instituto del Deporte, a mi sponsor particular como Supermercado El Arriero, un sin n\u00famero de gente que hacen posible que yo pueda estar activo en todo lo que es el desarrollo de este nuevo proyecto innovador y las competencias en las cuales estoy presente, que si no fuese por la Ley de Esponzorizaci\u00f3n y el acompa\u00f1amiento del Instituto del Deporte de nuestra provincia, a trav\u00e9s del gobierno del Chaco, uno puede so\u00f1ar o proyectar; m\u00e1s en estos tiempos creo que es fundamental contar con el apoyo oficial\u00bb, finaliz\u00f3 el Yaguaret\u00e9 Carlos Verza.<\/p>\n<p><em><strong>Fuente: Diario La Voz del Chaco<\/strong><\/em><\/p>\n<p><img loading=\"lazy\" decoding=\"async\" class=\" wp-image-11993 aligncenter\" src=\"https:\/\/www.sportchaco.com.ar\/wp-content\/uploads\/2024\/07\/CHACO-JUEGA-BANNERS-1_200X200-1-1.gif\" alt=\"\" width=\"267\" height=\"267\" \/><\/p>\n","protected":false},"excerpt":{"rendered":"<p>07-08-2024 Se corri\u00f3 la segunda fecha del Desaf\u00edo Ansenuza Raid Raid en San Francisco del Monte de Oro, y all\u00ed el chaque\u00f1o Carlos Verza -que marcha 4\u00ba en la categor\u00eda Quads en este campeonato- mantuvo su posici\u00f3n al finalizar los dos d\u00edas de carrera. En di\u00e1logo con los medios, el piloto expres\u00f3 que \u00abfue un &hellip;<\/p>\n","protected":false},"author":3,"featured_media":12170,"comment_status":"open","ping_status":"open","sticky":false,"template":"","format":"standard","meta":{"footnotes":""},"categories":[49],"tags":[],"class_list":["post-12169","post","type-post","status-publish","format-standard","has-post-thumbnail","hentry","category-rally"],"_links":{"self":[{"href":"https:\/\/www.sportchaco.com.ar\/index.php?rest_route=\/wp\/v2\/posts\/12169","targetHints":{"allow":["GET"]}}],"collection":[{"href":"https:\/\/www.sportchaco.com.ar\/index.php?rest_route=\/wp\/v2\/posts"}],"about":[{"href":"https:\/\/www.sportchaco.com.ar\/index.php?rest_route=\/wp\/v2\/types\/post"}],"author":[{"embeddable":true,"href":"https:\/\/www.sportchaco.com.ar\/index.php?rest_route=\/wp\/v2\/users\/3"}],"replies":[{"embeddable":true,"href":"https:\/\/www.sportchaco.com.ar\/index.php?rest_route=%2Fwp%2Fv2%2Fcomments&post=12169"}],"version-history":[{"count":1,"href":"https:\/\/www.sportchaco.com.ar\/index.php?rest_route=\/wp\/v2\/posts\/12169\/revisions"}],"predecessor-version":[{"id":12171,"href":"https:\/\/www.sportchaco.com.ar\/index.php?rest_route=\/wp\/v2\/posts\/12169\/revisions\/12171"}],"wp:featuredmedia":[{"embeddable":true,"href":"https:\/\/www.sportchaco.com.ar\/index.php?rest_route=\/wp\/v2\/media\/12170"}],"wp:attachment":[{"href":"https:\/\/www.sportchaco.com.ar\/index.php?rest_route=%2Fwp%2Fv2%2Fmedia&parent=12169"}],"wp:term":[{"taxonomy":"category","embeddable":true,"href":"https:\/\/www.sportchaco.com.ar\/index.php?rest_route=%2Fwp%2Fv2%2Fcategories&post=12169"},{"taxonomy":"post_tag","embeddable":true,"href":"https:\/\/www.sportchaco.com.ar\/index.php?rest_route=%2Fwp%2Fv2%2Ftags&post=12169"}],"curies":[{"name":"wp","href":"https:\/\/api.w.org\/{rel}","templated":true}]}}