{"id":12222,"date":"2024-08-09T21:08:44","date_gmt":"2024-08-10T00:08:44","guid":{"rendered":"https:\/\/www.sportchaco.com.ar\/?p=12222"},"modified":"2024-08-13T18:41:11","modified_gmt":"2024-08-13T21:41:11","slug":"se-suspendio-la-revancha-entre-cultural-y-potreros","status":"publish","type":"post","link":"https:\/\/www.sportchaco.com.ar\/?p=12222","title":{"rendered":"Se suspendi\u00f3 la revancha entre Cultural y Potrero"},"content":{"rendered":"<p><strong>09-08-2024<\/strong><\/p>\n<p><img loading=\"lazy\" decoding=\"async\" class=\" wp-image-9468 aligncenter\" src=\"https:\/\/www.sportchaco.com.ar\/wp-content\/uploads\/2024\/05\/Nachec-728x90-2-300x37.gif\" alt=\"\" width=\"373\" height=\"46\" \/><\/p>\n<p>El arribo de grupos numerosos de manifestantes de distintas poblaciones del Departamento G\u00fcemes en Juan Jos\u00e9 Castelli, gener\u00f3 que la polic\u00eda concentre su energ\u00eda all\u00ed y condicione la disputa del partido entre Sportivo Cultural y Potrero, revancha correspondiente a la final de la Zona Oeste del Torneo Federativo que deb\u00eda jugarse el domingo.<\/p>\n<p>Desde la Direcci\u00f3n Zona Interior Castelli de la Polic\u00eda del Chaco informaron a directivos del Club Sportivo Cultural que no est\u00e1n en condiciones de ofrecer seguridad en el encuentro deportivo por la movilizaci\u00f3n de agrupaciones sociales que se ha producido.<\/p>\n<p>Es que en las \u00faltimas horas se concret\u00f3 una masiva movilizaci\u00f3n \u201cContra el hambre\u201d desde distintos pueblos de esa parte de la provincia y todo indica que se quedar\u00e1n varios d\u00edas en Juan Jos\u00e9 Castelli. Esa situaci\u00f3n demandar\u00e1 un gran operativo policial y como consecuencia no se podr\u00e1 brindar el servicio al partido revancha entre Cultural y Potrero.<\/p>\n<p>La Federaci\u00f3n Chaque\u00f1a de F\u00fatbol fue notificada sobre la situaci\u00f3n y confirm\u00f3 la suspensi\u00f3n del partido, que tendr\u00e1 que pasar a reprogramaci\u00f3n en Castelli o en otra localidad.<\/p>\n<p><em><strong>Foto: El Cl\u00e1sico SP<\/strong><\/em><\/p>\n<p><img loading=\"lazy\" decoding=\"async\" class=\" wp-image-9671 aligncenter\" src=\"https:\/\/www.sportchaco.com.ar\/wp-content\/uploads\/2024\/05\/Nachec1-200x200-1.gif\" alt=\"\" width=\"261\" height=\"261\" \/><\/p>\n","protected":false},"excerpt":{"rendered":"<p>09-08-2024 El arribo de grupos numerosos de manifestantes de distintas poblaciones del Departamento G\u00fcemes en Juan Jos\u00e9 Castelli, gener\u00f3 que la polic\u00eda concentre su energ\u00eda all\u00ed y condicione la disputa del partido entre Sportivo Cultural y Potrero, revancha correspondiente a la final de la Zona Oeste del Torneo Federativo que deb\u00eda jugarse el domingo. Desde &hellip;<\/p>\n","protected":false},"author":3,"featured_media":12223,"comment_status":"open","ping_status":"open","sticky":false,"template":"","format":"standard","meta":{"footnotes":""},"categories":[5],"tags":[],"class_list":["post-12222","post","type-post","status-publish","format-standard","has-post-thumbnail","hentry","category-futbol"],"_links":{"self":[{"href":"https:\/\/www.sportchaco.com.ar\/index.php?rest_route=\/wp\/v2\/posts\/12222","targetHints":{"allow":["GET"]}}],"collection":[{"href":"https:\/\/www.sportchaco.com.ar\/index.php?rest_route=\/wp\/v2\/posts"}],"about":[{"href":"https:\/\/www.sportchaco.com.ar\/index.php?rest_route=\/wp\/v2\/types\/post"}],"author":[{"embeddable":true,"href":"https:\/\/www.sportchaco.com.ar\/index.php?rest_route=\/wp\/v2\/users\/3"}],"replies":[{"embeddable":true,"href":"https:\/\/www.sportchaco.com.ar\/index.php?rest_route=%2Fwp%2Fv2%2Fcomments&post=12222"}],"version-history":[{"count":2,"href":"https:\/\/www.sportchaco.com.ar\/index.php?rest_route=\/wp\/v2\/posts\/12222\/revisions"}],"predecessor-version":[{"id":12369,"href":"https:\/\/www.sportchaco.com.ar\/index.php?rest_route=\/wp\/v2\/posts\/12222\/revisions\/12369"}],"wp:featuredmedia":[{"embeddable":true,"href":"https:\/\/www.sportchaco.com.ar\/index.php?rest_route=\/wp\/v2\/media\/12223"}],"wp:attachment":[{"href":"https:\/\/www.sportchaco.com.ar\/index.php?rest_route=%2Fwp%2Fv2%2Fmedia&parent=12222"}],"wp:term":[{"taxonomy":"category","embeddable":true,"href":"https:\/\/www.sportchaco.com.ar\/index.php?rest_route=%2Fwp%2Fv2%2Fcategories&post=12222"},{"taxonomy":"post_tag","embeddable":true,"href":"https:\/\/www.sportchaco.com.ar\/index.php?rest_route=%2Fwp%2Fv2%2Ftags&post=12222"}],"curies":[{"name":"wp","href":"https:\/\/api.w.org\/{rel}","templated":true}]}}