{"id":12238,"date":"2024-08-09T23:18:29","date_gmt":"2024-08-10T02:18:29","guid":{"rendered":"https:\/\/www.sportchaco.com.ar\/?p=12238"},"modified":"2024-08-09T23:31:20","modified_gmt":"2024-08-10T02:31:20","slug":"veronica-acevedo-la-chaquena-que-competira-en-maraton-en-los-juegos-olimpicos-2024","status":"publish","type":"post","link":"https:\/\/www.sportchaco.com.ar\/?p=12238","title":{"rendered":"Ver\u00f3nica Acevedo, la chaque\u00f1a que competir\u00e1 en marat\u00f3n en los Juegos Ol\u00edmpicos 2024"},"content":{"rendered":"<nav class=\"navbar navbar-expand-xl navbar-light bg miMenu mb-4 sticky-top-desktop\">\n<div class=\"container-fluid\">\n<div id=\"navbarSupportedContent\" class=\"collapse navbar-collapse justify-content-lef\"><strong>09-08-2024<\/strong><\/div>\n<\/div>\n<\/nav>\n<section>\n<div class=\"container\">\n<div class=\"row justify-content-center align-items-center\">\n<div class=\"col-md-10 mb-4\">\n<article class=\"containerDetalle\">\n<div>\n<div><\/div>\n<p>Ver\u00f3nica Acevedo es una corredora amateur que logr\u00f3 obtener un lugar para correr la \u00abMarathon Pour Tous\u00bb en el marco de las Olimpiadas Par\u00eds 2024. Es la \u00fanica chaque\u00f1a que ingres\u00f3 al selecto grupo de casi 40 mil corredores amateurs que podr\u00e1n correr un marat\u00f3n ol\u00edmpico. Es decir, correr\u00e1n el mismo circuito que los atletas de \u00e9lite, durante los Juegos Ol\u00edmpicos de Par\u00eds 2024, el pr\u00f3ximo s\u00e1bado. \u00abEs un gran desaf\u00edo para mi teniendo en cuenta de que acabo de cumplir 50 a\u00f1os, prueba de que no hay edad\u00bb, destac\u00f3 Ver\u00f3nica en di\u00e1logo con Somos Uno<\/p>\n<p>Hace 3 a\u00f1os comenz\u00f3 a correr y jam\u00e1s se imagin\u00f3 que hoy estar\u00eda compartiendo la misma pista que otros atletas. Este lunes lleg\u00f3 a Francia y lo primero que hizo fue calzarse las zapatillas y correr hasta la Torre Eiffel. Trot\u00f3 por una hora y no pod\u00eda parar de llorar de la emoci\u00f3n.<\/p>\n<p>La \u00abmarat\u00f3n pour Tous\u00bb se llevar\u00e1 a cabo el 10 de agosto, y el recorrido ser\u00e1 el mismo que el de los atletas profesionales. La carrera se realiza durante la noche parisina y comenzar\u00e1 a las 21 de Francia (16 horas en Argentina).<\/p>\n<p><img loading=\"lazy\" decoding=\"async\" class=\"alignnone size-full wp-image-11993 aligncenter\" src=\"https:\/\/www.sportchaco.com.ar\/wp-content\/uploads\/2024\/07\/CHACO-JUEGA-BANNERS-1_200X200-1-1.gif\" alt=\"\" width=\"200\" height=\"200\" \/><\/p>\n<\/div>\n<\/article>\n<\/div>\n<\/div>\n<\/div>\n<\/section>\n<p>&nbsp;<\/p>\n","protected":false},"excerpt":{"rendered":"<p>09-08-2024 Ver\u00f3nica Acevedo es una corredora amateur que logr\u00f3 obtener un lugar para correr la \u00abMarathon Pour Tous\u00bb en el marco de las Olimpiadas Par\u00eds 2024. Es la \u00fanica chaque\u00f1a que ingres\u00f3 al selecto grupo de casi 40 mil corredores amateurs que podr\u00e1n correr un marat\u00f3n ol\u00edmpico. Es decir, correr\u00e1n el mismo circuito que los &hellip;<\/p>\n","protected":false},"author":2,"featured_media":12239,"comment_status":"open","ping_status":"open","sticky":false,"template":"","format":"standard","meta":{"footnotes":""},"categories":[68],"tags":[],"class_list":["post-12238","post","type-post","status-publish","format-standard","has-post-thumbnail","hentry","category-juegos-olimpicos"],"_links":{"self":[{"href":"https:\/\/www.sportchaco.com.ar\/index.php?rest_route=\/wp\/v2\/posts\/12238","targetHints":{"allow":["GET"]}}],"collection":[{"href":"https:\/\/www.sportchaco.com.ar\/index.php?rest_route=\/wp\/v2\/posts"}],"about":[{"href":"https:\/\/www.sportchaco.com.ar\/index.php?rest_route=\/wp\/v2\/types\/post"}],"author":[{"embeddable":true,"href":"https:\/\/www.sportchaco.com.ar\/index.php?rest_route=\/wp\/v2\/users\/2"}],"replies":[{"embeddable":true,"href":"https:\/\/www.sportchaco.com.ar\/index.php?rest_route=%2Fwp%2Fv2%2Fcomments&post=12238"}],"version-history":[{"count":2,"href":"https:\/\/www.sportchaco.com.ar\/index.php?rest_route=\/wp\/v2\/posts\/12238\/revisions"}],"predecessor-version":[{"id":12244,"href":"https:\/\/www.sportchaco.com.ar\/index.php?rest_route=\/wp\/v2\/posts\/12238\/revisions\/12244"}],"wp:featuredmedia":[{"embeddable":true,"href":"https:\/\/www.sportchaco.com.ar\/index.php?rest_route=\/wp\/v2\/media\/12239"}],"wp:attachment":[{"href":"https:\/\/www.sportchaco.com.ar\/index.php?rest_route=%2Fwp%2Fv2%2Fmedia&parent=12238"}],"wp:term":[{"taxonomy":"category","embeddable":true,"href":"https:\/\/www.sportchaco.com.ar\/index.php?rest_route=%2Fwp%2Fv2%2Fcategories&post=12238"},{"taxonomy":"post_tag","embeddable":true,"href":"https:\/\/www.sportchaco.com.ar\/index.php?rest_route=%2Fwp%2Fv2%2Ftags&post=12238"}],"curies":[{"name":"wp","href":"https:\/\/api.w.org\/{rel}","templated":true}]}}