{"id":12282,"date":"2024-08-11T15:38:12","date_gmt":"2024-08-11T18:38:12","guid":{"rendered":"https:\/\/www.sportchaco.com.ar\/?p=12282"},"modified":"2024-08-11T19:46:05","modified_gmt":"2024-08-11T22:46:05","slug":"cena-de-agasajo-al-plantel-campeon-de-del-apertura-de-primera-division-de-afoch","status":"publish","type":"post","link":"https:\/\/www.sportchaco.com.ar\/?p=12282","title":{"rendered":"CENA DE AGASAJO AL PLANTEL CAMPEON DE DEL APERTURA DE PRIMERA DIVISI\u00d3N DE AFOCH\u00a0"},"content":{"rendered":"<p>&nbsp;<\/p>\n<p>&nbsp;<\/p>\n<p>El s\u00e1bado por la noche, la Comisi\u00f3n Directiva del Club Comercio de Santa Sylvina, brindo una cena de agasajo a los Campeones del Torneo Apertura 2024 de Primera Divisi\u00f3n \u00abElvio Miguel Dorsch\u00bb Copa Mafre S. A.<\/p>\n<p>&nbsp;<\/p>\n<p>La oportunidad resulto propicia para distinguir la rica trayectoria en la V Azulada de los ex jugadores Sergio D\u00edaz, Diego Jones y Jonatan Marani.<\/p>\n<p>&nbsp;<\/p>\n<p>La velada tuvo lugar en el Complejo Deportivo Isidro Luis Dalmasso con la presencia de jugadores, cuerpo t\u00e9cnico, futbolistas de la d\u00e9cada de los ochenta, colaboradores, invitados especiales y periodismo.<\/p>\n<p>&nbsp;<\/p>\n<p>La cena consisti\u00f3 en chorizos, pollo, asado con cuero al horno, ensaladas y de postre la torta de los campeones.<\/p>\n<p>&nbsp;<\/p>\n<p>Luego de la misma, el Presidente Jorge Piela, el Secretario Ariel Romero y los Vocales Elsa Miranda y Juan Olmos, realizaron entrega de plaquetas recordatorias a los futbolistas qu\u00e9 supieron colgar los botines.<\/p>\n<p>&nbsp;<\/p>\n<p>A continuaci\u00f3n, se les di\u00f3 recordatorios a integrantes del plantel de la Categor\u00eda Sub 20.<\/p>\n<p>&nbsp;<\/p>\n<p>Por \u00faltimo, llego el momento de reconocer el logro obtenido por el plantel dirigido por el DT Hugo Coronel, quien estuvo ausente por cuestiones personales.<\/p>\n<p>&nbsp;<\/p>\n<p>Uno a uno, los Campeones fueron recibiendo de manos de los dirigentes un recordatorio, un cuadro del equipo y una remera alusiva al t\u00edtulo de liga de Afoch: el 14\u2070 del historial del Depor.<\/p>\n<p><img loading=\"lazy\" decoding=\"async\" class=\"alignnone  wp-image-12296\" src=\"https:\/\/www.sportchaco.com.ar\/wp-content\/uploads\/2024\/08\/comercio-1-300x225.jpg\" alt=\"\" width=\"384\" height=\"288\" srcset=\"https:\/\/www.sportchaco.com.ar\/wp-content\/uploads\/2024\/08\/comercio-1-300x225.jpg 300w, https:\/\/www.sportchaco.com.ar\/wp-content\/uploads\/2024\/08\/comercio-1-1024x768.jpg 1024w, https:\/\/www.sportchaco.com.ar\/wp-content\/uploads\/2024\/08\/comercio-1-768x576.jpg 768w, https:\/\/www.sportchaco.com.ar\/wp-content\/uploads\/2024\/08\/comercio-1-1536x1152.jpg 1536w, https:\/\/www.sportchaco.com.ar\/wp-content\/uploads\/2024\/08\/comercio-1.jpg 2048w\" sizes=\"auto, (max-width: 384px) 100vw, 384px\" \/><\/p>\n<p>El plantel Campeon se encuentra integrado por:<\/p>\n<p>Jugadores<\/p>\n<p>Alderete Mauro Hernan, Arguello Cesar Agust\u00edn, Burgos Miguel Angel, D\u00edaz Lucas Fernando, Dominguez Fausto Lionel, Farias Daniel Alejandro, Farias Ivan Gerardo, Frete Ruben Agust\u00edn, Galo Fernando Jos\u00e9, Gomenez Daniel Agust\u00edn, Leguizamon Denis, Leguizam\u00f3n Sergio Javier, Luque Gamaliel Mat\u00edas, Nu\u00f1ez Juan Carlos, Peralta Cristian Emanuel, Peralta Miguel Angel, Prado Lopez Agust\u00edn Guillermo, Quiroz Claudio Emanuel, Ramos Claudio Marcelo, Rodr\u00edguez Rodrigo Sebasti\u00e1n, Rolon Augusto, Santillan Angel Luis, Sandoval Lucas Yael, Soto Carlos Alejandro, Soto Cristian Alejandro, Tevez Daniel Andres, Villalba Elias Javier Zacarias Lucas Mat\u00edas y Zacarias Milton Dami\u00e1n.<\/p>\n<p>&nbsp;<\/p>\n<p>Cuerpo T\u00e9cnico<\/p>\n<p>DT Coronel Hugo Cesar<\/p>\n<p>AC Ch\u00e1vez Javier Alejandro<\/p>\n<p>PF Sudarich Diego German<\/p>\n<p>PF Gonzalez Dante Ariel<\/p>\n<p>PA Perono Norberto Osvaldo<\/p>\n<p>Utilero Acevedo Daniel<\/p>\n<p>Masajista Francisco Torres.<\/p>\n<p>&nbsp;<\/p>\n<p>Tambi\u00e9n se reconoci\u00f3 la labor de los camilleros: Jos\u00e9 \u00abFito\u00bb Ruiz y Jos\u00e9 \u00abProfe\u00bb Ramirez.<\/p>\n<p>&nbsp;<\/p>\n<p>El f\u00fatbol de primera divisi\u00f3n de la instituci\u00f3n depende directamente de la CD siendo sus nexos los Vocales Elsa Miranda y Juan Olmos, quienes cuentan con un grupo de colaboradores.<\/p>\n<p>&nbsp;<\/p>\n<p>La noche culmin\u00f3 con un bailable y cotill\u00f3n.<\/p>\n<p>&nbsp;<\/p>\n<p>Informe Daniel Pero\u00f1a.<\/p>\n<p style=\"text-align: center;\"><img loading=\"lazy\" decoding=\"async\" class=\"alignnone size-full wp-image-11993\" src=\"https:\/\/www.sportchaco.com.ar\/wp-content\/uploads\/2024\/07\/CHACO-JUEGA-BANNERS-1_200X200-1-1.gif\" alt=\"\" width=\"200\" height=\"200\" \/><\/p>\n","protected":false},"excerpt":{"rendered":"<p>&nbsp; &nbsp; El s\u00e1bado por la noche, la Comisi\u00f3n Directiva del Club Comercio de Santa Sylvina, brindo una cena de agasajo a los Campeones del Torneo Apertura 2024 de Primera Divisi\u00f3n \u00abElvio Miguel Dorsch\u00bb Copa Mafre S. A. &nbsp; La oportunidad resulto propicia para distinguir la rica trayectoria en la V Azulada de los ex &hellip;<\/p>\n","protected":false},"author":2,"featured_media":12295,"comment_status":"open","ping_status":"open","sticky":false,"template":"","format":"standard","meta":{"footnotes":""},"categories":[5],"tags":[],"class_list":["post-12282","post","type-post","status-publish","format-standard","has-post-thumbnail","hentry","category-futbol"],"_links":{"self":[{"href":"https:\/\/www.sportchaco.com.ar\/index.php?rest_route=\/wp\/v2\/posts\/12282","targetHints":{"allow":["GET"]}}],"collection":[{"href":"https:\/\/www.sportchaco.com.ar\/index.php?rest_route=\/wp\/v2\/posts"}],"about":[{"href":"https:\/\/www.sportchaco.com.ar\/index.php?rest_route=\/wp\/v2\/types\/post"}],"author":[{"embeddable":true,"href":"https:\/\/www.sportchaco.com.ar\/index.php?rest_route=\/wp\/v2\/users\/2"}],"replies":[{"embeddable":true,"href":"https:\/\/www.sportchaco.com.ar\/index.php?rest_route=%2Fwp%2Fv2%2Fcomments&post=12282"}],"version-history":[{"count":3,"href":"https:\/\/www.sportchaco.com.ar\/index.php?rest_route=\/wp\/v2\/posts\/12282\/revisions"}],"predecessor-version":[{"id":12297,"href":"https:\/\/www.sportchaco.com.ar\/index.php?rest_route=\/wp\/v2\/posts\/12282\/revisions\/12297"}],"wp:featuredmedia":[{"embeddable":true,"href":"https:\/\/www.sportchaco.com.ar\/index.php?rest_route=\/wp\/v2\/media\/12295"}],"wp:attachment":[{"href":"https:\/\/www.sportchaco.com.ar\/index.php?rest_route=%2Fwp%2Fv2%2Fmedia&parent=12282"}],"wp:term":[{"taxonomy":"category","embeddable":true,"href":"https:\/\/www.sportchaco.com.ar\/index.php?rest_route=%2Fwp%2Fv2%2Fcategories&post=12282"},{"taxonomy":"post_tag","embeddable":true,"href":"https:\/\/www.sportchaco.com.ar\/index.php?rest_route=%2Fwp%2Fv2%2Ftags&post=12282"}],"curies":[{"name":"wp","href":"https:\/\/api.w.org\/{rel}","templated":true}]}}