{"id":12318,"date":"2024-08-12T22:55:56","date_gmt":"2024-08-13T01:55:56","guid":{"rendered":"https:\/\/www.sportchaco.com.ar\/?p=12318"},"modified":"2024-08-12T23:05:29","modified_gmt":"2024-08-13T02:05:29","slug":"12318","status":"publish","type":"post","link":"https:\/\/www.sportchaco.com.ar\/?p=12318","title":{"rendered":"Efem\u00e9rides del 13 de agosto"},"content":{"rendered":"<p><strong>Esta es la Efem\u00e9rides del Deporte en el Chaco de un 13 de agosto periodista Luis Dar\u00edo Molodezky.<\/strong><\/p>\n<p><strong>\u00a0<\/strong><\/p>\n<p><img loading=\"lazy\" decoding=\"async\" class=\"alignnone size-medium wp-image-12319\" src=\"https:\/\/www.sportchaco.com.ar\/wp-content\/uploads\/2024\/08\/LUIS-40-anos-con-Jose-y-Juan-RF-scaled-e1723471064896-300x286.jpg\" alt=\"\" width=\"300\" height=\"286\" srcset=\"https:\/\/www.sportchaco.com.ar\/wp-content\/uploads\/2024\/08\/LUIS-40-anos-con-Jose-y-Juan-RF-scaled-e1723471064896-300x286.jpg 300w, https:\/\/www.sportchaco.com.ar\/wp-content\/uploads\/2024\/08\/LUIS-40-anos-con-Jose-y-Juan-RF-scaled-e1723471064896.jpg 750w\" sizes=\"auto, (max-width: 300px) 100vw, 300px\" \/><\/p>\n<p>&nbsp;<\/p>\n<p><strong>1919 <\/strong>\/ Nace en Concepci\u00f3n, Tucum\u00e1n Jorge Everardo Kistenmacher, aunque se radic\u00f3 de jovencito en el Chaco. Representando a la Federaci\u00f3n Chaque\u00f1a fue Campe\u00f3n Nacional en 110 m con vallas en 1941 y de 400 m con vallas en 1943. Fue preparador f\u00edsico del inolvidable equipo de Estudiantes de La Plata junto a Osvaldo Zubeld\u00eda. Tambi\u00e9n Pe\u00f1arol campe\u00f3n intercontinental. Autor de una docena de libros sobre educaci\u00f3n f\u00edsica y planes nutricionales, tuvo un paso por la Selecci\u00f3n Nacional en 1974. Falleci\u00f3 el 23 de agosto de 2010 en La Plata.<\/p>\n<p><strong>1989 \/<\/strong> Luego de 6 nacionales disputados, Chaco For Ever vuelve al futbol grande en la temporada 89-90. En el estadio Juan Alberto ante una gran concurrencia le ganaba a 2 a 0, con goles de Toledo a los 5 minutos de iniciado el cotejo y Noremberg a falta de 10 para el final. El negro formo con: Merlo, Valdez, Rojo, Freyre, Esquivel, Cravero, M. Jerez, G. Jones; (Parrado) Toledo, Scatolaro (Vieta) y Noremberg. Dt: Glar\u00eda.<\/p>\n<p><strong>1991 <\/strong>\/ Se funda la Asociaci\u00f3n Ciclista de Veteranos de Resistencia, Chaco, y cuya primera presidencia estuvo a cargo de Marco Luis Mi\u00f1o, con An\u00edbal Omar Eguiaz\u00e1bal como vice, Hilario G\u00f3mez como secretario y Miguel Antonio Ruiz como tesorero.Los directivos de la entidad tuvieron activa participaci\u00f3n en los tr\u00e1mites y asesoramiento para la concreci\u00f3n del vel\u00f3dromo de Resistencia.<\/p>\n<p><strong><em>\u00a0<\/em><\/strong><strong>1999 <\/strong>\/ Con la organizaci\u00f3n del Club Ferm\u00edn Hidalgo, la fiscalizaci\u00f3n de la Federaci\u00f3n Ciclista Argentina, se larga la novena edici\u00f3n de la prueba \u201cVuelta del Chaco\u201d (clasificaci\u00f3n norte 17-08-99).<\/p>\n<p><strong>2007 <\/strong>\/ En un accidente automovil\u00edstico fallece la joven atleta Nadia Soledad Zacar\u00edas, campeona nacional de la categor\u00eda juvenil en la especialidad marcha 5.000 metros, t\u00edtulo logrado en C\u00f3rdoba. Representaba al Club Municipales.<\/p>\n<p><strong>Foto portada: Los hermanos Jos\u00e9, Ferm\u00edn y Domingo\u00a0 Hidalgo.<\/strong><\/p>\n<p style=\"text-align: center;\"><img loading=\"lazy\" decoding=\"async\" class=\"alignnone size-full wp-image-12320\" src=\"https:\/\/www.sportchaco.com.ar\/wp-content\/uploads\/2024\/08\/CHACO-JUEGA-BANNERS-1_200X200-1.gif\" alt=\"\" width=\"200\" height=\"200\" \/><\/p>\n","protected":false},"excerpt":{"rendered":"<p>Esta es la Efem\u00e9rides del Deporte en el Chaco de un 13 de agosto periodista Luis Dar\u00edo Molodezky. \u00a0 &nbsp; 1919 \/ Nace en Concepci\u00f3n, Tucum\u00e1n Jorge Everardo Kistenmacher, aunque se radic\u00f3 de jovencito en el Chaco. Representando a la Federaci\u00f3n Chaque\u00f1a fue Campe\u00f3n Nacional en 110 m con vallas en 1941 y de 400 &hellip;<\/p>\n","protected":false},"author":2,"featured_media":12321,"comment_status":"open","ping_status":"open","sticky":false,"template":"","format":"standard","meta":{"footnotes":""},"categories":[38,45],"tags":[],"class_list":["post-12318","post","type-post","status-publish","format-standard","has-post-thumbnail","hentry","category-agosto","category-efemerides-dia-por-dia"],"_links":{"self":[{"href":"https:\/\/www.sportchaco.com.ar\/index.php?rest_route=\/wp\/v2\/posts\/12318","targetHints":{"allow":["GET"]}}],"collection":[{"href":"https:\/\/www.sportchaco.com.ar\/index.php?rest_route=\/wp\/v2\/posts"}],"about":[{"href":"https:\/\/www.sportchaco.com.ar\/index.php?rest_route=\/wp\/v2\/types\/post"}],"author":[{"embeddable":true,"href":"https:\/\/www.sportchaco.com.ar\/index.php?rest_route=\/wp\/v2\/users\/2"}],"replies":[{"embeddable":true,"href":"https:\/\/www.sportchaco.com.ar\/index.php?rest_route=%2Fwp%2Fv2%2Fcomments&post=12318"}],"version-history":[{"count":2,"href":"https:\/\/www.sportchaco.com.ar\/index.php?rest_route=\/wp\/v2\/posts\/12318\/revisions"}],"predecessor-version":[{"id":12345,"href":"https:\/\/www.sportchaco.com.ar\/index.php?rest_route=\/wp\/v2\/posts\/12318\/revisions\/12345"}],"wp:featuredmedia":[{"embeddable":true,"href":"https:\/\/www.sportchaco.com.ar\/index.php?rest_route=\/wp\/v2\/media\/12321"}],"wp:attachment":[{"href":"https:\/\/www.sportchaco.com.ar\/index.php?rest_route=%2Fwp%2Fv2%2Fmedia&parent=12318"}],"wp:term":[{"taxonomy":"category","embeddable":true,"href":"https:\/\/www.sportchaco.com.ar\/index.php?rest_route=%2Fwp%2Fv2%2Fcategories&post=12318"},{"taxonomy":"post_tag","embeddable":true,"href":"https:\/\/www.sportchaco.com.ar\/index.php?rest_route=%2Fwp%2Fv2%2Ftags&post=12318"}],"curies":[{"name":"wp","href":"https:\/\/api.w.org\/{rel}","templated":true}]}}