{"id":12323,"date":"2024-08-12T11:05:01","date_gmt":"2024-08-12T14:05:01","guid":{"rendered":"https:\/\/www.sportchaco.com.ar\/?p=12323"},"modified":"2024-08-12T15:00:18","modified_gmt":"2024-08-12T18:00:18","slug":"veronica-acevedo-cumplio-su-loco-sueno-llegando-a-la-meta-en-paris","status":"publish","type":"post","link":"https:\/\/www.sportchaco.com.ar\/?p=12323","title":{"rendered":"Ver\u00f3nica Acevedo cumpli\u00f3 su \u00abloco\u00bb sue\u00f1o llegando a la meta en Par\u00eds"},"content":{"rendered":"<nav id=\"breadcrumb\" class=\"breadcrumbs is-full-width breadcrumbs-a\"><\/nav>\n<div class=\"main ts-contain cf right-sidebar\">\n<div class=\"ts-row has-head-below\">\n<div class=\"col-8 main-content s-post-contain\">\n<div class=\"the-post-header s-head-modern s-head-modern-a s-head-modern-below\">\n<div class=\"post-meta post-meta-a post-meta-left post-meta-single has-below\">\n<div class=\"post-meta-items meta-above\">Ver\u00f3nica Acevedo, la \u00fanica chaque\u00f1a que corri\u00f3 la Marat\u00f3n para Todos, organizada en el marco de los Juegos Ol\u00edmpicos Par\u00eds 2024, logr\u00f3 su objetivo arribando a la meta 5 horas 42 minutos 2 segundos luego de haber partido.<\/div>\n<\/div>\n<\/div>\n<div class=\"the-post s-post-modern-below\">\n<article id=\"post-219387\" class=\"post-219387 post type-post status-publish format-standard has-post-thumbnail category-deportes category-edicion-impresa tag-edicionimpresa tag-hoy tag-principales\">\n<div class=\"post-content-wrap\">\n<div class=\"post-content cf entry-content content-spacious\">\n<p>Un \u00ablograzo\u00bb, primero por haber completado los exigentes 42 kil\u00f3metros y 195 metros y segundo por haberlo conseguido incluso con un tiempo por debajo del que ella misma se hab\u00eda establecido como objetivo.<br \/>\nM\u00e1s de 20 mil personas tomaron parte de este evento que recorri\u00f3 no solo las calles de Paris, sino de varias ciudades circundantes.<\/p>\n<p>LA HISTORIA DETR\u00c1S DE LA NOTICIA<br \/>\nTras este logro que solo los corredores sabr\u00e1n apreciar en su real magnitud, hubo un trabajo intenso por parte de Ver\u00f3nica. Y para conocer detalles, LA VOZ DEL CHACO la entrevist\u00f3 en exclusiva.<br \/>\n\u00abHace tres a\u00f1os, a los 47, comenc\u00e9 a correr y hace dos sali\u00f3 la noticia de este Marat\u00f3n en el marco de los Juegos Ol\u00edmpicos y me anot\u00e9 como un gran sue\u00f1o\u00bb, comenz\u00f3 contando la ahora maratonista.<br \/>\n\u00abLlev\u00f3 6 meses preparar este marat\u00f3n; un trabajo muy duro de cada s\u00e1bado y cada domingo a las 6 con un gran equipo detr\u00e1s m\u00edo; incorporando mis conocimientos de meditaci\u00f3n, de yoga, de las energ\u00edas Reiky\u00bb, detall\u00f3 Acevedo, quien luego afirm\u00f3: \u00abTir\u00e9 toda la carne al asador ayer (por el s\u00e1bado). Justo estoy haciendo un curso de respiraci\u00f3n el cual practiqu\u00e9 ayer, respiraci\u00f3n nasal con el m\u00e9todo oxigeno advantage. Y fue para m\u00ed algo incre\u00edble porque me vine con 50 a\u00f1os y hacer m\u00ed primera marat\u00f3n con esa edad, pocos saben todo lo que lleva la preparaci\u00f3n: dormir temprano, alimentarse bien, el descansar bien y a su vez seguir trabajando en lo que uno hace todos los d\u00edas\u00bb.<br \/>\n\u00abEstos locos sue\u00f1os de entrar al deporte a los 50, je, je\u2026\u00bb, agrega luego entre risas.<br \/>\nUnas risas que seg\u00fan cont\u00f3, la acompa\u00f1aron en todo el recorrido. Vero tuvo un solo momento de duda y lo cont\u00f3 as\u00ed: \u00abCuando a la ma\u00f1ana le\u00ed que Kipchoge (N. de Redacci\u00f3n: uno de los candidatos a ganar el Marat\u00f3n en Par\u00eds y que corri\u00f3 antes) abandon\u00f3 me dio un julepe b\u00e1rbaro!!! En el kil\u00f3metro 30 abandon\u00f3 el campe\u00f3n del mundo, Kipchoge; entonces, cuando iba a llegar al 30, respir\u00e9, sonre\u00ed, me nutr\u00ed de la gente y con pasitos cortitos logr\u00e9 subir esa gran empinada que fue ese KM 30 que fue muy, muy duro\u00bb.<br \/>\n\u00abFui sonriendo, con m\u00ed camiseta de Argentina, la gente me gritaba; llegu\u00e9 con la gente, la energ\u00eda de la gente\u00bb, cuenta sobre el c\u00f3mo pudo sobrellevar semejante exigencia.<br \/>\n\u00abEn el momento que tuve que parar porque no pod\u00eda parar de llorar, fue cuando llegamos al Palacio de Versailles, que justamente era la mitad del recorrido. Ah\u00ed cuando vi imponente ese lugar, llor\u00e9, llor\u00e9; llor\u00e9 tanto que se acercaron a ver si me pasaba algo porque yo lloraba a los gritos pero era de la emoci\u00f3n, una emoci\u00f3n muy grande porque yo sab\u00eda que de ah\u00ed solo quedaba volver, ya estaba en la mitad. Ya estaba muy cerca de lograr m\u00ed gran sue\u00f1o\u00bb, detalla.<br \/>\nAntes, la chaque\u00f1a hab\u00eda resumido su extraordinaria experiencia afirmando: \u00abFue muy dura por la gran cantidad de ascensos en el recorrido. Debo destacar la organizaci\u00f3n impecable. Fue un gran desaf\u00edo y un gran sue\u00f1o para el que se trabaj\u00f3 mucho y con un gran equipo\u00bb.<br \/>\nUn equipo integrado por \u00abmi entrenador Mart\u00edn Bueno; mi preparador f\u00edsico Pedro Lescano, mi kinesi\u00f3loga Magal\u00ed Paz, mi nutricionista Lorena Gallard, mi preparador en respiraci\u00f3n Lucas Escobar; tambi\u00e9n tuve el apoyo de una sic\u00f3loga deportiva la licenciada Andrea Mandri\u00bb.<br \/>\nPero el \u00abapoyo\u00bb no se acaba all\u00ed, ya que Ver\u00f3nica sostuvo: \u00abQuiero destacar el acompa\u00f1amiento de mi familia, mis amigas las chicas de los jueves el team, el gran equipo que tenemos MB Running Group que estuvo ah\u00ed en cada entrenamiento alentando y apoyando con cada \u2018vamos Vero\u2019, lograron que no decaiga; fue un duro, duro entrenamiento\u00bb.<br \/>\nUn entrenamiento que rindi\u00f3, y de qu\u00e9 manera, ya que la ahora maratonista confes\u00f3 -ante la consulta de este diario-, que \u00abcuando finalic\u00e9, no hice lo que deb\u00eda hacer; ten\u00edamos que caminar porque no hab\u00eda medios de transporte -se termin\u00f3 a las 4- as\u00f3 que en vez de elongar comenzamos a caminar, llegu\u00e9 donde estaba alojada, com\u00ed muy bien y me acost\u00e9 a dormir\u00bb, dijo.<br \/>\n\u00abHoy (por ayer) a la ma\u00f1ana hice inmersi\u00f3n en hielo -agreg\u00f3 Acevedo-; hace poco hice un curso con ese m\u00e9todo para recaudar fondos llevando al especialista a Resistencia y lo vamos a volver a llevar porque es el m\u00e9todo que me ayud\u00f3 en muchos aspectos a llevar adelante este sue\u00f1o\u00bb.<br \/>\nUn sue\u00f1o que Ver\u00f3nica Acevedo construy\u00f3 a partir de s\u00ed misma, de sus allegados e incluso de alg\u00fan apoyo como el que ella relata: \u00abAdidas me regal\u00f3 las zapatillas cuando se enter\u00f3. Las zapatillas de marat\u00f3n me mand\u00f3 a mi casa\u00bb.<br \/>\n\u00bfSue\u00f1o o meta? Cualquiera de los dos, Ver\u00f3nica lo consigui\u00f3.<\/p>\n<div class=\"single-featured\">\n<div class=\"featured\"><\/div>\n<\/div>\n<div class=\"the-post s-post-modern-below\">\n<article id=\"post-219387\" class=\"post-219387 post type-post status-publish format-standard has-post-thumbnail category-deportes category-edicion-impresa tag-edicionimpresa tag-hoy tag-principales\">\n<div class=\"post-content-wrap\">\n<div class=\"post-content cf entry-content content-spacious\">\n<p>Por Silvio E. Buittoni<\/p>\n<p style=\"text-align: center;\"><img loading=\"lazy\" decoding=\"async\" class=\"alignnone size-full wp-image-12320\" src=\"https:\/\/www.sportchaco.com.ar\/wp-content\/uploads\/2024\/08\/CHACO-JUEGA-BANNERS-1_200X200-1.gif\" alt=\"\" width=\"200\" height=\"200\" \/><\/p>\n<\/div>\n<\/div>\n<\/article>\n<\/div>\n<\/div>\n<\/div>\n<\/article>\n<\/div>\n<\/div>\n<\/div>\n<\/div>\n","protected":false},"excerpt":{"rendered":"<p>Ver\u00f3nica Acevedo, la \u00fanica chaque\u00f1a que corri\u00f3 la Marat\u00f3n para Todos, organizada en el marco de los Juegos Ol\u00edmpicos Par\u00eds 2024, logr\u00f3 su objetivo arribando a la meta 5 horas 42 minutos 2 segundos luego de haber partido. Un \u00ablograzo\u00bb, primero por haber completado los exigentes 42 kil\u00f3metros y 195 metros y segundo por haberlo &hellip;<\/p>\n","protected":false},"author":2,"featured_media":12324,"comment_status":"open","ping_status":"open","sticky":false,"template":"","format":"standard","meta":{"footnotes":""},"categories":[68],"tags":[],"class_list":["post-12323","post","type-post","status-publish","format-standard","has-post-thumbnail","hentry","category-juegos-olimpicos"],"_links":{"self":[{"href":"https:\/\/www.sportchaco.com.ar\/index.php?rest_route=\/wp\/v2\/posts\/12323","targetHints":{"allow":["GET"]}}],"collection":[{"href":"https:\/\/www.sportchaco.com.ar\/index.php?rest_route=\/wp\/v2\/posts"}],"about":[{"href":"https:\/\/www.sportchaco.com.ar\/index.php?rest_route=\/wp\/v2\/types\/post"}],"author":[{"embeddable":true,"href":"https:\/\/www.sportchaco.com.ar\/index.php?rest_route=\/wp\/v2\/users\/2"}],"replies":[{"embeddable":true,"href":"https:\/\/www.sportchaco.com.ar\/index.php?rest_route=%2Fwp%2Fv2%2Fcomments&post=12323"}],"version-history":[{"count":3,"href":"https:\/\/www.sportchaco.com.ar\/index.php?rest_route=\/wp\/v2\/posts\/12323\/revisions"}],"predecessor-version":[{"id":12327,"href":"https:\/\/www.sportchaco.com.ar\/index.php?rest_route=\/wp\/v2\/posts\/12323\/revisions\/12327"}],"wp:featuredmedia":[{"embeddable":true,"href":"https:\/\/www.sportchaco.com.ar\/index.php?rest_route=\/wp\/v2\/media\/12324"}],"wp:attachment":[{"href":"https:\/\/www.sportchaco.com.ar\/index.php?rest_route=%2Fwp%2Fv2%2Fmedia&parent=12323"}],"wp:term":[{"taxonomy":"category","embeddable":true,"href":"https:\/\/www.sportchaco.com.ar\/index.php?rest_route=%2Fwp%2Fv2%2Fcategories&post=12323"},{"taxonomy":"post_tag","embeddable":true,"href":"https:\/\/www.sportchaco.com.ar\/index.php?rest_route=%2Fwp%2Fv2%2Ftags&post=12323"}],"curies":[{"name":"wp","href":"https:\/\/api.w.org\/{rel}","templated":true}]}}