{"id":12346,"date":"2024-08-13T08:55:16","date_gmt":"2024-08-13T11:55:16","guid":{"rendered":"https:\/\/www.sportchaco.com.ar\/?p=12346"},"modified":"2024-08-13T12:27:58","modified_gmt":"2024-08-13T15:27:58","slug":"alejandro-barbona-disfruta-del-titulo-con-defensores-de-vilelas","status":"publish","type":"post","link":"https:\/\/www.sportchaco.com.ar\/?p=12346","title":{"rendered":"Alejandro Barbona disfruta del t\u00edtulo con Defensores de Vilelas"},"content":{"rendered":"<p>Alejandro Barbona en su tercer ciclo al frente de Defensores de Vilelas\u00a0 lleg\u00f3 con la\u00a0 con la vara muy alta y no defraud\u00f3. En una campa\u00f1a plagada de victorias, su equipo logr\u00f3 el primer t\u00edtulo en la Liga Chaque\u00f1a.<\/p>\n<p>El t\u00e9cnico que se inici\u00f3 en las inferiores de Chaco For Ever, tuvo una charla con Cara y Ceca del Deporte por Radio Provincia del Chaco 101.5 que se emite todos los mediod\u00edas.<\/p>\n<p>&nbsp;<\/p>\n<audio class=\"wp-audio-shortcode\" id=\"audio-12346-1\" preload=\"none\" style=\"width: 100%;\" controls=\"controls\"><source type=\"audio\/mpeg\" src=\"https:\/\/www.sportchaco.com.ar\/wp-content\/uploads\/2024\/08\/Alejandro-Barbona-Cara-y-Ceca.mp3?_=1\" \/><a href=\"https:\/\/www.sportchaco.com.ar\/wp-content\/uploads\/2024\/08\/Alejandro-Barbona-Cara-y-Ceca.mp3\">https:\/\/www.sportchaco.com.ar\/wp-content\/uploads\/2024\/08\/Alejandro-Barbona-Cara-y-Ceca.mp3<\/a><\/audio>\n<p>&nbsp;<\/p>\n<p><img loading=\"lazy\" decoding=\"async\" class=\" wp-image-12349 aligncenter\" src=\"https:\/\/www.sportchaco.com.ar\/wp-content\/uploads\/2024\/08\/Alejandro-Barbona-300x185.jpg\" alt=\"\" width=\"337\" height=\"208\" srcset=\"https:\/\/www.sportchaco.com.ar\/wp-content\/uploads\/2024\/08\/Alejandro-Barbona-300x185.jpg 300w, https:\/\/www.sportchaco.com.ar\/wp-content\/uploads\/2024\/08\/Alejandro-Barbona-768x472.jpg 768w, https:\/\/www.sportchaco.com.ar\/wp-content\/uploads\/2024\/08\/Alejandro-Barbona.jpg 800w\" sizes=\"auto, (max-width: 337px) 100vw, 337px\" \/><\/p>\n<p>&nbsp;<\/p>\n<p style=\"text-align: center;\"><img loading=\"lazy\" decoding=\"async\" class=\"alignnone size-full wp-image-12320\" src=\"https:\/\/www.sportchaco.com.ar\/wp-content\/uploads\/2024\/08\/CHACO-JUEGA-BANNERS-1_200X200-1.gif\" alt=\"\" width=\"200\" height=\"200\" \/><\/p>\n<p>Adem\u00e1s de Alejandro Barbona, componen el cuerpo t\u00e9cnico del Verde Adri\u00e1n Rodr\u00edguez, Mario Esquivel y Panchi Contreras como ayudantes. El preparador f\u00edsico ser\u00e1 Oscar Villa y Germ\u00e1n Galarza estar\u00e1 como EA.<\/p>\n","protected":false},"excerpt":{"rendered":"<p>Alejandro Barbona en su tercer ciclo al frente de Defensores de Vilelas\u00a0 lleg\u00f3 con la\u00a0 con la vara muy alta y no defraud\u00f3. En una campa\u00f1a plagada de victorias, su equipo logr\u00f3 el primer t\u00edtulo en la Liga Chaque\u00f1a. El t\u00e9cnico que se inici\u00f3 en las inferiores de Chaco For Ever, tuvo una charla con &hellip;<\/p>\n","protected":false},"author":2,"featured_media":12347,"comment_status":"open","ping_status":"open","sticky":false,"template":"","format":"standard","meta":{"footnotes":""},"categories":[5],"tags":[],"class_list":["post-12346","post","type-post","status-publish","format-standard","has-post-thumbnail","hentry","category-futbol"],"_links":{"self":[{"href":"https:\/\/www.sportchaco.com.ar\/index.php?rest_route=\/wp\/v2\/posts\/12346","targetHints":{"allow":["GET"]}}],"collection":[{"href":"https:\/\/www.sportchaco.com.ar\/index.php?rest_route=\/wp\/v2\/posts"}],"about":[{"href":"https:\/\/www.sportchaco.com.ar\/index.php?rest_route=\/wp\/v2\/types\/post"}],"author":[{"embeddable":true,"href":"https:\/\/www.sportchaco.com.ar\/index.php?rest_route=\/wp\/v2\/users\/2"}],"replies":[{"embeddable":true,"href":"https:\/\/www.sportchaco.com.ar\/index.php?rest_route=%2Fwp%2Fv2%2Fcomments&post=12346"}],"version-history":[{"count":4,"href":"https:\/\/www.sportchaco.com.ar\/index.php?rest_route=\/wp\/v2\/posts\/12346\/revisions"}],"predecessor-version":[{"id":12357,"href":"https:\/\/www.sportchaco.com.ar\/index.php?rest_route=\/wp\/v2\/posts\/12346\/revisions\/12357"}],"wp:featuredmedia":[{"embeddable":true,"href":"https:\/\/www.sportchaco.com.ar\/index.php?rest_route=\/wp\/v2\/media\/12347"}],"wp:attachment":[{"href":"https:\/\/www.sportchaco.com.ar\/index.php?rest_route=%2Fwp%2Fv2%2Fmedia&parent=12346"}],"wp:term":[{"taxonomy":"category","embeddable":true,"href":"https:\/\/www.sportchaco.com.ar\/index.php?rest_route=%2Fwp%2Fv2%2Fcategories&post=12346"},{"taxonomy":"post_tag","embeddable":true,"href":"https:\/\/www.sportchaco.com.ar\/index.php?rest_route=%2Fwp%2Fv2%2Ftags&post=12346"}],"curies":[{"name":"wp","href":"https:\/\/api.w.org\/{rel}","templated":true}]}}