{"id":1239,"date":"2023-10-04T10:45:31","date_gmt":"2023-10-04T13:45:31","guid":{"rendered":"https:\/\/www.sportchaco.com.ar\/?p=1239"},"modified":"2023-10-04T11:06:04","modified_gmt":"2023-10-04T14:06:04","slug":"angel-di-maria-no-se-achica","status":"publish","type":"post","link":"https:\/\/www.sportchaco.com.ar\/?p=1239","title":{"rendered":"Angel Di Mar\u00eda no se achica"},"content":{"rendered":"<div class=\"wrapper-header\">\n<div class=\"container-xl\">\n<div class=\"row\">\n<div class=\"col-12\">\n<div class=\"head-content mb-4\">\n<p class=\"speak\"><img loading=\"lazy\" decoding=\"async\" class=\"size-medium wp-image-1240 aligncenter\" src=\"https:\/\/www.sportchaco.com.ar\/wp-content\/uploads\/2023\/10\/Di-Maria-vs-inter-300x169.jpg\" alt=\"\" width=\"300\" height=\"169\" srcset=\"https:\/\/www.sportchaco.com.ar\/wp-content\/uploads\/2023\/10\/Di-Maria-vs-inter-300x169.jpg 300w, https:\/\/www.sportchaco.com.ar\/wp-content\/uploads\/2023\/10\/Di-Maria-vs-inter-1024x576.jpg 1024w, https:\/\/www.sportchaco.com.ar\/wp-content\/uploads\/2023\/10\/Di-Maria-vs-inter-768x432.jpg 768w, https:\/\/www.sportchaco.com.ar\/wp-content\/uploads\/2023\/10\/Di-Maria-vs-inter-390x220.jpg 390w, https:\/\/www.sportchaco.com.ar\/wp-content\/uploads\/2023\/10\/Di-Maria-vs-inter.jpg 1200w\" sizes=\"auto, (max-width: 300px) 100vw, 300px\" \/>A trav\u00e9s de un mensaje en su cuenta de Instagram, \u00abFideo\u00bb asegur\u00f3 que el problema muscular que sufri\u00f3 ante Inter por Liga de Campeones, lo dejar\u00eda afuera de la pr\u00f3xima doble fecha de las Eliminatorias.<\/p>\n<\/div>\n<\/div>\n<\/div>\n<\/div>\n<\/div>\n<div class=\"wrapper-editable-content\">\n<div class=\"wrapper-info-note\">\n<div class=\"col-md-12\">\n<div class=\"wrapper-author-social\">\n<div class=\"author-box mb-4\">\n<div class=\"image\"><strong>\u00c1ngel Di Mar\u00eda<\/strong>, figura del seleccionado argentino y Benfica, confirm\u00f3 este mi\u00e9rcoles que\u00a0<strong>sufri\u00f3 una lesi\u00f3n muscular durante el partido del martes ante Inter por Liga de Campeones<\/strong>,\u00a0<strong>que lo dejar\u00eda afuera de la pr\u00f3xima doble fecha de las Eliminatorias<\/strong>\u00a0sudamericanas.<\/div>\n<\/div>\n<\/div>\n<\/div>\n<\/div>\n<div>\n<div class=\"wrapper-editable-content\">\n<div class=\"container-md\">\n<div class=\"row\">\n<div class=\"col-md-12 speak\">\n<div class=\"paragraph\">\n<p>A trav\u00e9s de un mensaje\u00a0<strong>en su cuenta de Instagram<\/strong>, \u00abFideo\u00bb expres\u00f3 que esta lesi\u00f3n le da \u00abfuerzas\u00bb para \u00abseguir trabajando y poder volver m\u00e1s fuerte\u00bb.\u00bbCaerse y levantarse siempre, en cualquier situaci\u00f3n de la vida. Esta derrota y esta lesi\u00f3n s\u00f3lo me dan fuerzas para seguir trabajando y poder volver m\u00e1s fuerte\u00bb, fue el mensaje completo de Di Mar\u00eda en las redes sociales.<\/p>\n<\/div>\n<div class=\"paragraph\">T\u00e9lam<\/div>\n<\/div>\n<\/div>\n<\/div>\n<\/div>\n<\/div>\n<\/div>\n","protected":false},"excerpt":{"rendered":"<p>A trav\u00e9s de un mensaje en su cuenta de Instagram, \u00abFideo\u00bb asegur\u00f3 que el problema muscular que sufri\u00f3 ante Inter por Liga de Campeones, lo dejar\u00eda afuera de la pr\u00f3xima doble fecha de las Eliminatorias. \u00c1ngel Di Mar\u00eda, figura del seleccionado argentino y Benfica, confirm\u00f3 este mi\u00e9rcoles que\u00a0sufri\u00f3 una lesi\u00f3n muscular durante el partido del &hellip;<\/p>\n","protected":false},"author":2,"featured_media":1240,"comment_status":"open","ping_status":"open","sticky":false,"template":"","format":"standard","meta":{"footnotes":""},"categories":[6],"tags":[],"class_list":["post-1239","post","type-post","status-publish","format-standard","has-post-thumbnail","hentry","category-internacionales"],"_links":{"self":[{"href":"https:\/\/www.sportchaco.com.ar\/index.php?rest_route=\/wp\/v2\/posts\/1239","targetHints":{"allow":["GET"]}}],"collection":[{"href":"https:\/\/www.sportchaco.com.ar\/index.php?rest_route=\/wp\/v2\/posts"}],"about":[{"href":"https:\/\/www.sportchaco.com.ar\/index.php?rest_route=\/wp\/v2\/types\/post"}],"author":[{"embeddable":true,"href":"https:\/\/www.sportchaco.com.ar\/index.php?rest_route=\/wp\/v2\/users\/2"}],"replies":[{"embeddable":true,"href":"https:\/\/www.sportchaco.com.ar\/index.php?rest_route=%2Fwp%2Fv2%2Fcomments&post=1239"}],"version-history":[{"count":6,"href":"https:\/\/www.sportchaco.com.ar\/index.php?rest_route=\/wp\/v2\/posts\/1239\/revisions"}],"predecessor-version":[{"id":1252,"href":"https:\/\/www.sportchaco.com.ar\/index.php?rest_route=\/wp\/v2\/posts\/1239\/revisions\/1252"}],"wp:featuredmedia":[{"embeddable":true,"href":"https:\/\/www.sportchaco.com.ar\/index.php?rest_route=\/wp\/v2\/media\/1240"}],"wp:attachment":[{"href":"https:\/\/www.sportchaco.com.ar\/index.php?rest_route=%2Fwp%2Fv2%2Fmedia&parent=1239"}],"wp:term":[{"taxonomy":"category","embeddable":true,"href":"https:\/\/www.sportchaco.com.ar\/index.php?rest_route=%2Fwp%2Fv2%2Fcategories&post=1239"},{"taxonomy":"post_tag","embeddable":true,"href":"https:\/\/www.sportchaco.com.ar\/index.php?rest_route=%2Fwp%2Fv2%2Ftags&post=1239"}],"curies":[{"name":"wp","href":"https:\/\/api.w.org\/{rel}","templated":true}]}}