{"id":12391,"date":"2024-08-14T11:13:24","date_gmt":"2024-08-14T14:13:24","guid":{"rendered":"https:\/\/www.sportchaco.com.ar\/?p=12391"},"modified":"2024-08-14T11:13:24","modified_gmt":"2024-08-14T14:13:24","slug":"hindu-avanza-con-las-obras-y-trabaja-fuertemente-para-ser-protagonista-en-el-pre-federal-2024","status":"publish","type":"post","link":"https:\/\/www.sportchaco.com.ar\/?p=12391","title":{"rendered":"Hind\u00fa avanza con las obras y trabaja fuertemente para ser protagonista en el Pre\u2013Federal 2024"},"content":{"rendered":"<p><strong>14-08-2024<\/strong><\/p>\n<p><img loading=\"lazy\" decoding=\"async\" class=\" wp-image-6631 aligncenter\" src=\"https:\/\/www.sportchaco.com.ar\/wp-content\/uploads\/2024\/03\/aviso-Impulsamos-turismo-300x31.jpg\" alt=\"\" width=\"377\" height=\"39\" srcset=\"https:\/\/www.sportchaco.com.ar\/wp-content\/uploads\/2024\/03\/aviso-Impulsamos-turismo-300x31.jpg 300w, https:\/\/www.sportchaco.com.ar\/wp-content\/uploads\/2024\/03\/aviso-Impulsamos-turismo-1024x106.jpg 1024w, https:\/\/www.sportchaco.com.ar\/wp-content\/uploads\/2024\/03\/aviso-Impulsamos-turismo-768x79.jpg 768w, https:\/\/www.sportchaco.com.ar\/wp-content\/uploads\/2024\/03\/aviso-Impulsamos-turismo.jpg 1366w\" sizes=\"auto, (max-width: 377px) 100vw, 377px\" \/><\/p>\n<p>Por la 2\u00b0 fecha del Provincial 2024, por la zona B, Hind\u00fa Club de Resistencia recibe este jueves 15 a su par de Espa\u00f1ola de Charata, a partir de las 21, 30 horas, en el estadio de la calle Franklin 56.<\/p>\n<p>Vale recordar que los conducidos por Ramiro D\u00edaz Cuello en la 1\u00b0 fecha, en lo que fue su debut en la competencia, obtuvo una victoria importate en condici\u00f3n de viasitante, ante CUNE.<\/p>\n<p>Para este partido, adem\u00e1s de la victoria obtenida el \u00faltimo viernes, Hind\u00fa disput\u00f3 el domingo un juego amistoso ante San Jos\u00e9 de Paraguay, continuando de esta manera con la puesta a punto y ajustar detalles para continuar por el camino del \u00e9xito, algo que este equipo ya viene teniendo hace varios a\u00f1os.<\/p>\n<p>En este marco, el entrenador principal de la instituci\u00f3n capitalina, Ramiro D\u00edaz Cuello, expres\u00f3 que para el partido de este jueves \u201cllegamos muy bien luego de ganar de visitante y de jugar un amistoso con Deportivo San Jos\u00e9 de Paraguay; ahora vamos a tratar de hacernos fuerte de local y seguir creciendo en nuestro juego\u201d.<\/p>\n<p>El partido de este jueves 15, por la 2\u00b0 fecha de la zona B, los \u00e1rbitros ser\u00e1n Diego Acu\u00f1a y Mart\u00edn Herr\u00e1ez; en tanto que como comisionada t\u00e9cnica estar\u00e1 Daniela Kessler.<\/p>\n<p>Vale resaltar que para el partido del jueves, la dirigencia de Hind\u00fa estar\u00e1 presentando, antes del inicio del juego correspondiente, la Copa Campe\u00f3n Apertura 2024 \u201cpara todos nuestros hinchas y simpatizantes que no pudieron ingresar a la cancha de Villa San Mart\u00edn en el quinto partido, ya que literalmente no cab\u00eda un alfiler\u201d, anunciaron desde la instituci\u00f3n de el \u201cb\u00f3lido verde\u201d.<\/p>\n<p>Para este partido, el valor de las entradas generales ser\u00e1 de $ 2.000, en tanto que estar\u00e1 a $ 1.500 para socios con cuota al d\u00eda, $. 1.500 de adicional para plateas preferenciales y $ 1.000 de adicional para plateas laterales. \u201cEstamos preparando algunos entretenimientos para que la gente que asista la pase muy bien, adem\u00e1s de un reconocimiento a los sponsors que hacen posible que el club pueda cumplir con su pol\u00edtica deportiva y su rol social que es contener todos los d\u00edas a cientos de ni\u00f1os, j\u00f3venes y adolescentes, alej\u00e1ndolos de los flagelos que azotan a nuestra sociedad\u201d, destac\u00f3 el presidente Cequeira.<\/p>\n<p><strong>El equipo y su potencial<br \/>\n<\/strong>Por otra parte, el presidente de Hind\u00fa, Luis Cequeira, analiz\u00f3 lo que es esta nueva participaci\u00f3n del club en un Provincial \u201cPre \u2013 Federal\u201d, afirmando que \u201clos muchachos est\u00e1n bien, ya que el profesor Iv\u00e1n Olmedo tuvo el tiempo suficiente como para acondicionarlos f\u00edsicamente para el juego que pretende el entrenador Ramiro D\u00edaz Cuello y el aporte de Gonzalo Aguirre como asistente tambi\u00e9n fue importante en la etapa de preparaci\u00f3n del equipo\u201d.<\/p>\n<p>En este sentido, Cequeira puntualiz\u00f3 que \u201crespecto a los jugadores que incorporamos, la llegada de Mateo Didier nos da otra frescura en el per\u00edmetro, es un jugador que tiene gol, es atl\u00e9tico, corre bien la cancha y entiende el juego; seguramente ira creciendo con el correr de los partidos\u201d, destacando a su vez que \u201cdem\u00e1s est\u00e1 decir que para nosotros como instituci\u00f3n es un halago y privilegio que un jugador como Fabricio Spagnoli que termin\u00f3 jugando para Deportivo Norte de Armstrong la Liga Argentina nos haya elegido, ya que es un joven que conoce el Club, conoce a los jugadores, por lo que su adaptaci\u00f3n fue inmediata y lo vemos muy c\u00f3modo y feliz\u201d, continuando, \u201ctambi\u00e9n se sum\u00f3 Sebasti\u00e1n Lugo, es un verdadero orgullo para todos los que somos del \u201cb\u00f3lido verde\u201d poder contar con \u00e9l en el Pre \u2013 Federal\u201d.<\/p>\n<p>Continuando, \u00abes uno de los jugadores j\u00f3venes de la Selecci\u00f3n Mayor (Sebasti\u00e1n Lugo), donde desde que se fue a los 15 a\u00f1os en los recesos siempre volv\u00eda al club y entrenaba con sus compa\u00f1eros; y hoy est\u00e1 compartiendo con algunos de ellos un Pre \u2013 Federal de Primera, donde el primer objetivo en el torneo es clasificar para la Liga Federal 2025 y despu\u00e9s ver hasta donde podemos llegar\u00bb.<\/p>\n<figure class=\"wp-block-image size-large\"><a href=\"https:\/\/baskettotal.com.ar\/wp-content\/uploads\/2024\/08\/rrr.jpg\"><img loading=\"lazy\" decoding=\"async\" class=\"lazy wp-image-23877 lazy-loaded aligncenter\" src=\"https:\/\/baskettotal.com.ar\/wp-content\/uploads\/2024\/08\/rrr-1024x625.jpg\" sizes=\"auto, (max-width: 1024px) 100vw, 1024px\" srcset=\"https:\/\/baskettotal.com.ar\/wp-content\/uploads\/2024\/08\/rrr-1024x625.jpg 1024w, https:\/\/baskettotal.com.ar\/wp-content\/uploads\/2024\/08\/rrr-300x183.jpg 300w, https:\/\/baskettotal.com.ar\/wp-content\/uploads\/2024\/08\/rrr-768x469.jpg 768w, https:\/\/baskettotal.com.ar\/wp-content\/uploads\/2024\/08\/rrr.jpg 1040w\" alt=\"\" width=\"1024\" height=\"625\" data-lazy-type=\"image\" data-lazy-src=\"https:\/\/baskettotal.com.ar\/wp-content\/uploads\/2024\/08\/rrr-1024x625.jpg\" data-lazy-srcset=\"https:\/\/baskettotal.com.ar\/wp-content\/uploads\/2024\/08\/rrr-1024x625.jpg 1024w, https:\/\/baskettotal.com.ar\/wp-content\/uploads\/2024\/08\/rrr-300x183.jpg 300w, https:\/\/baskettotal.com.ar\/wp-content\/uploads\/2024\/08\/rrr-768x469.jpg 768w, https:\/\/baskettotal.com.ar\/wp-content\/uploads\/2024\/08\/rrr.jpg 1040w\" data-lazy-sizes=\"(max-width: 1024px) 100vw, 1024px\" \/><\/a><\/figure>\n<p><strong>Las obras<br \/>\n<\/strong>Entre otros puntos de su an\u00e1lisis, el presidente Luis Cequeira celebr\u00f3 que el pasado lunes 5 de agosto se reiniciaron las obras en el club por parte del Gobierno provincial, agradecimiento a las distintas \u00e1reas gubernamentales, que consisten en la construcci\u00f3n de una nueva cancha de b\u00e1squet, pero que puede ser utilizada para otras actividades.\u201d<\/p>\n<p>\u201cAhora nos queda a nosotros, los dirigentes deportivos, agudizar nuestro ingenio para lograr los recursos necesarios para la compra y colocaci\u00f3n de los pisos deportivos para ambas canchas; sabemos que todo es posible, que tardaremos un poquito m\u00e1s, pero con trabajo, dedicaci\u00f3n, esmero y el acompa\u00f1amiento de toda la familia verde m\u00e1s la comunidad deportiva, lo vamos a lograr\u201d, finaliz\u00f3.<\/p>\n<p><img loading=\"lazy\" decoding=\"async\" class=\" wp-image-11494 aligncenter\" src=\"https:\/\/www.sportchaco.com.ar\/wp-content\/uploads\/2024\/07\/Mosquitos-3-1-300x300.jpg\" alt=\"\" width=\"339\" height=\"339\" srcset=\"https:\/\/www.sportchaco.com.ar\/wp-content\/uploads\/2024\/07\/Mosquitos-3-1-300x300.jpg 300w, https:\/\/www.sportchaco.com.ar\/wp-content\/uploads\/2024\/07\/Mosquitos-3-1-1024x1024.jpg 1024w, https:\/\/www.sportchaco.com.ar\/wp-content\/uploads\/2024\/07\/Mosquitos-3-1-150x150.jpg 150w, https:\/\/www.sportchaco.com.ar\/wp-content\/uploads\/2024\/07\/Mosquitos-3-1-768x768.jpg 768w, https:\/\/www.sportchaco.com.ar\/wp-content\/uploads\/2024\/07\/Mosquitos-3-1.jpg 1440w\" sizes=\"auto, (max-width: 339px) 100vw, 339px\" \/><\/p>\n","protected":false},"excerpt":{"rendered":"<p>14-08-2024 Por la 2\u00b0 fecha del Provincial 2024, por la zona B, Hind\u00fa Club de Resistencia recibe este jueves 15 a su par de Espa\u00f1ola de Charata, a partir de las 21, 30 horas, en el estadio de la calle Franklin 56. Vale recordar que los conducidos por Ramiro D\u00edaz Cuello en la 1\u00b0 fecha, &hellip;<\/p>\n","protected":false},"author":3,"featured_media":12392,"comment_status":"open","ping_status":"open","sticky":false,"template":"","format":"standard","meta":{"footnotes":""},"categories":[3],"tags":[],"class_list":["post-12391","post","type-post","status-publish","format-standard","has-post-thumbnail","hentry","category-basquetbol"],"_links":{"self":[{"href":"https:\/\/www.sportchaco.com.ar\/index.php?rest_route=\/wp\/v2\/posts\/12391","targetHints":{"allow":["GET"]}}],"collection":[{"href":"https:\/\/www.sportchaco.com.ar\/index.php?rest_route=\/wp\/v2\/posts"}],"about":[{"href":"https:\/\/www.sportchaco.com.ar\/index.php?rest_route=\/wp\/v2\/types\/post"}],"author":[{"embeddable":true,"href":"https:\/\/www.sportchaco.com.ar\/index.php?rest_route=\/wp\/v2\/users\/3"}],"replies":[{"embeddable":true,"href":"https:\/\/www.sportchaco.com.ar\/index.php?rest_route=%2Fwp%2Fv2%2Fcomments&post=12391"}],"version-history":[{"count":1,"href":"https:\/\/www.sportchaco.com.ar\/index.php?rest_route=\/wp\/v2\/posts\/12391\/revisions"}],"predecessor-version":[{"id":12393,"href":"https:\/\/www.sportchaco.com.ar\/index.php?rest_route=\/wp\/v2\/posts\/12391\/revisions\/12393"}],"wp:featuredmedia":[{"embeddable":true,"href":"https:\/\/www.sportchaco.com.ar\/index.php?rest_route=\/wp\/v2\/media\/12392"}],"wp:attachment":[{"href":"https:\/\/www.sportchaco.com.ar\/index.php?rest_route=%2Fwp%2Fv2%2Fmedia&parent=12391"}],"wp:term":[{"taxonomy":"category","embeddable":true,"href":"https:\/\/www.sportchaco.com.ar\/index.php?rest_route=%2Fwp%2Fv2%2Fcategories&post=12391"},{"taxonomy":"post_tag","embeddable":true,"href":"https:\/\/www.sportchaco.com.ar\/index.php?rest_route=%2Fwp%2Fv2%2Ftags&post=12391"}],"curies":[{"name":"wp","href":"https:\/\/api.w.org\/{rel}","templated":true}]}}