{"id":12420,"date":"2024-08-15T09:53:55","date_gmt":"2024-08-15T12:53:55","guid":{"rendered":"https:\/\/www.sportchaco.com.ar\/?p=12420"},"modified":"2024-08-15T09:53:55","modified_gmt":"2024-08-15T12:53:55","slug":"santi-perez-queda-en-olimpico","status":"publish","type":"post","link":"https:\/\/www.sportchaco.com.ar\/?p=12420","title":{"rendered":"Santi P\u00e9rez queda en Ol\u00edmpico"},"content":{"rendered":"<p><strong>15-8-2024<\/strong><\/p>\n<p>Santiago P\u00e9rez, nacido en Resistencia el 10 de agosto de 2002, tuvo una gran presentaci\u00f3n en su primera temporada en la m\u00e1xima categor\u00eda como una de las fichas U23 del Negro de La Banda. En 31 partidos, \u00abPippen\u00bb estuvo en cancha una media de 9,7 minutos, 4.19 puntos.<\/p>\n<p>\u00abEstoy muy entusiasmado con esta nueva oportunidad en la Liga Nacional y con la camiseta de Ol\u00edmpico. Al igual que la temporada pasada vamos con todo para dejar al club lo m\u00e1s arriba posible en todo lo que nos toque jugar\u00bb, expres\u00f3 el jugador chaque\u00f1o, pero con profundas ra\u00edces santiague\u00f1as.<\/p>\n<p>Santiago P\u00e9rez se suma a las confirmaciones de Jos\u00e9 Defelippo, Agust\u00edn Facello y Phillip Lockett, con el entrenador Adri\u00e1n Capelli.<\/p>\n<p>Informe y fotos: Prensa Ol\u00edmpico.<\/p>\n<p><img loading=\"lazy\" decoding=\"async\" class=\" wp-image-12320 aligncenter\" src=\"https:\/\/www.sportchaco.com.ar\/wp-content\/uploads\/2024\/08\/CHACO-JUEGA-BANNERS-1_200X200-1.gif\" alt=\"\" width=\"273\" height=\"273\" \/><\/p>\n","protected":false},"excerpt":{"rendered":"<p>15-8-2024 Santiago P\u00e9rez, nacido en Resistencia el 10 de agosto de 2002, tuvo una gran presentaci\u00f3n en su primera temporada en la m\u00e1xima categor\u00eda como una de las fichas U23 del Negro de La Banda. En 31 partidos, \u00abPippen\u00bb estuvo en cancha una media de 9,7 minutos, 4.19 puntos. \u00abEstoy muy entusiasmado con esta nueva &hellip;<\/p>\n","protected":false},"author":5,"featured_media":12421,"comment_status":"open","ping_status":"open","sticky":false,"template":"","format":"standard","meta":{"footnotes":""},"categories":[3],"tags":[],"class_list":["post-12420","post","type-post","status-publish","format-standard","has-post-thumbnail","hentry","category-basquetbol"],"_links":{"self":[{"href":"https:\/\/www.sportchaco.com.ar\/index.php?rest_route=\/wp\/v2\/posts\/12420","targetHints":{"allow":["GET"]}}],"collection":[{"href":"https:\/\/www.sportchaco.com.ar\/index.php?rest_route=\/wp\/v2\/posts"}],"about":[{"href":"https:\/\/www.sportchaco.com.ar\/index.php?rest_route=\/wp\/v2\/types\/post"}],"author":[{"embeddable":true,"href":"https:\/\/www.sportchaco.com.ar\/index.php?rest_route=\/wp\/v2\/users\/5"}],"replies":[{"embeddable":true,"href":"https:\/\/www.sportchaco.com.ar\/index.php?rest_route=%2Fwp%2Fv2%2Fcomments&post=12420"}],"version-history":[{"count":1,"href":"https:\/\/www.sportchaco.com.ar\/index.php?rest_route=\/wp\/v2\/posts\/12420\/revisions"}],"predecessor-version":[{"id":12422,"href":"https:\/\/www.sportchaco.com.ar\/index.php?rest_route=\/wp\/v2\/posts\/12420\/revisions\/12422"}],"wp:featuredmedia":[{"embeddable":true,"href":"https:\/\/www.sportchaco.com.ar\/index.php?rest_route=\/wp\/v2\/media\/12421"}],"wp:attachment":[{"href":"https:\/\/www.sportchaco.com.ar\/index.php?rest_route=%2Fwp%2Fv2%2Fmedia&parent=12420"}],"wp:term":[{"taxonomy":"category","embeddable":true,"href":"https:\/\/www.sportchaco.com.ar\/index.php?rest_route=%2Fwp%2Fv2%2Fcategories&post=12420"},{"taxonomy":"post_tag","embeddable":true,"href":"https:\/\/www.sportchaco.com.ar\/index.php?rest_route=%2Fwp%2Fv2%2Ftags&post=12420"}],"curies":[{"name":"wp","href":"https:\/\/api.w.org\/{rel}","templated":true}]}}