{"id":12427,"date":"2024-08-15T12:40:19","date_gmt":"2024-08-15T15:40:19","guid":{"rendered":"https:\/\/www.sportchaco.com.ar\/?p=12427"},"modified":"2024-08-15T12:40:19","modified_gmt":"2024-08-15T15:40:19","slug":"javier-milei-le-declaro-la-guerra-al-deporte-argentino","status":"publish","type":"post","link":"https:\/\/www.sportchaco.com.ar\/?p=12427","title":{"rendered":"Javier Milei le declar\u00f3 la guerra al deporte argentino"},"content":{"rendered":"<div class=\"article-image-slot image-slot-placeholder\" data-is-first=\"true\" data-doc-id=\"cms\/api\/amp\/image\/AA1oObtv\">\n<div class=\"article-image-slot\">\n<div class=\"article-image-container\" data-t=\"{&quot;n&quot;:&quot;OpenModal&quot;,&quot;t&quot;:13,&quot;b&quot;:8,&quot;c.i&quot;:&quot;AA1oOkZc&quot;,&quot;c.l&quot;:false,&quot;c.t&quot;:13,&quot;c.v&quot;:&quot;sports&quot;,&quot;c.c&quot;:&quot;sports_news&quot;,&quot;c.b&quot;:&quot;P\u00e1gina|12&quot;,&quot;c.bi&quot;:&quot;BB1c0VWJ&quot;,&quot;c.hl&quot;:&quot;Javier Milei le declar\u00f3 la guerra al deporte argentino&quot;}\" data-test-id=\"AA1oObtv\">\n<div class=\"article-image-height-wrapper expandable article-image-height-wrapper-new\" tabindex=\"0\" data-customhandled=\"true\" data-t=\"{&quot;n&quot;:&quot;destination&quot;,&quot;b&quot;:1,&quot;c.i&quot;:&quot;AA1oOkZc&quot;,&quot;c.l&quot;:false,&quot;c.t&quot;:13,&quot;c.v&quot;:&quot;sports&quot;,&quot;c.c&quot;:&quot;sports_news&quot;,&quot;c.b&quot;:&quot;P\u00e1gina|12&quot;,&quot;c.bi&quot;:&quot;BB1c0VWJ&quot;,&quot;c.hl&quot;:&quot;Javier Milei le declar\u00f3 la guerra al deporte argentino&quot;}\"><span style=\"color: #000000;\"><img decoding=\"async\" class=\"article-image article-image-ux-impr article-image-new expandable\" title=\"Javier Milei contra el deporte argentino.\" src=\"https:\/\/img-s-msn-com.akamaized.net\/tenant\/amp\/entityid\/AA1oObtv.img?w=768&amp;h=512&amp;m=6&amp;x=516&amp;y=98&amp;s=188&amp;d=188\" alt=\"Javier Milei contra el deporte argentino.\" \/><\/span><\/div>\n<div class=\"image-caption-container image-caption-container-ux-impr articlewc-image-caption-container \"><span style=\"color: #000000;\"><span class=\"image-caption\">Javier Milei contra el deporte argentino.<\/span><span class=\"image-attribution image-attribution-ux-impr\">\u00a9\u00a0NA<\/span><\/span><\/div>\n<\/div>\n<\/div>\n<\/div>\n<div><span style=\"color: #000000;\">Historia de Vardan Bleyan &#8211; Pagina 12<\/span><\/div>\n<div><\/div>\n<div><\/div>\n<p data-t=\"{&quot;n&quot;:&quot;blueLinks&quot;}\"><span style=\"color: #000000;\">Este mi\u00e9rcoles el\u00a0gobierno nacional\u00a0public\u00f3 en el\u00a0<a style=\"color: #000000;\" href=\"https:\/\/www.boletinoficial.gob.ar\/detalleAviso\/primera\/312212\/20240814\" target=\"_blank\" rel=\"noopener\" data-t=\"{&quot;n&quot;:&quot;destination&quot;,&quot;t&quot;:13,&quot;b&quot;:1,&quot;c.t&quot;:7}\">Bolet\u00edn Oficial\u00a0la reglamentaci\u00f3n de las\u00a0Sociedades An\u00f3nimas Deportivas (SAD)<\/a>\u00a0prevista en el\u00a0<a style=\"color: #000000;\" href=\"https:\/\/www.pagina12.com.ar\/708967-el-dnu-de-milei-puede-dejar-a-argentina-afuera-de-la-copa-am\" target=\"_blank\" rel=\"noopener\" data-t=\"{&quot;n&quot;:&quot;destination&quot;,&quot;t&quot;:13,&quot;b&quot;:1,&quot;c.t&quot;:7}\">DNU 70\/2023<\/a>, que entra en vigencia a partir de este jueves. La medida -que ya hab\u00eda sido rechazada por entidades deportivas como la Asociaci\u00f3n del F\u00fatbol Argentino (AFA)- lleva las firmas de\u00a0Javier Milei,\u00a0el jefe de Gabinete\u00a0Guillermo Francos\u00a0y el ministro de Justicia\u00a0Mariano C\u00faneo Libarona, y obliga a las asociaciones, federaciones y confederaciones deportivas a cambiar sus estatutos en el plazo de 1 a\u00f1o. Esta avanzada del oficialismo contra los clubes puede ser penalizada por las entidades deportivas internacionales.\u00a0<\/span><\/p>\n<div class=\"intra-article-module\" data-t=\"{&quot;n&quot;:&quot;intraArticle&quot;,&quot;t&quot;:13}\"><\/div>\n<p class=\"continue-read-break\" data-t=\"{&quot;n&quot;:&quot;blueLinks&quot;}\"><span style=\"color: #000000;\">\u00abUn gobierno que dice basarse en la libertad ha vulnerado por DNU la Ley del Deporte que garantiza a todas las instituciones la libre gesti\u00f3n.\u00a0Milei se arrog\u00f3 las facultades de comisi\u00f3n directiva de todas las federaciones deportivas y clubes del pa\u00eds y les exige que modifiquen sus estatutos sociales. Para eso primero debiera haber una reuni\u00f3n de comisi\u00f3n directiva donde se ponga a consideraci\u00f3n la modificaci\u00f3n. Si se aprueba reci\u00e9n pasa a la Asamblea y all\u00ed tiene que tener la mayor\u00eda o a veces 2\/3 para ser aprobada. Milei destruy\u00f3 todo eso y se arrog\u00f3 el poder de asamblea\u00bb, sostiene\u00a0Rodolfo Paverini, presidente de la Confederaci\u00f3n Argentina del Deporte (CAD)\u00a0\u2014m\u00e1xima autoridad deportiva en el pa\u00eds\u2014 en di\u00e1logo con\u00a0P\u00e1gina|12.<\/span><\/p>\n<h2 class=\"article-sub-heading\"><span style=\"color: #000000;\">\u00bfQu\u00e9 son las SAD?<\/span><\/h2>\n<p data-t=\"{&quot;n&quot;:&quot;blueLinks&quot;}\"><span style=\"color: #000000;\">Las\u00a0Sociedades An\u00f3nimas Deportivas\u00a0son una forma de organizaci\u00f3n jur\u00eddica en la que\u00a0los propietarios de los clubes son accionistas e inversores. En Argentina, la ley y los estatutos de las diferentes entidades deportivas establecen que los clubes son asociaciones sin fines de lucro cuyos due\u00f1os son los socios que, por ejemplo, tienen derecho a votar a sus autoridades y acceder a los balances econ\u00f3micos.<\/span><\/p>\n<div class=\"intra-article-module\" data-t=\"{&quot;n&quot;:&quot;intraArticle&quot;,&quot;t&quot;:13}\"><\/div>\n<p data-t=\"{&quot;n&quot;:&quot;blueLinks&quot;}\"><span style=\"color: #000000;\">Las SAD son una empresa, por los cual\u00a0los socios no pueden votar a la dirigencia. Al tener \u00e1nimo de lucro no est\u00e1n obligadas a reinvertir el dinero obtenido, de manera que los propietarios pueden repartirse las ganancias.\u00a0<\/span><\/p>\n<h2 class=\"article-sub-heading\"><span style=\"color: #000000;\">\u00bfQu\u00e9 significa que el Gobierno haya reglamentado las SAD?<\/span><\/h2>\n<p data-t=\"{&quot;n&quot;:&quot;blueLinks&quot;}\"><span style=\"color: #000000;\">En diciembre de 2023, el gobierno nacional emiti\u00f3 un\u00a0Decreto de Necesidad y Urgencia (DNU)\u00a0en el que incluy\u00f3 cambios en la\u00a0Ley del Deporte. Se destacan la posibilidad del\u00a0ingreso de las sociedades an\u00f3nimas y la obligaci\u00f3n de las federaciones, asociaciones y confederaciones de cambiar sus estatutos\u00a0\u2014quieran o no\u2014, los cuales hasta el momento solo reconocen a las asociaciones civiles sin fines de lucro.\u00a0<\/span><\/p>\n<p data-t=\"{&quot;n&quot;:&quot;blueLinks&quot;}\"><span style=\"color: #000000;\">Si bien las entidades deportivas tienen un plazo de un a\u00f1o \u2014a partir de este jueves\u2014 para cambiar sus estatutos, el Gobierno dispuso que\u00a0\u00abno se podr\u00e1 impedir, dificultar, privar o menoscabar cualquier derecho a una organizaci\u00f3n deportiva debido a su forma jur\u00eddica, ya sea una asociaci\u00f3n civil o una sociedad an\u00f3nima, siempre y cuando est\u00e9 reconocida por la ley\u00bb.\u00a0Entonces el Gobierno no solo las obliga a cambiar sus estatutos, sino que en el mientras tanto las obliga a desobedecer el vigente.<\/span><\/p>\n<div class=\"intra-article-module\" data-t=\"{&quot;n&quot;:&quot;intraArticle&quot;,&quot;t&quot;:13}\"><\/div>\n<p data-t=\"{&quot;n&quot;:&quot;blueLinks&quot;}\"><span style=\"color: #000000;\">El Decreto tambi\u00e9n establece que \u00ablas organizaciones que modifiquen su estructura jur\u00eddica\u00a0tendr\u00e1n derecho a mantener su participaci\u00f3n en toda competici\u00f3n en la que intervinieran bajo su estructura jur\u00eddica anterior y en las mismas condiciones que se encontraban con anterioridad a la modificaci\u00f3n producida\u201d. De esta manera, no se les podr\u00edan aplicar sanciones a las instituciones que violen los estatutos vigentes.\u00a0<\/span><\/p>\n<h2 class=\"article-sub-heading\"><span style=\"color: #000000;\">El deporte argentino y la Justicia rechazaron el DNU de Milei<\/span><\/h2>\n<p data-t=\"{&quot;n&quot;:&quot;blueLinks&quot;}\"><span style=\"color: #000000;\">A pesar de los amparos presentados por diferentes entidades deportivas \u2014incluida la\u00a0CAD\u00a0(conformada por 456 entidades, entre ellas la AFA)\u2014 y de las medidas cautelares de la Justicia, el Gobierno decidi\u00f3 avanzar con la reglamentaci\u00f3n y los cambios entrar\u00e1n en vigencia este jueves.\u00a0<\/span><\/p>\n<div class=\"intra-article-module\" data-t=\"{&quot;n&quot;:&quot;intraArticle&quot;,&quot;t&quot;:13}\"><\/div>\n<p data-t=\"{&quot;n&quot;:&quot;blueLinks&quot;}\"><span style=\"color: #000000;\">El 30 de enero de este a\u00f1o, tras un amparo presentado por la Liga de F\u00fatbol de Salto, la Justicia Federal de Mercedes dict\u00f3\u00a0una cautelar para frenar los art\u00edculos\u00a0335 (proh\u00edbe que se le impida a una SAD\u00a0afiliarse a una confederaci\u00f3n, federaci\u00f3n, asociaci\u00f3n, liga o uni\u00f3n) y 345 (estipula que las entidades del deporte cuentan con un a\u00f1o para actualizar sus estatutos) del DNU. El 14 de marzo, la C\u00e1mara Federal de San Mart\u00edn confirm\u00f3 la cautelar y le orden\u00f3 al Estado Nacional suspender esos art\u00edculos. El juez Elpidio Portocarrero Tezanos Pinto, titular del mencionado juzgado de Mercedes, ratific\u00f3 hoy la cautelar.\u00a0Pero para el Gobierno \u2014en palabras del propio secretario Daniel Scioli\u2014 esa resoluci\u00f3n solo afecta a la Liga de Salto y no a todo el deporte argentino, un argumento con el que intenta burlar a la Justicia.<\/span><\/p>\n<p data-t=\"{&quot;n&quot;:&quot;blueLinks&quot;}\"><span style=\"color: #000000;\">\u00abEl amparo de la CAD est\u00e1 en la Corte Suprema dando vueltas.\u00a0Estamos esperando a que dicten competencia para ver qu\u00e9 juzgado lo toma.\u00a0Mientras tanto el Gobierno contin\u00faa avasallando la institucionalidad\u00bb, reclama\u00a0Paverini.<\/span><\/p>\n<div class=\"intra-article-module\" data-t=\"{&quot;n&quot;:&quot;intraArticle&quot;,&quot;t&quot;:13}\"><\/div>\n<h2 class=\"article-sub-heading\"><span style=\"color: #000000;\">Privatizar el f\u00fatbol, el objetivo del Gobierno de Milei: la AFA se opone<\/span><\/h2>\n<p data-t=\"{&quot;n&quot;:&quot;blueLinks&quot;}\"><span style=\"color: #000000;\">El gran objetivo del Gobierno es privatizar \u2014a\u00fan m\u00e1s\u2014 el f\u00fatbol. El\u00a0<a style=\"color: #000000;\" href=\"https:\/\/www.afa.com.ar\/upload\/torneo\/Placas%20categor%C3%ADas\/2023\/Noviembre\/Estatuto%20-%20Desde%202023.11.23.pdf\" target=\"_blank\" rel=\"noopener\" data-t=\"{&quot;n&quot;:&quot;destination&quot;,&quot;t&quot;:13,&quot;b&quot;:1,&quot;c.t&quot;:7}\">estatuto de la\u00a0AFA\u00a0<\/a>en su art\u00edculo 9 dispone que los clubes a incorporarse como invitados deber\u00e1n revestir \u00abel car\u00e1cter de asociaciones civiles sin fines de lucro\u00bb. En la\u00a0<a style=\"color: #000000;\" href=\"https:\/\/www.afa.com.ar\/es\/posts\/se-lleva-a-cabo-la-asamblea-ordinaria-2023-en-el-predio-de-ezeiza\" target=\"_blank\" rel=\"noopener\" data-t=\"{&quot;n&quot;:&quot;destination&quot;,&quot;t&quot;:13,&quot;b&quot;:1,&quot;c.t&quot;:7}\">asamblea ordinaria del 23 de noviembre de 2023<\/a>\u00a0se ratific\u00f3 por unanimidad el no a las SAD. En aquella ocasi\u00f3n hubo un solo ausente que fue\u00a0Talleres de C\u00f3rdoba, que m\u00e1s all\u00e1 de que en los papeles\u00a0no es una SAD,\u00a0<a style=\"color: #000000;\" href=\"https:\/\/www.pagina12.com.ar\/387841-talleres-de-la-quiebra-al-modelo-privado\" target=\"_blank\" rel=\"noopener\" data-t=\"{&quot;n&quot;:&quot;destination&quot;,&quot;t&quot;:13,&quot;b&quot;:1,&quot;c.t&quot;:7}\">tiene manejos similares<\/a>.<\/span><\/p>\n<p data-t=\"{&quot;n&quot;:&quot;blueLinks&quot;}\"><span style=\"color: #000000;\">Hace unos d\u00edas, la\u00a0Asociaci\u00f3n del F\u00fatbol Argentino\u00a0emiti\u00f3 un comunicado en el que aclar\u00f3 que \u00abAFA\u00a0ni sus entidades miembros se encuentran en oposici\u00f3n a las llamadas SAD y\/o a que cada asociaci\u00f3n civil pueda decidir libremente la estructura jur\u00eddica a adoptar; ahora bien, a lo que s\u00ed se opone AFA y sus entidades miembros, puesto que es palmariamente inconstitucional, es que se quiera obligar a cualquier ente privado (la AFA y cualquier asociaci\u00f3n civil, lo es) a asociar a entidades con diferente estructura jur\u00eddica a la de sus actuales miembros en clara oposici\u00f3n a sus estatutos conforme as\u00ed lo establecieron sus socios\u00bb.<\/span><\/p>\n<div class=\"intra-article-module\" data-t=\"{&quot;n&quot;:&quot;intraArticle&quot;,&quot;t&quot;:13}\"><\/div>\n<p data-t=\"{&quot;n&quot;:&quot;blueLinks&quot;}\"><span style=\"color: #000000;\">La AFA us\u00f3 un ejemplo para graficar la gravedad de la intromisi\u00f3n del Gobierno: \u00abEs como que a los accionistas de una sociedad comercial (ente privado) se los quiera obligar por medio de un decreto del Poder Ejecutivo a asociar a otros accionistas por intereses particulares del gobierno de turno\u00bb.\u00a0<\/span><\/p>\n<h2 class=\"article-sub-heading\"><span style=\"color: #000000;\">Los estatutos de FIFA y CONMEBOL, la Carta Ol\u00edmpica y AFA y la CAD<\/span><\/h2>\n<p data-t=\"{&quot;n&quot;:&quot;blueLinks&quot;}\"><span style=\"color: #000000;\">La\u00a0<a style=\"color: #000000;\" href=\"https:\/\/digitalhub.fifa.com\/m\/14031d92127344dc\/original\/FIFA-LEGAL-HANDBOOK-EDICION-SEPTIEMBRE-2022.pdf\" target=\"_blank\" rel=\"noopener\" data-t=\"{&quot;n&quot;:&quot;destination&quot;,&quot;t&quot;:13,&quot;b&quot;:1,&quot;c.t&quot;:7}\">FIFA\u00a0exige en su estatuto<\/a>\u00a0que las asociaciones \u00abdeber\u00e1n administrar sus asuntos de forma independiente y procurar que no se produzca ninguna injerencia por parte de terceros en sus asuntos internos\u00bb. Tambi\u00e9n exige la \u00abprevenci\u00f3n de injerencias pol\u00edticas\u00bb. La\u00a0<a style=\"color: #000000;\" href=\"https:\/\/www.conmebol.com\/documentos\/codigo-de-etica-fifa\/\" target=\"_blank\" rel=\"noopener\" data-t=\"{&quot;n&quot;:&quot;destination&quot;,&quot;t&quot;:13,&quot;b&quot;:1,&quot;c.t&quot;:7}\">CONMEBOL\u00a0adhiere a la\u00a0FIFA<\/a>\u00a0y ambas advierten que \u00abson causales de suspensi\u00f3n parcial o expulsi\u00f3n de cualquer asociaci\u00f3n miembro las violaciones de esas obligaciones y principios\u00bb.<\/span><\/p>\n<div class=\"intra-article-module\" data-t=\"{&quot;n&quot;:&quot;intraArticle&quot;,&quot;t&quot;:13}\"><\/div>\n<p data-t=\"{&quot;n&quot;:&quot;blueLinks&quot;}\"><span style=\"color: #000000;\">Por su parte, la\u00a0<a style=\"color: #000000;\" href=\"https:\/\/stillmed.olympics.com\/media\/Document%20Library\/OlympicOrg\/General\/ES-Olympic-Charter.pdf\" target=\"_blank\" rel=\"noopener\" data-t=\"{&quot;n&quot;:&quot;destination&quot;,&quot;t&quot;:13,&quot;b&quot;:1,&quot;c.t&quot;:7}\">Carta Ol\u00edmpica<\/a>\u00a0establece que \u00ablos miembros del COI no aceptar\u00e1n de los gobiernos ni terceras partes \u00f3rdenes ni instrucciones susceptibles de comprometer su libertad de acci\u00f3n y de voto\u201d.\u00a0La violaci\u00f3n de la Carta Ol\u00edmpica es causal de suspensi\u00f3n y expulsi\u00f3n. Estas normas se repiten en todas las federaciones internacionales deportivas.\u00a0<\/span><\/p>\n<p data-t=\"{&quot;n&quot;:&quot;blueLinks&quot;}\"><span style=\"color: #000000;\">La injerencia ilegal e inconstitucional del Gobierno colisiona con los reglamentos de las instituciones internacionales del deporte, por lo que\u00a0las entidades argentinas podr\u00edan recibir sanciones que van desde competir con bandera blanca en los Juegos Ol\u00edmpicos hasta descalificaciones de torneos como la Copa Libertadores, entre otros.\u00a0<\/span><\/p>\n<p data-t=\"{&quot;n&quot;:&quot;blueLinks&quot;}\"><span style=\"color: #000000;\">Pensar en la suspensi\u00f3n o expulsi\u00f3n de Argentina de la FIFA, CONMEBOL u otras entidades internacionales no es descabellado. En enero de este a\u00f1o la Corte Suprema de Brasil restituy\u00f3 al presidente de la\u00a0Confederaci\u00f3n Brasile\u00f1a de F\u00fatbol,\u00a0Ednaldo Rodrigues,\u00a0quien hab\u00eda sido destituido de su cargo a comienzos de diciembre por un fallo de la Justicia Federal de Rio de Janeiro debido a supuestas irregularidades en las elecciones.<\/span><\/p>\n<div class=\"intra-article-module\" data-t=\"{&quot;n&quot;:&quot;intraArticle&quot;,&quot;t&quot;:13}\"><\/div>\n<p data-t=\"{&quot;n&quot;:&quot;blueLinks&quot;}\"><span style=\"color: #000000;\">FIFA y CONMEBOL adviertieron que de no revertirse ese fallo descalificar\u00edan a las selecciones y clubes de Brasil. La Procuradur\u00eda General de la Rep\u00fablica (PGR) y la Abogac\u00eda General de Brasil le recomendaron a la Corte Suprema que suspendiera la decisi\u00f3n judicial debido a la amenaza de desafiliaci\u00f3n.<\/span><\/p>\n<p data-t=\"{&quot;n&quot;:&quot;blueLinks&quot;}\"><span style=\"color: #000000;\">Existen 3 instituciones que pueden tomar la decisi\u00f3n de reclamar a los organismos internacionales por esta intromisi\u00f3n: el\u00a0Comit\u00e9 Ol\u00edmpico Argentino (COA), la AFA y la CAD. Por el lado del COA es muy dif\u00edcil:\u00a0Gerardo Werthein, nombrado embajador de Argentina en Estados Unidos por Milei, es presidente honorario del Comit\u00e9 Ol\u00edmpico Argentino y vicepresidente del Comit\u00e9 Ol\u00edmpico Internacional.\u00a0El COA no se ha manifestado de manera oficial con respecto al DNU\u00a0y a pesar de los m\u00faltiples intentos y consultas de este diario, no han respondido\u00a0hasta el momento.<\/span><\/p>\n<div class=\"intra-article-module\" data-t=\"{&quot;n&quot;:&quot;intraArticle&quot;,&quot;t&quot;:13}\"><\/div>\n<p data-t=\"{&quot;n&quot;:&quot;blueLinks&quot;}\"><span style=\"color: #000000;\">En cuanto a la AFA, es importante recordar que el expresidente\u00a0Mauricio Macri, el primer gran impulsor de la privatizaci\u00f3n del f\u00fatbol en los finales de la d\u00e9cada del 90, es\u00a0presidente de la Fundaci\u00f3n FIFA\u00a0y muy cercano al presidente\u00a0Gianni Infantino, con quien el propio Milei se reuni\u00f3 hace una semanas para discutir el financiamiento de los clubes.\u00a0<\/span><\/p>\n<p data-t=\"{&quot;n&quot;:&quot;blueLinks&quot;}\"><span style=\"color: #000000;\">\u00abTapia est\u00e1 condicionado por Macri.\u00a0Hay una operaci\u00f3n pinza para que ninguna de las 2 instituciones puedan llevar el reclamo adelante.\u00a0Es indudable que Macri puede tener influencia en la decisi\u00f3n del Comit\u00e9 Ejecutivo de la FIFA, ser\u00edamos muy infantiles en pensar lo contrario\u00bb, asegura Paverini.<\/span><\/p>\n<p data-t=\"{&quot;n&quot;:&quot;blueLinks&quot;}\"><span style=\"color: #000000;\">Desde la CAD aseguran que intentaron ser prudentes, pero la reglamentaci\u00f3n del DNU cambia completamente el panorama y que si el COI o la AFA no toman ninguna determinaci\u00f3n, ellos s\u00ed lo har\u00e1n.<\/span><\/p>\n<p data-t=\"{&quot;n&quot;:&quot;blueLinks&quot;}\"><span style=\"color: #000000;\">Pero m\u00e1s all\u00e1 del avasallamiento a la institucionalidad de deporte argentino, el DNU tambi\u00e9n prev\u00e9 que las SAD puedan tener los mismos beneficios de los que gozan las asociaciones civiles sin fines de lucro. Desde recibir las becas para sus atletas \u2014como las que el ENARD le da a los atletas ol\u00edmpicos\u2014 hasta el hecho de tener los mismos beneficios previsionales e impositivos Por ejemplo en las tarifas de luz y gas.\u00a0El Gobierno no solo apoyar\u00eda la privatizaci\u00f3n de los clubes, sino que incluso la estar\u00eda subsidiando<\/span><\/p>\n<p data-t=\"{&quot;n&quot;:&quot;blueLinks&quot;}\">\n<p style=\"text-align: center;\" data-t=\"{&quot;n&quot;:&quot;blueLinks&quot;}\"><img loading=\"lazy\" decoding=\"async\" class=\"alignnone size-full wp-image-12320\" src=\"https:\/\/www.sportchaco.com.ar\/wp-content\/uploads\/2024\/08\/CHACO-JUEGA-BANNERS-1_200X200-1.gif\" alt=\"\" width=\"200\" height=\"200\" \/><\/p>\n","protected":false},"excerpt":{"rendered":"<p>Javier Milei contra el deporte argentino.\u00a9\u00a0NA Historia de Vardan Bleyan &#8211; Pagina 12 Este mi\u00e9rcoles el\u00a0gobierno nacional\u00a0public\u00f3 en el\u00a0Bolet\u00edn Oficial\u00a0la reglamentaci\u00f3n de las\u00a0Sociedades An\u00f3nimas Deportivas (SAD)\u00a0prevista en el\u00a0DNU 70\/2023, que entra en vigencia a partir de este jueves. La medida -que ya hab\u00eda sido rechazada por entidades deportivas como la Asociaci\u00f3n del F\u00fatbol Argentino (AFA)- &hellip;<\/p>\n","protected":false},"author":2,"featured_media":12428,"comment_status":"open","ping_status":"open","sticky":false,"template":"","format":"standard","meta":{"footnotes":""},"categories":[47],"tags":[],"class_list":["post-12427","post","type-post","status-publish","format-standard","has-post-thumbnail","hentry","category-nacionales"],"_links":{"self":[{"href":"https:\/\/www.sportchaco.com.ar\/index.php?rest_route=\/wp\/v2\/posts\/12427","targetHints":{"allow":["GET"]}}],"collection":[{"href":"https:\/\/www.sportchaco.com.ar\/index.php?rest_route=\/wp\/v2\/posts"}],"about":[{"href":"https:\/\/www.sportchaco.com.ar\/index.php?rest_route=\/wp\/v2\/types\/post"}],"author":[{"embeddable":true,"href":"https:\/\/www.sportchaco.com.ar\/index.php?rest_route=\/wp\/v2\/users\/2"}],"replies":[{"embeddable":true,"href":"https:\/\/www.sportchaco.com.ar\/index.php?rest_route=%2Fwp%2Fv2%2Fcomments&post=12427"}],"version-history":[{"count":1,"href":"https:\/\/www.sportchaco.com.ar\/index.php?rest_route=\/wp\/v2\/posts\/12427\/revisions"}],"predecessor-version":[{"id":12430,"href":"https:\/\/www.sportchaco.com.ar\/index.php?rest_route=\/wp\/v2\/posts\/12427\/revisions\/12430"}],"wp:featuredmedia":[{"embeddable":true,"href":"https:\/\/www.sportchaco.com.ar\/index.php?rest_route=\/wp\/v2\/media\/12428"}],"wp:attachment":[{"href":"https:\/\/www.sportchaco.com.ar\/index.php?rest_route=%2Fwp%2Fv2%2Fmedia&parent=12427"}],"wp:term":[{"taxonomy":"category","embeddable":true,"href":"https:\/\/www.sportchaco.com.ar\/index.php?rest_route=%2Fwp%2Fv2%2Fcategories&post=12427"},{"taxonomy":"post_tag","embeddable":true,"href":"https:\/\/www.sportchaco.com.ar\/index.php?rest_route=%2Fwp%2Fv2%2Ftags&post=12427"}],"curies":[{"name":"wp","href":"https:\/\/api.w.org\/{rel}","templated":true}]}}