{"id":12432,"date":"2024-08-15T16:24:05","date_gmt":"2024-08-15T19:24:05","guid":{"rendered":"https:\/\/www.sportchaco.com.ar\/?p=12432"},"modified":"2024-08-15T16:24:05","modified_gmt":"2024-08-15T19:24:05","slug":"hector-gomez-fue-designado-asambleista-de-la-primera-nacional","status":"publish","type":"post","link":"https:\/\/www.sportchaco.com.ar\/?p=12432","title":{"rendered":"H\u00e9ctor G\u00f3mez fue designado asamble\u00edsta de la Primera Nacional"},"content":{"rendered":"<p><strong>15-08-2024<\/strong><\/p>\n<p><img loading=\"lazy\" decoding=\"async\" class=\" wp-image-11990 aligncenter\" src=\"https:\/\/www.sportchaco.com.ar\/wp-content\/uploads\/2024\/07\/Copy-of-CHACO-JUEGA-BANNERS-1_1200X200-1-300x50.gif\" alt=\"\" width=\"396\" height=\"66\" srcset=\"https:\/\/www.sportchaco.com.ar\/wp-content\/uploads\/2024\/07\/Copy-of-CHACO-JUEGA-BANNERS-1_1200X200-1-300x50.gif 300w, https:\/\/www.sportchaco.com.ar\/wp-content\/uploads\/2024\/07\/Copy-of-CHACO-JUEGA-BANNERS-1_1200X200-1-1024x171.gif 1024w, https:\/\/www.sportchaco.com.ar\/wp-content\/uploads\/2024\/07\/Copy-of-CHACO-JUEGA-BANNERS-1_1200X200-1-768x128.gif 768w\" sizes=\"auto, (max-width: 396px) 100vw, 396px\" \/><\/p>\n<p>En la tarde de este mi\u00e9rcoles, en la sede de la Asociaci\u00f3n del F\u00fatbol Argentino ubicado en calle Viamonte, dirigentes de los equipos de la Primera Nacional eligieron a sus seis representantes delegados asamble\u00edstas. Fueron tres de equipos de Buenos Aires y tres de equipos del interior del pa\u00eds, entre los que se encuentra H\u00e9ctor G\u00f3mez, presidente de Chaco For Ever.<\/p>\n<p>El presidente albinegro supo representar a sus partes en la mayor\u00eda de los a\u00f1os que el club milit\u00f3 por el torneo Federal A. Una vez que ascendi\u00f3, en su primera temporada en la Primera Nacional fue electo como delegado titular de la categor\u00eda y durante el 2023, asumi\u00f3 como delegado suplente.<\/p>\n<p><img loading=\"lazy\" decoding=\"async\" class=\"aligncenter\" src=\"https:\/\/pbs.twimg.com\/media\/GU-cSM4WoAAYsMV?format=jpg&amp;name=360x360\" alt=\"Imagen\" width=\"402\" height=\"210\" \/><\/p>\n<p>En este 2024, en la tercera temporada de For Ever en la segunda categor\u00eda del f\u00fatbol argentino, fue nuevamente elegido por sus pares como representante de los equipos del interior del pa\u00eds en las Asambleas de AFA por parte de la Primera Nacional. En este nuevo mandato, H\u00e9ctor G\u00f3mez compartir\u00e1 funci\u00f3n con Alicio Osvaldo Dagatti, de Estudiantes de R\u00edo Cuarto y\u00a0Ricardo Daniel Sastre, de Deportivo Madryn, por el Interior.<\/p>\n<p>Cabe destacar que la AFA se prepara de a poco en lo que ser\u00e1n unas nuevas elecciones del Comit\u00e9 Ejecutivo de la Entidad, que preside Claudio Tapia y cuyo mandato vencer\u00e1 en el 2025, cuando nuevamente haya que elegir mandatarios. Es por ello, que H\u00e9ctor G\u00f3mez participar\u00e1 de ese evento el a\u00f1o pr\u00f3ximo representando a la Primera Nacional.<\/p>\n<p><strong>LA PRIMERA NACIONAL QUED\u00d3 REPRESENTADA DE LA SIGUIENTE MANERA<br \/>\n<\/strong><strong>Delegados titulares<br \/>\n<\/strong><strong>Gabriel Alberto Mansilla<\/strong><br \/>\nPresidente Club Deportivo Mor\u00f3n<\/p>\n<p><strong>Ricardo Daniel Sastre<\/strong><br \/>\nPresidente Club Social y Deportivo Madryn<\/p>\n<p><strong>Sergio Gianturco<\/strong><br \/>\nVicepresidente 2\u00b0 Club Atl\u00e9tico Temperley<\/p>\n<p><strong>Alicio Osvaldo Dagatti<\/strong><br \/>\nPresidente Asociaci\u00f3n Atl\u00e9tica Estudiantes<\/p>\n<p><strong>Pablo Guerra<\/strong><br \/>\nVicepresidente 2\u00b0 Club Atl\u00e9tico Estudiantes<\/p>\n<p><strong>H\u00e9ctor Orlando G\u00f3mez<\/strong><br \/>\nPresidente Club Atl\u00e9tico Chaco For Ever<\/p>\n<p>&nbsp;<\/p>\n<p><strong>Delegados Suplentes<\/strong><br \/>\n<strong>Fernando Ariel Porretta\u00a0<\/strong><br \/>\nPresidente Club Atl\u00e9tico Gimnasia y Esgrima (Mendoza)<\/p>\n<p><strong>Nicol\u00e1s Cambiasso<\/strong><br \/>\nPresidente Club Atl\u00e9tico All Boys<\/p>\n<p><strong>N\u00e9stor Jos\u00e9 Di Pierro<\/strong><br \/>\nPresidente Club Atl\u00e9tico Chacarita Juniors<\/p>\n<p><strong>Emiliano Montes<\/strong><br \/>\nPresidente Club Atl\u00e9tico Alvarado<\/p>\n<p><strong>V\u00edctor Francisco Godano<\/strong><br \/>\nPresidente Club Atl\u00e9tico Col\u00f3n<\/p>\n<p><strong>Pablo Ignacio Clavell<\/strong><br \/>\nVicepresidente 1\u00b0 Club Atl\u00e9tico Atlanta<\/p>\n<p>&nbsp;<\/p>\n<p><strong><em>Fuente: Diario22.ar<\/em><\/strong><\/p>\n<p><img loading=\"lazy\" decoding=\"async\" class=\" wp-image-12320 aligncenter\" src=\"https:\/\/www.sportchaco.com.ar\/wp-content\/uploads\/2024\/08\/CHACO-JUEGA-BANNERS-1_200X200-1.gif\" alt=\"\" width=\"294\" height=\"294\" \/><\/p>\n","protected":false},"excerpt":{"rendered":"<p>15-08-2024 En la tarde de este mi\u00e9rcoles, en la sede de la Asociaci\u00f3n del F\u00fatbol Argentino ubicado en calle Viamonte, dirigentes de los equipos de la Primera Nacional eligieron a sus seis representantes delegados asamble\u00edstas. Fueron tres de equipos de Buenos Aires y tres de equipos del interior del pa\u00eds, entre los que se encuentra &hellip;<\/p>\n","protected":false},"author":3,"featured_media":12433,"comment_status":"open","ping_status":"open","sticky":false,"template":"","format":"standard","meta":{"footnotes":""},"categories":[5],"tags":[],"class_list":["post-12432","post","type-post","status-publish","format-standard","has-post-thumbnail","hentry","category-futbol"],"_links":{"self":[{"href":"https:\/\/www.sportchaco.com.ar\/index.php?rest_route=\/wp\/v2\/posts\/12432","targetHints":{"allow":["GET"]}}],"collection":[{"href":"https:\/\/www.sportchaco.com.ar\/index.php?rest_route=\/wp\/v2\/posts"}],"about":[{"href":"https:\/\/www.sportchaco.com.ar\/index.php?rest_route=\/wp\/v2\/types\/post"}],"author":[{"embeddable":true,"href":"https:\/\/www.sportchaco.com.ar\/index.php?rest_route=\/wp\/v2\/users\/3"}],"replies":[{"embeddable":true,"href":"https:\/\/www.sportchaco.com.ar\/index.php?rest_route=%2Fwp%2Fv2%2Fcomments&post=12432"}],"version-history":[{"count":1,"href":"https:\/\/www.sportchaco.com.ar\/index.php?rest_route=\/wp\/v2\/posts\/12432\/revisions"}],"predecessor-version":[{"id":12434,"href":"https:\/\/www.sportchaco.com.ar\/index.php?rest_route=\/wp\/v2\/posts\/12432\/revisions\/12434"}],"wp:featuredmedia":[{"embeddable":true,"href":"https:\/\/www.sportchaco.com.ar\/index.php?rest_route=\/wp\/v2\/media\/12433"}],"wp:attachment":[{"href":"https:\/\/www.sportchaco.com.ar\/index.php?rest_route=%2Fwp%2Fv2%2Fmedia&parent=12432"}],"wp:term":[{"taxonomy":"category","embeddable":true,"href":"https:\/\/www.sportchaco.com.ar\/index.php?rest_route=%2Fwp%2Fv2%2Fcategories&post=12432"},{"taxonomy":"post_tag","embeddable":true,"href":"https:\/\/www.sportchaco.com.ar\/index.php?rest_route=%2Fwp%2Fv2%2Ftags&post=12432"}],"curies":[{"name":"wp","href":"https:\/\/api.w.org\/{rel}","templated":true}]}}