{"id":12441,"date":"2024-08-15T21:27:28","date_gmt":"2024-08-16T00:27:28","guid":{"rendered":"https:\/\/www.sportchaco.com.ar\/?p=12441"},"modified":"2024-08-15T21:27:28","modified_gmt":"2024-08-16T00:27:28","slug":"sarmiento-se-prepara-para-ir-a-pronunciamiento","status":"publish","type":"post","link":"https:\/\/www.sportchaco.com.ar\/?p=12441","title":{"rendered":"Sarmiento se prepara para ir a Pronunciamiento"},"content":{"rendered":"<p><strong>15-08-2024<\/strong><\/p>\n<p><img loading=\"lazy\" decoding=\"async\" class=\" wp-image-9640 aligncenter\" src=\"https:\/\/www.sportchaco.com.ar\/wp-content\/uploads\/2024\/05\/gob-obras-marzo-apaisado-300x29.gif\" alt=\"\" width=\"372\" height=\"36\" srcset=\"https:\/\/www.sportchaco.com.ar\/wp-content\/uploads\/2024\/05\/gob-obras-marzo-apaisado-300x29.gif 300w, https:\/\/www.sportchaco.com.ar\/wp-content\/uploads\/2024\/05\/gob-obras-marzo-apaisado-768x74.gif 768w\" sizes=\"auto, (max-width: 372px) 100vw, 372px\" \/><\/p>\n<p>Sarmiento empieza a perfil el equipo que ir\u00e1 a Pronunciamiento este fin de semana para jugar ante Defensores por la 5\u00aa fecha de la Rev\u00e1lida B del Federal \u00abA\u00bb.<\/p>\n<p>La mala noticia en el \u00abdecano\u00bb es la lesi\u00f3n de Franco Dom\u00ednguez qui\u00e9n sufri\u00f3 un desgarro y estar\u00e1 varios partidos ausente. Pero el que Urbina recuper\u00f3 es a Mat\u00edas Presentado que dej\u00f3 atr\u00e1s una contractura que lo margin\u00f3 del encuentro ante Gimnasia de Concepci\u00f3n del Uruguay. Con lo cual ser\u00eda el \u00fanico cambio.<\/p>\n<p>Lo que el DT de Sarmiento tambi\u00e9n prob\u00f3 fue el cambio de esquema, pasando del 4-4-2 al 4-3-3.<\/p>\n<p>De esta manera Sarmiento formar\u00eda con Ezequiel Bacher; Rodrigo L\u00f3pez Alba, Mat\u00edas Presentado, Renzo Arzamendia y Tom\u00e1s Squie; Gonzalo Gonz\u00e1lez, Pablo Mart\u00ednez y Rodrigo Montenegro; Iv\u00e1n Escobares, Pablo Soda y Tom\u00e1s Gait\u00e1n.<\/p>\n<p>El \u00e1rbitro del encuentro del domingo a las 15 horas ser\u00e1 el cordob\u00e9s Fernando Rekers, los asistentes Carlos Viglietti y Leonel Su\u00e1rez y de cuarto juez estar\u00e1 Oscar Bono.<\/p>\n<p><img loading=\"lazy\" decoding=\"async\" class=\" wp-image-11289 aligncenter\" src=\"https:\/\/www.sportchaco.com.ar\/wp-content\/uploads\/2024\/07\/Gobierno-paisaje-1-300x116.png\" alt=\"\" width=\"378\" height=\"146\" srcset=\"https:\/\/www.sportchaco.com.ar\/wp-content\/uploads\/2024\/07\/Gobierno-paisaje-1-300x116.png 300w, https:\/\/www.sportchaco.com.ar\/wp-content\/uploads\/2024\/07\/Gobierno-paisaje-1-768x297.png 768w, https:\/\/www.sportchaco.com.ar\/wp-content\/uploads\/2024\/07\/Gobierno-paisaje-1.png 800w\" sizes=\"auto, (max-width: 378px) 100vw, 378px\" \/><\/p>\n","protected":false},"excerpt":{"rendered":"<p>15-08-2024 Sarmiento empieza a perfil el equipo que ir\u00e1 a Pronunciamiento este fin de semana para jugar ante Defensores por la 5\u00aa fecha de la Rev\u00e1lida B del Federal \u00abA\u00bb. La mala noticia en el \u00abdecano\u00bb es la lesi\u00f3n de Franco Dom\u00ednguez qui\u00e9n sufri\u00f3 un desgarro y estar\u00e1 varios partidos ausente. Pero el que Urbina &hellip;<\/p>\n","protected":false},"author":3,"featured_media":12442,"comment_status":"open","ping_status":"open","sticky":false,"template":"","format":"standard","meta":{"footnotes":""},"categories":[5],"tags":[],"class_list":["post-12441","post","type-post","status-publish","format-standard","has-post-thumbnail","hentry","category-futbol"],"_links":{"self":[{"href":"https:\/\/www.sportchaco.com.ar\/index.php?rest_route=\/wp\/v2\/posts\/12441","targetHints":{"allow":["GET"]}}],"collection":[{"href":"https:\/\/www.sportchaco.com.ar\/index.php?rest_route=\/wp\/v2\/posts"}],"about":[{"href":"https:\/\/www.sportchaco.com.ar\/index.php?rest_route=\/wp\/v2\/types\/post"}],"author":[{"embeddable":true,"href":"https:\/\/www.sportchaco.com.ar\/index.php?rest_route=\/wp\/v2\/users\/3"}],"replies":[{"embeddable":true,"href":"https:\/\/www.sportchaco.com.ar\/index.php?rest_route=%2Fwp%2Fv2%2Fcomments&post=12441"}],"version-history":[{"count":2,"href":"https:\/\/www.sportchaco.com.ar\/index.php?rest_route=\/wp\/v2\/posts\/12441\/revisions"}],"predecessor-version":[{"id":12444,"href":"https:\/\/www.sportchaco.com.ar\/index.php?rest_route=\/wp\/v2\/posts\/12441\/revisions\/12444"}],"wp:featuredmedia":[{"embeddable":true,"href":"https:\/\/www.sportchaco.com.ar\/index.php?rest_route=\/wp\/v2\/media\/12442"}],"wp:attachment":[{"href":"https:\/\/www.sportchaco.com.ar\/index.php?rest_route=%2Fwp%2Fv2%2Fmedia&parent=12441"}],"wp:term":[{"taxonomy":"category","embeddable":true,"href":"https:\/\/www.sportchaco.com.ar\/index.php?rest_route=%2Fwp%2Fv2%2Fcategories&post=12441"},{"taxonomy":"post_tag","embeddable":true,"href":"https:\/\/www.sportchaco.com.ar\/index.php?rest_route=%2Fwp%2Fv2%2Ftags&post=12441"}],"curies":[{"name":"wp","href":"https:\/\/api.w.org\/{rel}","templated":true}]}}